{"id":77680,"date":"2014-11-10T12:04:46","date_gmt":"2014-11-10T17:04:46","guid":{"rendered":"http:\/\/www.bibula.com\/?p=77680"},"modified":"2014-11-10T12:04:46","modified_gmt":"2014-11-10T17:04:46","slug":"nie-dla-polskiej-mniejszosci-w-niemczech","status":"publish","type":"post","link":"https:\/\/www.bibula.com\/?p=77680","title":{"rendered":"\u201eNie&#8221; dla polskiej mniejszo\u015bci w Niemczech"},"content":{"rendered":"<p><strong>Niemieckie MSW odrzuci\u0142o wniosek Zwi\u0105zku Polak\u00f3w<\/strong> <strong>o przyznanie mieszkaj\u0105cym w tym kraju Polakom statusu mniejszo\u015bci narodowej. Niewykluczone, \u017ce sprawa b\u0119dzie mia\u0142a sw\u00f3j fina\u0142 w Europejskim Trybunale Praw Cz\u0142owieka w Strasburgu.<\/strong><\/p>\r\n<p>W ocenie niemieckiego MSW, obywatele RFN pochodzenia polskiego, mieszkaj\u0105cy na sta\u0142e w Niemczech, nie spe\u0142niaj\u0105 warunk\u00f3w koniecznych do uznania ich za mniejszo\u015b\u0107 narodow\u0105, nie b\u0119d\u0105c wed\u0142ug strony niemieckiej ludno\u015bci\u0105 \u201erodzim\u0105\u201d i \u201etradycyjnie osiad\u0142\u0105\u201d na tych terenach.<\/p>\r\n<p>Wniosek o wpisanie Polak\u00f3w do rejestru mniejszo\u015bci narodowych z\u0142o\u017cy\u0142 mecenas Stefan Hambura, pe\u0142nomocnik Zwi\u0105zku Polak\u00f3w w Niemczech.<\/p>\r\n<p>&#8211; By\u0107 mo\u017ce Strasburg zastosuje w tej sprawie tak\u0105 interpretacj\u0119 rozszerzaj\u0105c\u0105 i wtedy zamiast mniejszo\u015bci polskiej, by\u0107 mo\u017ce b\u0119d\u0105 w Niemczech jeszcze inne mniejszo\u015bci, jak turecka, hiszpa\u0144ska, portugalska czy w\u0142oska. My\u015bl\u0119, \u017ce ten nasz wniosek, ta nasza, de facto, oferta dla strony niemieckiej jest podaniem r\u0119ki. Bo te inne narodowo\u015bci nie mia\u0142y statusu mniejszo\u015bci przed II wojn\u0105 \u015bwiatow\u0105. Gdyby RFN uzna\u0142a tutaj status mniejszo\u015bci polskiej, mog\u0142aby si\u0119 w ten spos\u00f3b bez problemu wyt\u0142umaczy\u0107 wobec innych narod\u00f3w, gdy\u017c koryguje tylko to, co rozporz\u0105dzenie G\u00f6ringa rozbi\u0142o &#8211; t\u0142umaczy mecenas.<\/p>\r\n<p>Adwokat w uzasadnieniu wniosku zwr\u00f3ci\u0142 uwag\u0119, \u017ce istniej\u0105cy od 1922 roku Zwi\u0105zek Polak\u00f3w w Niemczech zosta\u0142 zlikwidowany po napadzie III Rzeszy na Polsk\u0119, we wrze\u015bniu 1939 roku. Gestapo aresztowa\u0142o w\u00f3wczas blisko 2 tys. dzia\u0142aczy polonijnych; cz\u0119\u015b\u0107 z nich deportowano do oboz\u00f3w koncentracyjnych.<\/p>\r\n<p>27 lutego 1940 roku rz\u0105d niemiecki zakaza\u0142 dzia\u0142alno\u015bci ZPwN i skonfiskowa\u0142 jego maj\u0105tek. Po wojnie dzia\u0142alno\u015b\u0107 Zwi\u0105zku Polak\u00f3w w Niemczech reaktywowano.<\/p>","protected":false},"excerpt":{"rendered":"Niemieckie MSW odrzuci\u0142o wniosek Zwi\u0105zku Polak\u00f3w o przyznanie mieszkaj\u0105cym w tym kraju Polakom statusu mniejszo\u015bci narodowej. Niewykluczone, \u017ce sprawa b\u0119dzie mia\u0142a sw\u00f3j fina\u0142 w Europejskim Trybunale Praw Cz\u0142owieka w Strasburgu. W ocenie niemieckiego MSW, obywatele RFN pochodzenia polskiego, mieszkaj\u0105cy na sta\u0142e w Niemczech, nie spe\u0142niaj\u0105 warunk\u00f3w koniecznych do uznania ich za mniejszo\u015b\u0107 narodow\u0105, nie b\u0119d\u0105c [&hellip;]","protected":false},"author":1,"featured_media":0,"comment_status":"closed","ping_status":"closed","sticky":false,"template":"","format":"standard","meta":{"_acf_changed":false,"_monsterinsights_skip_tracking":false,"ngg_post_thumbnail":0,"footnotes":"","_wp_rev_ctl_limit":""},"categories":[6],"tags":[65,166],"acf":[],"_links":{"self":[{"href":"https:\/\/www.bibula.com\/index.php?rest_route=\/wp\/v2\/posts\/77680"}],"collection":[{"href":"https:\/\/www.bibula.com\/index.php?rest_route=\/wp\/v2\/posts"}],"about":[{"href":"https:\/\/www.bibula.com\/index.php?rest_route=\/wp\/v2\/types\/post"}],"author":[{"embeddable":true,"href":"https:\/\/www.bibula.com\/index.php?rest_route=\/wp\/v2\/users\/1"}],"replies":[{"embeddable":true,"href":"https:\/\/www.bibula.com\/index.php?rest_route=%2Fwp%2Fv2%2Fcomments&post=77680"}],"version-history":[{"count":0,"href":"https:\/\/www.bibula.com\/index.php?rest_route=\/wp\/v2\/posts\/77680\/revisions"}],"wp:attachment":[{"href":"https:\/\/www.bibula.com\/index.php?rest_route=%2Fwp%2Fv2%2Fmedia&parent=77680"}],"wp:term":[{"taxonomy":"category","embeddable":true,"href":"https:\/\/www.bibula.com\/index.php?rest_route=%2Fwp%2Fv2%2Fcategories&post=77680"},{"taxonomy":"post_tag","embeddable":true,"href":"https:\/\/www.bibula.com\/index.php?rest_route=%2Fwp%2Fv2%2Ftags&post=77680"}],"curies":[{"name":"wp","href":"https:\/\/api.w.org\/{rel}","templated":true}]}}