{"id":77639,"date":"2014-11-08T19:34:09","date_gmt":"2014-11-09T00:34:09","guid":{"rendered":"http:\/\/www.bibula.com\/?p=77639"},"modified":"2014-11-08T19:34:09","modified_gmt":"2014-11-09T00:34:09","slug":"wywiad-z-bp-fellayem-po-pielgrzymce-fsspx-do-lourdes","status":"publish","type":"post","link":"https:\/\/www.bibula.com\/?p=77639","title":{"rendered":"Wywiad z bp. Fellayem po pielgrzymce FSSPX do Lourdes"},"content":{"rendered":"<p><strong>W imieniu wiernych, kt\u00f3rzy nie mogli wzi\u0105\u0107 udzia\u0142u w tej wspania\u0142ej pielgrzymce, dzi\u0119kujemy, \u017ce Wasza Ekscelencja zechcia\u0142 udzieli\u0107 wywiadu \u201eLa Porte Latine\u201d. Jak Wasza Ekscelencja podsumowa\u0142by to wydarzenie? <\/strong><\/p>\r\n<table class=\"outset\" style=\"height: 412px;\" width=\"219\" align=\"left\">\r\n<tbody>\r\n<tr>\r\n<td>\r\n<p><img decoding=\"async\" src=\"http:\/\/news.fsspx.pl\/wp-content\/uploads\/IMG_1451-197x300.jpg\" alt=\"\" \/><\/p>\r\n<\/td>\r\n<\/tr>\r\n<tr>\r\n<td>\r\n<p class=\"zrodlo\">Bp Bernard Fellay udziela wiernym zgromadzonym w Bazylice \u015bw. Piusa X w Lourdes b\u0142ogos\u0142awie\u0144stwa Naj\u015bwi\u0119tszym Sakramentem <em>(fot. T. Telszewski)<\/em><\/p>\r\n<\/td>\r\n<\/tr>\r\n<\/tbody>\r\n<\/table>\r\n<p>Rzeczywi\u015bcie, \u201ewspania\u0142a\u201d to w\u0142a\u015bciwe okre\u015blenie. To by\u0142a bardzo, bardzo pi\u0119kna pielgrzymka; zawdzi\u0119czamy j\u0105 po\u0142\u0105czeniu trudu organizator\u00f3w, kt\u00f3rzy zapewnili nam wszystko, co by\u0142o potrzebne, z Bo\u017c\u0105 Opatrzno\u015bci\u0105, kt\u00f3ra sprawi\u0142a, \u017ce cieszyli\u015bmy si\u0119 znakomit\u0105 pogod\u0105; dzi\u0119ki niej ceremonie przebieg\u0142y tak spokojnie, jak to tylko by\u0142o mo\u017cliwe\u2026 Tak, w\u0142a\u015bnie tego s\u0142owa chcia\u0142bym u\u017cy\u0107: spok\u00f3j. By\u0142o bardzo spokojnie i pi\u0119knie. My\u015bl\u0119, \u017ce dzi\u0119ki temu uczestnicy mogli wznie\u015b\u0107 swoje dusze ku Bogu, zjednoczy\u0107 si\u0119 z Nim, dzi\u0119kowa\u0107 Naj\u015bwi\u0119tszej Maryi Pannie i prosi\u0107 J\u0105 o wszystkie \u0142aski, kt\u00f3rych potrzebuj\u0105, kt\u00f3rych my potrzebujemy. To by\u0142a naprawd\u0119 pi\u0119kna pielgrzymka dzi\u0119kczynna.<\/p>\r\n<p><strong>W czasie pielgrzymki zosta\u0142o dokonanych kilka akt\u00f3w konsekracji. Czy Wasza Ekscelencja mo\u017ce co\u015b o tym powiedzie\u0107, bo dotycz\u0105 one wszystkich wiernych zwi\u0105zanych z Bractwem \u015aw. Piusa X? <\/strong><\/p>\r\n<p>W rzeczywisto\u015bci by\u0142y to odnowienia [tych akt\u00f3w]. Wydaje mi si\u0119, \u017ce nie by\u0142y czynione \u017cadne bezpo\u015brednie akty konsekracji poza, by\u0107 mo\u017ce, dzisiejszym, kt\u00f3ry by\u0142 raczej pro\u015bb\u0105 do \u015bw. papie\u017ca Piusa X. Ale, oczywi\u015bcie, on jest naszym patronem i wszystko i tak ju\u017c spoczywa w jego r\u0119kach. Odnowienie po\u015bwi\u0119cenia Bractwa i dystryktu francuskiego Niepokalanemu Sercu N.M.Panny by\u0142o takie samo, jak w Fatimie, gdy\u017c Lourdes jest miejscem objawie\u0144 Matki Bo\u017cej, a przes\u0142anie [tych objawie\u0144] jest w rzeczywisto\u015bci takie samo &#8211; chodzi o pog\u0142\u0119bione, intymne nabo\u017ce\u0144stwo do Naj\u015bwi\u0119tszej Maryi Panny, do Jej Niepokalanego Serca. Tutaj (w Lourdes &#8211; przyp. t\u0142um.) jest [czczone] Niepokalane Serce, a w Fatimie Bolesne i Niepokalane Serce, lecz ta sama Naj\u015bwi\u0119tsza Maryja Panna. Ten akt po\u015bwi\u0119cenia jest dla nas tak wa\u017cny, poniewa\u017c za jego po\u015brednictwem Niebo wskazuje nam \u015brodki, dzi\u0119ki kt\u00f3rym mo\u017cemy zyska\u0107 ochron\u0119 i pomoc w trudnych czasach, w kt\u00f3rych \u017cyjemy. Rzeczywi\u015bcie, Niepokalane Serce jest \u015brodkiem, kt\u00f3ry wskazuj\u0105 nam B\u00f3g i Niebiosa. Mia\u0142o r\u00f3wnie\u017c miejsce po\u015bwi\u0119cenie Naj\u015bwi\u0119tszemu Sercu Pana Jezusa i Chrystusowi Kr\u00f3lowi. Jest to sprawa bardzo nam droga i bardzo wa\u017cna.<\/p>\r\n<p>Przypomina mi to co\u015b bardzo pouczaj\u0105cego, co abp Lefebvre powiedzia\u0142 o walce i o obecnych problemach w Ko\u015bciele; nawi\u0105zuj\u0105c do Chrystusa Kr\u00f3la, rzek\u0142 on: \u201eWszystko idzie ku gorszemu dlatego, \u017ce biskupi, nasi biskupi, kt\u00f3rzy stoj\u0105 na czele Ko\u015bcio\u0142a, w \u017caden spos\u00f3b nie troszcz\u0105 si\u0119 ju\u017c o kr\u00f3lestwo i panowanie naszego Pana Jezusa Chrystusa\u201d i stwierdzi\u0142 nawet, \u017ce nie powinni\u015bmy za nimi pod\u0105\u017ca\u0107.<\/p>\r\n<p>To prawda, \u017ce jest to j\u0119zyk, kt\u00f3ry dzi\u015b w og\u00f3le nie jest rozumiany. My\u015bl\u0119, \u017ce jest to jedno z najwi\u0119kszych nieszcz\u0119\u015b\u0107; to sprowadzenie kr\u00f3lowania naszego Pana, Jezusa Chrystusa, do teorii, kt\u00f3rej ju\u017c nie trzeba stosowa\u0107 w praktyce &#8211; mo\u017ce [dobrej] dla poszczeg\u00f3lnych os\u00f3b, ale gdy chodzi o spo\u0142ecze\u0144stwa, o uznanie, \u017ce spo\u0142ecze\u0144stwa, pa\u0144stwa i narody nale\u017c\u0105 do Pana &#8211; to jest to postrzegane, nawet w Ko\u015bciele, po prostu jako pomys\u0142 rodem z Marsa. To wielka tragedia, bo nasz Zbawiciel jest w\u0142a\u015bnie Panem narod\u00f3w. To On stoi na czele wszystkich narod\u00f3w i na czele Ko\u015bcio\u0142a, i to On jest jednocze\u015bnie Zbawicielem, jedynym, kt\u00f3ry mo\u017ce nas uratowa\u0107. Usuni\u0119cie [spod Jego panowania] cz\u0119\u015bci &#8211; cz\u0119\u015bci, w kt\u00f3rej toczy si\u0119 \u017cycie ludzkie, to znaczy cz\u0119\u015bci \u015bwiata; mamy i dusz\u0119, i cia\u0142o &#8211; jest czym\u015b bardzo powa\u017cnym, jest tym, czego chcieli wrogowie Ko\u015bcio\u0142a: odebraniem naszemu Panu ber\u0142a. Ta walka zosta\u0142a porzucona, a my, pod\u0105\u017caj\u0105c \u015bladami Arcybiskupa, zawsze postrzegali\u015bmy t\u0119 sytuacj\u0119 jako co\u015b bardzo, bardzo gro\u017anego i jeste\u015bmy przekonani, \u017ce mamy racj\u0119. Tak wi\u0119c odnowienie wspomnianych konsekracji &#8211; o co prosi\u0142 papie\u017c Pius XI &#8211; jest bardzo wa\u017cne. To jest demonstracja wobec Niebios, za pomoc\u0105 kt\u00f3rej chcemy powiedzie\u0107: \u201eWielu odwr\u00f3ci\u0142o si\u0119 od Ciebie, ale nie my! My chcemy trwa\u0107 przy Tobie!\u201d.<\/p>\r\n<p><strong>A ta dzisiejsza ostatnia pro\u015bba do \u015bw. Piusa X?<\/strong><\/p>\r\n<p>\u015aw. Pius X jest naszym patronem, zatem z wiar\u0105 prosimy go, aby nas podtrzymywa\u0142, aby nas chroni\u0142, aby anga\u017cowa\u0142 si\u0119 z Nieba w to dzie\u0142o, kt\u00f3re zosta\u0142o powierzone jego patronatowi; pragniemy go na\u015bladowa\u0107 i korzysta\u0107 z jego wstawiennictwa. Ludzie mog\u0105 m\u00f3wi\u0107, co chc\u0105, ale Pius X by\u0142 naprawd\u0119 wielkim, \u015bwi\u0119tym papie\u017cem. Zosta\u0142 kanonizowany dzi\u0119ki temu, jak sprawowa\u0142 swoje kap\u0142a\u0144stwo. Oczywi\u015bcie, papie\u017c jest, \u017ce tak powiem, szczytem kap\u0142a\u0144stwa &#8211; jest <em>pontifex maximus<\/em> &#8211; i to, r\u00f3wnie\u017c, jest ca\u0142y plan. Musimy pami\u0119ta\u0107, \u017ce to on, \u015bw. Pius X, jest naszym wzorem.<\/p>\r\n<p><strong>Katolik\u00f3w, a zw\u0142aszcza wiernych zwi\u0105zanych z Bractwem, nurtuje kilka pyta\u0144 dotycz\u0105cych ostatnich wydarze\u0144. Pierwsze dotyczy chrze\u015bcijan na Bliskim Wschodzie, kt\u00f3rzy s\u0105 teraz brutalnie mordowani. Jaka jest opinia Waszej Ekscelencji na temat tych wydarze\u0144?<\/strong><\/p>\r\n<p>Mam w sobie przede wszystkim ogromne wsp\u00f3\u0142czucie, ale i brak w\u0105tpliwo\u015bci, \u017ce je\u015bli dzi\u015b mamy do czynienia w tych krajach z bardzo agresywnymi formami islamu, to dlatego, \u017ce istniej\u0105cy ustalony porz\u0105dek zosta\u0142 tam &#8211; niedawno &#8211; obalony. A\u017c dot\u0105d chrze\u015bcijanie \u017cyli w tych krajach ciesz\u0105c si\u0119 nale\u017cnym szacunkiem; mo\u017cna powiedzie\u0107, \u017ce by\u0142o tak od pocz\u0105tku. Gdy wraz z Mahometem dotarli tam wyznawcy islamu, to nie byli oni tak barbarzy\u0144scy, jak s\u0105 dzisiaj. To te\u017c jest znak czasu. Powinno to zmusi\u0107 ludzi do refleksji, ale odnosz\u0119 wra\u017cenie, \u017ce ludzie nie my\u015bl\u0105. Wrzucaj\u0105 to do szufladki z napisem \u201eekstremizm\u201d i na tym koniec. A to, co tam si\u0119 dzieje, jest spraw\u0105 bardzo powa\u017cn\u0105 &#8211; naprawd\u0119 bardzo, bardzo powa\u017cn\u0105. I zn\u00f3w, gdy odrzucamy panowanie naszego Pana, to, c\u00f3\u017c, odczuwamy tego konsekwencje, kt\u00f3re z niezwyk\u0142\u0105 wyrazisto\u015bci\u0105 staj\u0105 przed naszymi oczami.<\/p>\r\n<p><strong>W mediach wiele si\u0119 m\u00f3wi o obecnym synodzie (po\u015bwi\u0119conym tematowi rodziny &#8211; przyp. t\u0142um.). Co powinni\u015bmy o nim s\u0105dzi\u0107, czego si\u0119 spodziewa\u0107? <\/strong><\/p>\r\n<p>Nie ma czego si\u0119 spodziewa\u0107 ani na co czeka\u0107. Kierunek zosta\u0142a wytyczony i wszystko jest jasne. Trzeba to powiedzie\u0107. Jest oczywiste, \u017ce chce si\u0119 bagatelizowa\u0107 sytuacj\u0119 tych, kt\u00f3rzy \u017cyj\u0105 w cudzo\u0142\u00f3stwie, w stanie grzechu. Chce si\u0119 to bagatelizowa\u0107 i to jest bardzo, bardzo, bardzo gro\u017ane. Kiedy igra si\u0119 z moralno\u015bci\u0105, igra si\u0119 z Bo\u017cymi przykazaniami.<\/p>\r\n<p>Przez dwa tygodnie o\u015bmielano si\u0119 dyskutowa\u0107 nad kwestiami, kt\u00f3re nie podlegaj\u0105 dyskusji! To jest S\u0142owo Bo\u017ce. Wszystko, co mo\u017cemy powiedzie\u0107, to \u201eamen\u201d. Oczywi\u015bcie, musimy si\u0119 zastanowi\u0107, jak pom\u00f3c tym ludziom (rozwodnikom w nowych zwi\u0105zkach &#8211; przyp. t\u0142um.), zawsze musimy o tym my\u015ble\u0107. Ale na pewno nie zrobimy tego m\u00f3wi\u0105c im, \u017ce drzwi s\u0105 otwarte, podczas gdy nie s\u0105. Drzwi, kt\u00f3re s\u0105 otwarte, to drzwi do piek\u0142a! Ci biskupi, kt\u00f3rzy dzier\u017c\u0105 w\u0142adz\u0119 kluczy, czyli otwierania bram Nieba, zamykaj\u0105 je i otwieraj\u0105 bramy piek\u0142a. Niebywa\u0142e! Szale\u0144stwo, zupe\u0142ne szale\u0144stwo!<\/p>\r\n<p><span class=\"pullquote\"><!-- Je\u015bli mia\u0142o si\u0119 cokolwiek do czynienia z II Soborem Watyka\u0144skim, to jest si\u0119 teraz \u015bwi\u0119tym, beatyfikowanym, kanonizowanym. Zn\u00f3w trywializuje si\u0119 \u015bwi\u0119to\u015b\u0107 --><\/span><\/p>\r\n<p>Jak ju\u017c powiedzia\u0142em, kierunek zosta\u0142 wytyczony. To prawda, \u017ce \u201d\u2039\u201d\u2039ten synod nie mia\u0142 podj\u0105\u0107 decyzji; mia\u0142 zrobi\u0107 pierwszy krok i zrobi\u0142 go &#8211; kierunek zosta\u0142 obrany i nietrudno odgadn\u0105\u0107, do czego doprowadzi kolejny synod. Chyba, \u017ce nast\u0105pi o wiele silniejsza reakcja ni\u017c widzimy to dzisiaj, ale w\u0105tpi\u0119, by tak mia\u0142o by\u0107. Niestety, nie b\u0119dzie!<\/p>\r\n<p><strong>Co mamy s\u0105dzi\u0107 o beatyfikacji papie\u017ca Paw\u0142a VI? <\/strong><\/p>\r\n<p>To jest po prostu niepowa\u017cne. Wniosek jest taki, \u017ce ka\u017cdy mo\u017ce zosta\u0107 \u015bwi\u0119tym, zw\u0142aszcza je\u015bli jest zwolennikiem <em>Vaticanum II<\/em>! Je\u015bli mia\u0142o si\u0119 cokolwiek do czynienia z II Soborem Watyka\u0144skim, to jest si\u0119 teraz \u015bwi\u0119tym, beatyfikowanym, kanonizowanym. Zn\u00f3w trywializuje si\u0119 \u015bwi\u0119to\u015b\u0107. Tu ju\u017c nie ma nic z powagi, to jest wprost niepowa\u017cne! To rani, to g\u0142\u0119boko nas rani. Religia jest wykpiwana. \u015awi\u0119ty musi \u015bwieci\u0107 przyk\u0142adem swych cn\u00f3t, heroiczno\u015bci\u0105 cn\u00f3t &#8211; musi by\u0107 przyk\u0142adem do na\u015bladowania. To smutne, ale to, co si\u0119 dokona\u0142o, nie jest powa\u017cne.<\/p>\r\n<p><strong>Zako\u0144czmy, nawi\u0105zuj\u0105c do zauwa\u017conych przez media s\u0142\u00f3w Waszej Ekscelencji, kt\u00f3re pad\u0142y podczas wczorajszego kazania: \u201eNie b\u00f3jcie si\u0119!\u201d. Czy Wasza Ekscelencja mo\u017ce powiedzie\u0107 wiernym, kt\u00f3rzy nie uczestniczyli w tej Mszy, co powinni zapami\u0119ta\u0107? <\/strong><\/p>\r\n<p>To, co powiedzia\u0142em, musi by\u0107 w\u0142a\u015bciwie rozumiane. Nie wystarczy powiedzie\u0107 tak po prostu \u201enie b\u00f3jcie si\u0119\u201d. Powiedzia\u0142em, \u017ce po ludzku rzecz bior\u0105c jest bardzo wiele powa\u017cnych powod\u00f3w do obaw, ale musimy odpowiedzie\u0107 na ten ludzki strach z nadprzyrodzonego punktu widzenia, s\u0142uchaj\u0105c Pana, kt\u00f3ry wiedzia\u0142, \u017ce Aposto\u0142owie si\u0119 bali; ten strach nie jest niczym nowym. Ten strach by\u0142 odczuwany ju\u017c od czas\u00f3w Aposto\u0142\u00f3w. Jest on jedn\u0105 z najpot\u0119\u017cniejszych broni wrog\u00f3w Ko\u015bcio\u0142a, zw\u0142aszcza diab\u0142a, kt\u00f3ry parali\u017cuje apostolsk\u0105 dzia\u0142alno\u015b\u0107 Ko\u015bcio\u0142a. Pr\u00f3buje przestraszy\u0107, przerazi\u0107. Musimy przezwyci\u0119\u017cy\u0107 ten strach, ale nie ludzkim sposobem. Ludzie s\u0105 kuszeni albo po to, by ulegli strachowi przed otaczaj\u0105c\u0105 ich rzeczywisto\u015bci\u0105, albo \u017ceby sami pr\u00f3bowali rozwi\u0105za\u0107 swoje problemy. W obu tych przypadkach adekwatn\u0105 odpowiedzi\u0105 jest ta dana przez naszego Pana &#8211; \u201eNie b\u00f3jcie si\u0119\u201d, poniewa\u017c to u Niego musimy szuka\u0107 pomocy. <em>Adiutorium nostrum in Nomine Domini<\/em> &#8211; wspomo\u017cenie nasze w Imieniu Pana.<\/p>\r\n<p>Musimy kierowa\u0107 wzrok ku Bogu. A w czasie kryzysu, tak strasznego jak ten, to jedyne, co nam pozosta\u0142o. Patrz\u0105c po ludzku to jest to koniec, nie ma nadziei. Sytuacja Ko\u015bcio\u0142a jest nies\u0142ychan\u0105 katastrof\u0105. Naprawd\u0119 s\u0105 powody do strachu. Ale nie mamy prawa da\u0107 si\u0119 sparali\u017cowa\u0107, musimy i\u015b\u0107 do przodu, musimy dokona\u0107 rekonkwisty, a to mo\u017cna zrobi\u0107 tylko w imi\u0119 Pana, kieruj\u0105c wzroku ku Bogu i wygl\u0105daj\u0105c obiecanej przez Niego pomocy.<\/p>\r\n<p>Gdy B\u00f3g nakaza\u0142 uczniom i\u015b\u0107 na ca\u0142y \u015bwiat, powiedzia\u0142 im: \u201enie b\u00f3jcie si\u0119\u201d, ale r\u00f3wnie\u017c: \u201emo\u017cecie na Mnie polega\u0107, zawsze b\u0119d\u0119 w\u015br\u00f3d was\u201d. To jest prawdziwe przes\u0142anie, a nie tylko \u201enie b\u00f3jcie si\u0119\u201d.<\/p>\r\n<p><small>Wywiad dla \u201eLa Porte Latine\u201d, przeprowadzony 27 pa\u017adziernika 2014 r. przez Jana Paw\u0142a Buffeta i Jakuba Buffeta.<\/small><\/p>\r\n<p><strong>\u0179r\u00f3d\u0142a<\/strong><\/p>\r\n<ul>\r\n<li><a href=\"http:\/\/www.dici.org\/en\/documents\/in-lourdes-under-the-standard-of-christ-the-king\/\/\">In Lourdes, Under the Standard of Christ the King<\/a><\/li>\r\n<li><a href=\"http:\/\/laportelatine.org\/publications\/entret\/2014\/entretien_exclusif_mgr_fellay_lourdes_lpl_141027\/entretien_ecrit_exclusif_mgr_fellay_lourdes_lpl_141027.php\/\">Lourdes, le 27 octobre 2014 &#8211; Entretien exclusif donn\u00c3\u00a9 par Mgr Fellay \u00c3\u00a0 La Porte Latine<\/a><\/li>\r\n<\/ul>","protected":false},"excerpt":{"rendered":"W imieniu wiernych, kt\u00f3rzy nie mogli wzi\u0105\u0107 udzia\u0142u w tej wspania\u0142ej pielgrzymce, dzi\u0119kujemy, \u017ce Wasza Ekscelencja zechcia\u0142 udzieli\u0107 wywiadu \u201eLa Porte Latine\u201d. Jak Wasza Ekscelencja podsumowa\u0142by to wydarzenie? Bp Bernard Fellay udziela wiernym zgromadzonym w Bazylice \u015bw. Piusa X w Lourdes b\u0142ogos\u0142awie\u0144stwa Naj\u015bwi\u0119tszym Sakramentem (fot. T. Telszewski) Rzeczywi\u015bcie, \u201ewspania\u0142a\u201d to w\u0142a\u015bciwe okre\u015blenie. To by\u0142a bardzo, [&hellip;]","protected":false},"author":1,"featured_media":0,"comment_status":"closed","ping_status":"closed","sticky":false,"template":"","format":"standard","meta":{"_acf_changed":false,"_monsterinsights_skip_tracking":false,"_monsterinsights_sitenote_active":false,"_monsterinsights_sitenote_note":"","_monsterinsights_sitenote_category":0,"ngg_post_thumbnail":0,"footnotes":"","_wp_rev_ctl_limit":""},"categories":[3],"tags":[32],"acf":[],"_links":{"self":[{"href":"https:\/\/www.bibula.com\/index.php?rest_route=\/wp\/v2\/posts\/77639"}],"collection":[{"href":"https:\/\/www.bibula.com\/index.php?rest_route=\/wp\/v2\/posts"}],"about":[{"href":"https:\/\/www.bibula.com\/index.php?rest_route=\/wp\/v2\/types\/post"}],"author":[{"embeddable":true,"href":"https:\/\/www.bibula.com\/index.php?rest_route=\/wp\/v2\/users\/1"}],"replies":[{"embeddable":true,"href":"https:\/\/www.bibula.com\/index.php?rest_route=%2Fwp%2Fv2%2Fcomments&post=77639"}],"version-history":[{"count":0,"href":"https:\/\/www.bibula.com\/index.php?rest_route=\/wp\/v2\/posts\/77639\/revisions"}],"wp:attachment":[{"href":"https:\/\/www.bibula.com\/index.php?rest_route=%2Fwp%2Fv2%2Fmedia&parent=77639"}],"wp:term":[{"taxonomy":"category","embeddable":true,"href":"https:\/\/www.bibula.com\/index.php?rest_route=%2Fwp%2Fv2%2Fcategories&post=77639"},{"taxonomy":"post_tag","embeddable":true,"href":"https:\/\/www.bibula.com\/index.php?rest_route=%2Fwp%2Fv2%2Ftags&post=77639"}],"curies":[{"name":"wp","href":"https:\/\/api.w.org\/{rel}","templated":true}]}}