{"id":77633,"date":"2014-11-07T09:20:57","date_gmt":"2014-11-07T14:20:57","guid":{"rendered":"http:\/\/www.bibula.com\/?p=77633"},"modified":"2014-11-07T09:30:04","modified_gmt":"2014-11-07T14:30:04","slug":"niemiecka-bezczelnosc-w-praktyce","status":"publish","type":"post","link":"https:\/\/www.bibula.com\/?p=77633","title":{"rendered":"Niemiecka bezczelno\u015b\u0107 w praktyce"},"content":{"rendered":"<p><strong> Czy w Polsce szykuje si\u0119 precedensowy pozew, pokazuj\u0105cy skal\u0119 niemieckiej bezczelno\u015bci? Jeden z Niemc\u00f3w poczu\u0142 si\u0119 ura\u017cony berli\u0144sk\u0105 wystaw\u0105 o Powstaniu Warszawskim. Mo\u017ce wytoczy\u0107 proces Muzeum Powstania Warszawskiego. <\/strong><\/p>\r\n<p>O szczeg\u00f3\u0142ach tej szokuj\u0105cej sprawy opowiedzia\u0142 Jan O\u0142dakowski dyrektor Muzeum Powstania Warszawskiego w Poranku WNET.<\/p>\r\n<p>Sprawa dotyczy Reinera Stahela, kt\u00f3ry na berli\u0144skiej wystawie zosta\u0142 nazwany zbrodniarzem wojennym. To okre\u015blenie wywo\u0142a\u0142o sprzeciw kuzyn Stahela &#8211; Christopha Broszeisa. Wys\u0142a\u0142 on do organizator\u00f3w maila, by Stahela nie nazywano zbrodniarzem. Powo\u0142uje si\u0119 na fakt, \u017ce nigdy nie zosta\u0142 on skazany prawomocnym wyrokiem. Problem w tym, \u017ce nawet najwi\u0119ksi niemieccy zbrodniarze nie zawsze byli skazywani przed s\u0105dami.<\/p>\r\n<p>Nie ma \u017cadnych w\u0105tpliwo\u015bci, \u017ce Reinera Stahela mo\u017cna nazwa\u0107 <strong>wojennym zbrodniarzem<\/strong>. To on odpowiada\u0142 za szereg zbrodni pope\u0142nionych wobec cywilnej ludno\u015bci Warszawy. 2 sierpnia osobi\u015bcie wyda\u0142 rozkaz zabijania wszystkich m\u0119\u017cczyzn, uznanych za rzeczywistych lub potencjalnych powsta\u0144c\u00f3w oraz brania zak\u0142adnik\u00f3w spo\u015br\u00f3d ludno\u015bci cywilnej, do wykorzystania ich jako \u017cywych os\u0142on w atakach niemieckich na pozycje powsta\u0144cze. To r\u00f3wnie\u017c Stahel nakaza\u0142 zlikwidowa\u0107 polskich wi\u0119\u017ani\u00f3w, przetrzymywanych w zak\u0142adzie karnym przy ulicy Rakowieckiej na Mokotowie oraz usankcjonowa\u0142 grabie\u017ce dokonywane przez niemieckich \u017co\u0142nierzy, pozwalaj\u0105c im zabiera\u0107 wszystko co zechc\u0105 z tych dom\u00f3w, w kt\u00f3rych zacz\u0105\u0142 si\u0119 po\u017car.<\/p>\r\n<p>Jednak dla niemieckiego kuzyna Stahela dzia\u0142alno\u015b\u0107 Reinera nie jest powodem, by nazywa\u0107 go zbrodniarzem. Dla wsp\u00f3\u0142czesnych Niemc\u00f3w zbrodnie z czas\u00f3w II wojny to jaka\u015b wyprana z narodowo\u015bci historia.<\/p>\r\n<p>Jan O\u0142dakowski pytany w Radiu Wnet o \u015bwiadomo\u015b\u0107 Niemc\u00f3w, je\u015bli chodzi o Powstanie Warszawskie, odpar\u0142: \u201ePo\u0142owa berli\u0144czyk\u00f3w deklaruje, \u017ce s\u0142ysza\u0142a o Powstaniu Warszawskim, cho\u0107 czasami &#8211; by\u0107 mo\u017ce trzeba to jeszcze socjologicznie sprawdzi\u0107 &#8211; myl\u0105 im si\u0119 powstania; by\u0107 mo\u017ce myl\u0105 z Powstaniem w Getcie, ale deklaruj\u0105, \u017ce s\u0142yszeli o Powstaniu Warszawskim 1944 roku. Gdyby to si\u0119 okaza\u0142o prawd\u0105, to jest to przyzwoity wynik. Zak\u0142adali\u015bmy, \u017ce b\u0119dzie wielokrotnie gorszy\u201d &#8211; t\u0142umaczy zachowuj\u0105c optymizm O\u0142dakowski.<\/p>\r\n<p>Jednak historia kuzyna niemieckiego zbrodniarza, kt\u00f3ry rozwa\u017ca pozew wobec MPW pokazuje, \u017ce kampania bezczelnego k\u0142amstwa w polityce historycznej Niemiec daje owoce. Mo\u017ce czas wreszcie si\u0119 obudzi\u0107 i zacz\u0105\u0107 walczy\u0107 o polski, w tym przypadku jedyny prawdziwy, punkt widzenia.<\/p>\r\n<p>TK<\/p>","protected":false},"excerpt":{"rendered":"Czy w Polsce szykuje si\u0119 precedensowy pozew, pokazuj\u0105cy skal\u0119 niemieckiej bezczelno\u015bci? Jeden z Niemc\u00f3w poczu\u0142 si\u0119 ura\u017cony berli\u0144sk\u0105 wystaw\u0105 o Powstaniu Warszawskim. Mo\u017ce wytoczy\u0107 proces Muzeum Powstania Warszawskiego. O szczeg\u00f3\u0142ach tej szokuj\u0105cej sprawy opowiedzia\u0142 Jan O\u0142dakowski dyrektor Muzeum Powstania Warszawskiego w Poranku WNET. Sprawa dotyczy Reinera Stahela, kt\u00f3ry na berli\u0144skiej wystawie zosta\u0142 nazwany zbrodniarzem wojennym. [&hellip;]","protected":false},"author":1,"featured_media":0,"comment_status":"closed","ping_status":"closed","sticky":false,"template":"","format":"standard","meta":{"_acf_changed":false,"_monsterinsights_skip_tracking":false,"_monsterinsights_sitenote_active":false,"_monsterinsights_sitenote_note":"","_monsterinsights_sitenote_category":0,"ngg_post_thumbnail":0,"footnotes":"","_wp_rev_ctl_limit":""},"categories":[8],"tags":[65,166,124,92,102,59],"acf":[],"_links":{"self":[{"href":"https:\/\/www.bibula.com\/index.php?rest_route=\/wp\/v2\/posts\/77633"}],"collection":[{"href":"https:\/\/www.bibula.com\/index.php?rest_route=\/wp\/v2\/posts"}],"about":[{"href":"https:\/\/www.bibula.com\/index.php?rest_route=\/wp\/v2\/types\/post"}],"author":[{"embeddable":true,"href":"https:\/\/www.bibula.com\/index.php?rest_route=\/wp\/v2\/users\/1"}],"replies":[{"embeddable":true,"href":"https:\/\/www.bibula.com\/index.php?rest_route=%2Fwp%2Fv2%2Fcomments&post=77633"}],"version-history":[{"count":0,"href":"https:\/\/www.bibula.com\/index.php?rest_route=\/wp\/v2\/posts\/77633\/revisions"}],"wp:attachment":[{"href":"https:\/\/www.bibula.com\/index.php?rest_route=%2Fwp%2Fv2%2Fmedia&parent=77633"}],"wp:term":[{"taxonomy":"category","embeddable":true,"href":"https:\/\/www.bibula.com\/index.php?rest_route=%2Fwp%2Fv2%2Fcategories&post=77633"},{"taxonomy":"post_tag","embeddable":true,"href":"https:\/\/www.bibula.com\/index.php?rest_route=%2Fwp%2Fv2%2Ftags&post=77633"}],"curies":[{"name":"wp","href":"https:\/\/api.w.org\/{rel}","templated":true}]}}