{"id":7759,"date":"2009-03-16T10:11:26","date_gmt":"2009-03-16T15:11:26","guid":{"rendered":"http:\/\/www.bibula.com\/?p=7759"},"modified":"2009-03-16T10:11:26","modified_gmt":"2009-03-16T15:11:26","slug":"kolumbia-zamach-na-kaplana-podczas-mszy-sw","status":"publish","type":"post","link":"https:\/\/www.bibula.com\/?p=7759","title":{"rendered":"Kolumbia: zamach na kap\u0142ana podczas Mszy \u015bw."},"content":{"rendered":"<p><strong>Trwa czarna seria zamach\u00f3w na kap\u0142an\u00f3w. Wiele szcz\u0119\u015bcia w nieszcz\u0119\u015bciu mia\u0142 kolumbijski duchowny ks. Alirio Ram\u00c3\u00adrez, zaatakowany przez niezr\u00f3wnowa\u017conego osobnika &#8211; informuje Radio Watyka\u0144skie.<br \/>\r\n <\/strong> <br \/>\r\n Do wydarzenia dosz\u0142o 8 marca podczas niedzielnej Mszy \u015bw. w mie\u015bcie Risaralda w \u015brodkowej cz\u0119\u015bci Kolumbii. Dwudziestokilkuletni napastnik wtargn\u0105\u0142 do ko\u015bcio\u0142a w czasie liturgii. Krzycz\u0105c, \u017ce jego zadaniem jest pozabija\u0107 wszystkich ksi\u0119\u017cy, rzuci\u0142 si\u0119 na celebransa i zada\u0142 mu kilka cios\u00f3w no\u017cem. Napastnika obezw\u0142adnili wierni, a ks. Ram\u00c3\u00adrez z ranami nie zagra\u017caj\u0105cymi \u017cyciu znalaz\u0142 si\u0119 w szpitalu.<br \/>\r\n <br \/>\r\n \u0179r\u00f3d\u0142o: Radio Watyka\u0144skie<\/p>\r\n\r\n<p>Za: <a href=\"http:\/\/www.piotrskarga.pl\/ps,3219,2,0,1,I,informacje.html\" target=\"_blank\">PiotrSkarga.pl<\/a><\/p>","protected":false},"excerpt":{"rendered":"Trwa czarna seria zamach\u00f3w na kap\u0142an\u00f3w. Wiele szcz\u0119\u015bcia w nieszcz\u0119\u015bciu mia\u0142 kolumbijski duchowny ks. Alirio Ram\u00c3\u00adrez, zaatakowany przez niezr\u00f3wnowa\u017conego osobnika &#8211; informuje Radio Watyka\u0144skie. Do wydarzenia dosz\u0142o 8 marca podczas niedzielnej Mszy \u015bw. w mie\u015bcie Risaralda w \u015brodkowej cz\u0119\u015bci Kolumbii. Dwudziestokilkuletni napastnik wtargn\u0105\u0142 do ko\u015bcio\u0142a w czasie liturgii. Krzycz\u0105c, \u017ce jego zadaniem jest pozabija\u0107 wszystkich [&hellip;]","protected":false},"author":1,"featured_media":0,"comment_status":"closed","ping_status":"closed","sticky":false,"template":"","format":"standard","meta":{"_acf_changed":false,"_monsterinsights_skip_tracking":false,"_monsterinsights_sitenote_active":false,"_monsterinsights_sitenote_note":"","_monsterinsights_sitenote_category":0,"ngg_post_thumbnail":0,"footnotes":"","_wp_rev_ctl_limit":""},"categories":[3],"tags":[100],"acf":[],"_links":{"self":[{"href":"https:\/\/www.bibula.com\/index.php?rest_route=\/wp\/v2\/posts\/7759"}],"collection":[{"href":"https:\/\/www.bibula.com\/index.php?rest_route=\/wp\/v2\/posts"}],"about":[{"href":"https:\/\/www.bibula.com\/index.php?rest_route=\/wp\/v2\/types\/post"}],"author":[{"embeddable":true,"href":"https:\/\/www.bibula.com\/index.php?rest_route=\/wp\/v2\/users\/1"}],"replies":[{"embeddable":true,"href":"https:\/\/www.bibula.com\/index.php?rest_route=%2Fwp%2Fv2%2Fcomments&post=7759"}],"version-history":[{"count":0,"href":"https:\/\/www.bibula.com\/index.php?rest_route=\/wp\/v2\/posts\/7759\/revisions"}],"wp:attachment":[{"href":"https:\/\/www.bibula.com\/index.php?rest_route=%2Fwp%2Fv2%2Fmedia&parent=7759"}],"wp:term":[{"taxonomy":"category","embeddable":true,"href":"https:\/\/www.bibula.com\/index.php?rest_route=%2Fwp%2Fv2%2Fcategories&post=7759"},{"taxonomy":"post_tag","embeddable":true,"href":"https:\/\/www.bibula.com\/index.php?rest_route=%2Fwp%2Fv2%2Ftags&post=7759"}],"curies":[{"name":"wp","href":"https:\/\/api.w.org\/{rel}","templated":true}]}}