{"id":77449,"date":"2014-10-28T16:04:18","date_gmt":"2014-10-28T20:04:18","guid":{"rendered":"http:\/\/www.bibula.com\/?p=77449"},"modified":"2014-10-28T16:16:47","modified_gmt":"2014-10-28T20:16:47","slug":"rozmiekczanie-doktryny-w-polsce-trwa","status":"publish","type":"post","link":"https:\/\/www.bibula.com\/?p=77449","title":{"rendered":"Rozmi\u0119kczanie doktryny w Polsce trwa"},"content":{"rendered":"<p><strong>Inauguracja Roku Akademickiego WSKSiM w Toruniu.<\/strong><\/p>\r\n<p>Wyk\u0142ad inauguracyjny sekretarza Synodu ds. Rodziny, abpa Brunona Forte, autora skandalicznych stwierdze\u0144 w synodalnym <i>disceptatio<\/i>, sprzecznych z zasadami wiary katolickiej. Przyje\u017cd\u017ca biskup z Rzymu i niedwuznacznie namawia m\u0142odzie\u017c do aktywnego wypowiadania si\u0119 i domagania si\u0119 zmiany nauczania Ko\u015bcio\u0142a&#8230;<\/p>\r\n<p>I kogo\u015b takiego wiod\u0105ca polska uczelnia katolicka zaprasza, aby m\u0105ci\u0142 studentom w g\u0142owach&#8230;<\/p>\r\n<p>Pozostaje mi jedynie zaapelowa\u0107 do Konferencji Episkopatu Polski, aby ten herezjarcha w trybie natychmiastowym otrzyma\u0142 zakaz wst\u0119pu z wyk\u0142adami na jak\u0105kolwiek uczelni\u0119 teologiczn\u0105 w Polsce.\u00a0<\/p>\r\n<p>&nbsp;<\/p>\r\n<p>[youtube 20L8NB90fDc]<\/p>\r\n<p>Czytelnicy pisz\u0105:<\/p>\r\n<p style=\"padding-left: 30px;\">Szanowny Panie,<\/p>\r\n<p style=\"padding-left: 30px;\">Pod niniejszym adresem:<\/p>\r\n<p style=\"padding-left: 30px;\"><a href=\"https:\/\/www.youtube.com\/watch?v=20L8NB90fDc\" target=\"_blank\">https:\/\/www.youtube.com\/watch?<wbr \/>v=20L8NB90fDc<\/a><\/p>\r\n<p style=\"padding-left: 30px;\">dost\u0119pny jest wyk\u0142ad na temat synodu o rodzinie. Szczeg\u00f3lnie ciekawy jest fragment (9-10 min.), kiedy ks. abp., powo\u0142uj\u0105c si\u0119 na kard. Ratzingera, zastanawia si\u0119, czy ma\u0142\u017ce\u0144stwo &#8222;celebrowane bez wiary&#8221; jest wa\u017cne (co w takim razie z Msz\u0105 \u015bw. celebrowan\u0105 bez wiary?). B\u0119d\u0119 wdzi\u0119czny za kr\u00f3tki komentarz, zw\u0142aszcza, \u017ce wydaje si\u0119, i\u017c to w\u0142a\u015bnie na tym odcinku nale\u017cy spodziewa\u0107 si\u0119 ofensywy &#8222;duszpasterskiego podej\u015bcia&#8221; w stosunku do cudzo\u0142o\u017cnik\u00f3w.<\/p>\r\n<p style=\"padding-left: 30px;\">Po 43 min. mo\u017cna natomiast pos\u0142ucha\u0107, jak przez rok Ko\u015bci\u00f3\u0142 b\u0119dzie si\u0119 zastanawia\u0142, czy trwanie w grzechu ci\u0119\u017ckim jest jeszcze przeszkod\u0105 w przyj\u0119cia Naj\u015bwi\u0119tszego Sakramentu. (&#8230;)<\/p>\r\n<p style=\"padding-left: 30px;\">\u00a0<\/p>\r\n<p><em>Napisa\u0142 Dextimus dnia <a href=\"http:\/\/breviarium.blogspot.com\/2014\/10\/rozmiekczanie-doktryny-w-polsce-trwa.html\" rel=\"bookmark\">28.10.14<\/a><\/em><\/p>\r\n<p class=\"zrodlo\">Za: <a href=\"http:\/\/breviarium.blogspot.com\/2014\/10\/rozmiekczanie-doktryny-w-polsce-trwa.html\">Breviarium &#8211; dawniej: Kronika Novus Ordo (28 pa\u017adziernika 2014)<\/a><\/p>\r\n<blockquote>\r\n<p><strong>KOMENTARZ <em>BIBU\u0141Y<\/em><\/strong>: Oto kolejny przyk\u0142ad, jak &#8222;dzie\u0142o Radia Maryja&#8221; &#8211; czyli w tym przypadku Wy\u017csza Szko\u0142a Kultury Spo\u0142ecznej i Medialnej w Toruniu &#8211; s\u0142u\u017cy destabilizacji katolicyzmu w Polsce. Czo\u0142obitno\u015b\u0107 wobec ka\u017cdego liberalnego hierarchy z Watykanu, i wr\u0119cz wrogo\u015b\u0107 wobec ka\u017cdego powiewu tradycjonalistycznego my\u015blenia &#8211; oto zakres dzia\u0142ania Radia Maryja.<\/p>\r\n<p>Radio Maryja, wraz jej dzie\u0142ami, nie zdoby\u0142o si\u0119 w ci\u0105gu 22 swego istnienia na cho\u0107by jedn\u0105, pojedyncz\u0105 audycj\u0119 przybli\u017caj\u0105c\u0105 s\u0142uchaczom Msz\u0119 \u015bwi\u0119t\u0105 odprawian\u0105 przez niemal ca\u0142\u0105 histori\u0119 Ko\u015bcio\u0142a &#8211; minus ostatnie 45 lat. Innymi s\u0142owy, &#8222;Ko\u015bci\u00f3\u0142&#8221; dla Radia Maryja zamyka si\u0119 w ramach: Sob\u00f3r Watyka\u0144ski II &#8211; pontyfikat Jana Paw\u0142a II &#8211; kult &#8222;\u015bwi\u0119tego Jana Paw\u0142a II&#8221;. I w tym duchu kszta\u0142tuj\u0105 miliony s\u0142uchaczy, staj\u0105c si\u0119 przez to coraz gro\u017aniejsz\u0105 dla katolicyzmu w Polsce sekt\u0105.<\/p>\r\n<\/blockquote>","protected":false},"excerpt":{"rendered":"Inauguracja Roku Akademickiego WSKSiM w Toruniu. Wyk\u0142ad inauguracyjny sekretarza Synodu ds. Rodziny, abpa Brunona Forte, autora skandalicznych stwierdze\u0144 w synodalnym disceptatio, sprzecznych z zasadami wiary katolickiej. Przyje\u017cd\u017ca biskup z Rzymu i niedwuznacznie namawia m\u0142odzie\u017c do aktywnego wypowiadania si\u0119 i domagania si\u0119 zmiany nauczania Ko\u015bcio\u0142a&#8230; I kogo\u015b takiego wiod\u0105ca polska uczelnia katolicka zaprasza, aby m\u0105ci\u0142 studentom [&hellip;]","protected":false},"author":1,"featured_media":0,"comment_status":"closed","ping_status":"closed","sticky":false,"template":"","format":"standard","meta":{"_acf_changed":false,"_monsterinsights_skip_tracking":false,"_monsterinsights_sitenote_active":false,"_monsterinsights_sitenote_note":"","_monsterinsights_sitenote_category":0,"ngg_post_thumbnail":0,"footnotes":"","_wp_rev_ctl_limit":""},"categories":[5],"tags":[92,83,33],"acf":[],"_links":{"self":[{"href":"https:\/\/www.bibula.com\/index.php?rest_route=\/wp\/v2\/posts\/77449"}],"collection":[{"href":"https:\/\/www.bibula.com\/index.php?rest_route=\/wp\/v2\/posts"}],"about":[{"href":"https:\/\/www.bibula.com\/index.php?rest_route=\/wp\/v2\/types\/post"}],"author":[{"embeddable":true,"href":"https:\/\/www.bibula.com\/index.php?rest_route=\/wp\/v2\/users\/1"}],"replies":[{"embeddable":true,"href":"https:\/\/www.bibula.com\/index.php?rest_route=%2Fwp%2Fv2%2Fcomments&post=77449"}],"version-history":[{"count":0,"href":"https:\/\/www.bibula.com\/index.php?rest_route=\/wp\/v2\/posts\/77449\/revisions"}],"wp:attachment":[{"href":"https:\/\/www.bibula.com\/index.php?rest_route=%2Fwp%2Fv2%2Fmedia&parent=77449"}],"wp:term":[{"taxonomy":"category","embeddable":true,"href":"https:\/\/www.bibula.com\/index.php?rest_route=%2Fwp%2Fv2%2Fcategories&post=77449"},{"taxonomy":"post_tag","embeddable":true,"href":"https:\/\/www.bibula.com\/index.php?rest_route=%2Fwp%2Fv2%2Ftags&post=77449"}],"curies":[{"name":"wp","href":"https:\/\/api.w.org\/{rel}","templated":true}]}}