{"id":77253,"date":"2014-10-17T15:20:25","date_gmt":"2014-10-17T19:20:25","guid":{"rendered":"http:\/\/www.bibula.com\/?p=77253"},"modified":"2014-10-17T15:20:25","modified_gmt":"2014-10-17T19:20:25","slug":"putin-mam-nadzieje-ze-nasi-partnerzy-wiedza-czym-konczy-sie-konflikt-miedzy-mocarstwami-atomowymi","status":"publish","type":"post","link":"https:\/\/www.bibula.com\/?p=77253","title":{"rendered":"Putin: mam nadziej\u0119, \u017ce nasi partnerzy wiedz\u0105, czym ko\u0144czy si\u0119 konflikt mi\u0119dzy mocarstwami atomowymi"},"content":{"rendered":"<p><strong>W\u0142adimir Putin udzieli\u0142 wywiadu serbskiemu wydaniu &#8222;Polityka&#8221;, w kt\u00f3rym wyrazi\u0142 opini\u0119, i\u017c Majdan by\u0142 aktywnie wspierany przez Stany Zjednoczone. Przestrzeg\u0142 te\u017c przed konsekwencj\u0105 konfliktu mocarstw atomowych dla stabilno\u015bci \u0142adu \u015bwiatowego.<\/strong><\/p>\r\n<p>Prezydent Federacji Rosyjskiej stwierdzi\u0142, \u017ce Majdan by\u0142 aktywnie wspierany przez Waszyngton, za\u015b nowe w\u0142adze Ukrainy zrazi\u0142y do siebie wi\u0119kszo\u015b\u0107 obywateli tego kraju nacjonalizmem, kt\u00f3ry doprowadzi\u0142 do wojny domowej. Putin uwa\u017ca, \u017ce teraz za jej wybuch obarczana jest Moskwa.<\/p>\r\n<p><em>Mamy nadziej\u0119, \u017ce partnerzy zdaj\u0105 sobie spraw\u0119 z bezmylno\u015bci w podejmowaniu pr\u00f3b szanta\u017cowania Rosji, wspomn\u0119, czym skutkuje konflikt mi\u0119dzy mocarstwami atomowymi dla stretegicznej stabilno\u015bci<\/em> &#8211; powiedzia\u0142 Putin.<\/p>\r\n<p>Kresy.pl<\/p>","protected":false},"excerpt":{"rendered":"W\u0142adimir Putin udzieli\u0142 wywiadu serbskiemu wydaniu &#8222;Polityka&#8221;, w kt\u00f3rym wyrazi\u0142 opini\u0119, i\u017c Majdan by\u0142 aktywnie wspierany przez Stany Zjednoczone. Przestrzeg\u0142 te\u017c przed konsekwencj\u0105 konfliktu mocarstw atomowych dla stabilno\u015bci \u0142adu \u015bwiatowego. Prezydent Federacji Rosyjskiej stwierdzi\u0142, \u017ce Majdan by\u0142 aktywnie wspierany przez Waszyngton, za\u015b nowe w\u0142adze Ukrainy zrazi\u0142y do siebie wi\u0119kszo\u015b\u0107 obywateli tego kraju nacjonalizmem, kt\u00f3ry doprowadzi\u0142 [&hellip;]","protected":false},"author":1,"featured_media":0,"comment_status":"closed","ping_status":"closed","sticky":false,"template":"","format":"standard","meta":{"_acf_changed":false,"_monsterinsights_skip_tracking":false,"_monsterinsights_sitenote_active":false,"_monsterinsights_sitenote_note":"","_monsterinsights_sitenote_category":0,"ngg_post_thumbnail":0,"footnotes":"","_wp_rev_ctl_limit":""},"categories":[6],"tags":[84,141,167,221],"acf":[],"_links":{"self":[{"href":"https:\/\/www.bibula.com\/index.php?rest_route=\/wp\/v2\/posts\/77253"}],"collection":[{"href":"https:\/\/www.bibula.com\/index.php?rest_route=\/wp\/v2\/posts"}],"about":[{"href":"https:\/\/www.bibula.com\/index.php?rest_route=\/wp\/v2\/types\/post"}],"author":[{"embeddable":true,"href":"https:\/\/www.bibula.com\/index.php?rest_route=\/wp\/v2\/users\/1"}],"replies":[{"embeddable":true,"href":"https:\/\/www.bibula.com\/index.php?rest_route=%2Fwp%2Fv2%2Fcomments&post=77253"}],"version-history":[{"count":0,"href":"https:\/\/www.bibula.com\/index.php?rest_route=\/wp\/v2\/posts\/77253\/revisions"}],"wp:attachment":[{"href":"https:\/\/www.bibula.com\/index.php?rest_route=%2Fwp%2Fv2%2Fmedia&parent=77253"}],"wp:term":[{"taxonomy":"category","embeddable":true,"href":"https:\/\/www.bibula.com\/index.php?rest_route=%2Fwp%2Fv2%2Fcategories&post=77253"},{"taxonomy":"post_tag","embeddable":true,"href":"https:\/\/www.bibula.com\/index.php?rest_route=%2Fwp%2Fv2%2Ftags&post=77253"}],"curies":[{"name":"wp","href":"https:\/\/api.w.org\/{rel}","templated":true}]}}