{"id":76950,"date":"2014-10-06T12:22:48","date_gmt":"2014-10-06T16:22:48","guid":{"rendered":"http:\/\/www.bibula.com\/?p=76950"},"modified":"2014-10-06T12:22:48","modified_gmt":"2014-10-06T16:22:48","slug":"w-sejmowym-stenogramie-sfalszowano-wypowiedz-ewy-kopacz","status":"publish","type":"post","link":"https:\/\/www.bibula.com\/?p=76950","title":{"rendered":"W sejmowym stenogramie sfa\u0142szowano wypowied\u017a Ewy Kopacz"},"content":{"rendered":"<p><strong>\u201eNie mog\u0119 bra\u0107 pod uwag\u0119 bezpiecze\u0144stwa ka\u017cdej polskiej rodziny\u201d &#8211; takie s\u0142owa w trakcie expos\u00c3\u00a9 wypowiedzia\u0142a premier Ewa Kopacz. Pos\u0142owie zareagowali oburzeniem. Co czytamy w stenogramie? \u201eNie mog\u0119 nie bra\u0107 pod uwag\u0119 bezpiecze\u0144stwa ka\u017cdej polskiej rodziny\u201d. <br \/><\/strong><\/p>\r\n<p>W trakcie expos\u00c3\u00a9 premier nie sprostowa\u0142a tej wypowiedzi. A deklaracja dotycz\u0105ca \u201eka\u017cdej polskiej rodziny\u201d pad\u0142a w kontek\u015bcie ochrony polskiego g\u00f3rnictwa przed \u201enieuczciw\u0105 konkurencj\u0105\u201d. <strong>&#8211; <\/strong><em>Nie ustan\u0119 w wysi\u0142kach, by ta bran\u017ca sta\u0142a si\u0119 wreszcie rentowna<\/em> &#8211; podkre\u015bli\u0142a w\u00f3wczas premier Kopacz.<\/p>\r\n<p>Czy prezes rady ministr\u00f3w b\u0119dzie bra\u0107 pod uwag\u0119 \u201ebezpiecze\u0144stwo ka\u017cdej rodziny\u201d? Z pomoc\u0105 przysz\u0142a w tej kwestii Kancelaria Sejmu, a to pierwszy taki przypadek.<\/p>\r\n<p>Pod rz\u0105dami Ewy Kopacz stenografia nabra\u0142a nowego znaczenia.<\/p>\r\n<p>\u0179r\u00f3d\u0142o: niezalezna.pl<\/p>\r\n<p>mat<\/p>","protected":false},"excerpt":{"rendered":"\u201eNie mog\u0119 bra\u0107 pod uwag\u0119 bezpiecze\u0144stwa ka\u017cdej polskiej rodziny\u201d &#8211; takie s\u0142owa w trakcie expos\u00c3\u00a9 wypowiedzia\u0142a premier Ewa Kopacz. Pos\u0142owie zareagowali oburzeniem. Co czytamy w stenogramie? \u201eNie mog\u0119 nie bra\u0107 pod uwag\u0119 bezpiecze\u0144stwa ka\u017cdej polskiej rodziny\u201d. W trakcie expos\u00c3\u00a9 premier nie sprostowa\u0142a tej wypowiedzi. A deklaracja dotycz\u0105ca \u201eka\u017cdej polskiej rodziny\u201d pad\u0142a w kontek\u015bcie ochrony polskiego [&hellip;]","protected":false},"author":1,"featured_media":0,"comment_status":"closed","ping_status":"closed","sticky":false,"template":"","format":"standard","meta":{"_acf_changed":false,"_monsterinsights_skip_tracking":false,"_monsterinsights_sitenote_active":false,"_monsterinsights_sitenote_note":"","_monsterinsights_sitenote_category":0,"ngg_post_thumbnail":0,"footnotes":"","_wp_rev_ctl_limit":""},"categories":[8],"tags":[16,92],"acf":[],"_links":{"self":[{"href":"https:\/\/www.bibula.com\/index.php?rest_route=\/wp\/v2\/posts\/76950"}],"collection":[{"href":"https:\/\/www.bibula.com\/index.php?rest_route=\/wp\/v2\/posts"}],"about":[{"href":"https:\/\/www.bibula.com\/index.php?rest_route=\/wp\/v2\/types\/post"}],"author":[{"embeddable":true,"href":"https:\/\/www.bibula.com\/index.php?rest_route=\/wp\/v2\/users\/1"}],"replies":[{"embeddable":true,"href":"https:\/\/www.bibula.com\/index.php?rest_route=%2Fwp%2Fv2%2Fcomments&post=76950"}],"version-history":[{"count":0,"href":"https:\/\/www.bibula.com\/index.php?rest_route=\/wp\/v2\/posts\/76950\/revisions"}],"wp:attachment":[{"href":"https:\/\/www.bibula.com\/index.php?rest_route=%2Fwp%2Fv2%2Fmedia&parent=76950"}],"wp:term":[{"taxonomy":"category","embeddable":true,"href":"https:\/\/www.bibula.com\/index.php?rest_route=%2Fwp%2Fv2%2Fcategories&post=76950"},{"taxonomy":"post_tag","embeddable":true,"href":"https:\/\/www.bibula.com\/index.php?rest_route=%2Fwp%2Fv2%2Ftags&post=76950"}],"curies":[{"name":"wp","href":"https:\/\/api.w.org\/{rel}","templated":true}]}}