{"id":7684,"date":"2009-03-13T11:13:43","date_gmt":"2009-03-13T16:13:43","guid":{"rendered":"http:\/\/www.bibula.com\/?p=7684"},"modified":"2009-03-13T11:59:56","modified_gmt":"2009-03-13T16:59:56","slug":"premier-kanady-bedziemy-walczyli-z-antysemityzmem","status":"publish","type":"post","link":"https:\/\/www.bibula.com\/?p=7684","title":{"rendered":"Premier Kanady: b\u0119dziemy &#8222;walczyli z antysemityzmem&#8221;"},"content":{"rendered":"<p>Premier Kanady, Stephen Harper podczas przyj\u0119cia reprezentacji \u017cydowskiej organizacji Chabad-Lubavitch o\u015bwiadczy\u0142, \u017ce Kanada b\u0119dzie &#8222;obro\u0144c\u0105 wolno\u015bci religijnej \u017cyd\u00f3w&#8221; i b\u0119dzie &#8222;walczy\u0142a z antysemityzmem&#8221;.<\/p>\r\n\r\n<p>-Kanada pozostanie nieugi\u0119tym obro\u0144c\u0105 \u017cydowskiej wolno\u015bci religijnej, stanowczym przeciwnikiem antysemityzmu w jakiejkolwiek jego formie oraz b\u0119dzie wiernie wspiera\u0107 bezpiecze\u0144stwa demokratycznego pa\u0144stwa Izrael. &#8211; powiedzia\u0142 premier Kanady podczas ceremonii w pa\u0142acu Parliament Hill, w kt\u00f3rej uczestniczy\u0142 mi\u0119dzy innymi minister ds Obywatelstwa, Imigracji i Wielokulturowo\u015bci (<em>sic!<\/em>), Jason Keeney.<\/p>\r\n\r\n<p>-Antysemityzm jest gro\u017anym z\u0142em, kt\u00f3re musi by\u0107 ukazywane, z kt\u00f3rym nale\u017cy si\u0119 zmierza\u0107\u00a0 i kt\u00f3re musi by\u0107 odrzucone, kiedykolwiek i gdziekolwiek pojawi si\u0119. Nauczyli\u015bmy si\u0119 z historii, \u017ce to z\u0142o, podgrzewane przez k\u0142amstwa i paranoj\u0119, jest tak wielkie &#8211; co widzieli\u015bmy w Mumbai &#8211; \u017ce w rezultacie jest to zagro\u017cenie dla nas wszystkich. &#8211; doda\u0142 premier.<\/p>\r\n\r\n<p>&#8211; Gdy chodzi o przeciwstawienie si\u0119 nienawi\u015bci i nietolerancji, nikt nie by\u0142 tak wytrwa\u0142y, nikt nie by\u0142 tak zdecydowany, jak nar\u00f3d \u017cydowski. &#8211; podsumowa\u0142 premier Kanady.<\/p>\r\n\r\n<p><strong>Chasydzka sekta Chabad-Lubavitch<\/strong> jest jedn\u0105 z najbardziej g\u0142o\u015bnych i widocznych medialnie grup \u017cydowskich, kt\u00f3ra kontynuuje &#8222;dzie\u0142o misyjne&#8221; judaizuj\u0105c spo\u0142ecze\u0144stwa ca\u0142ego \u015bwiata. W ramach tych &#8222;misji&#8221;, przedstawiciele sekty Lubawiczer\u00f3w corocznie zapalaj\u0105 menory w najwa\u017cniejszych i widocznych miejscach na kuli ziemskiej: na wie\u017cowcach, ucz\u0119szczanych placach, na d\u017awigach, mostach, w sklepach, centrach kulturalnych, lecz nade wszystko w pa\u0142acach prezydenckich i parlamentach. W Polsce prezydent Lech Kaczy\u0144ski w zesz\u0142ym roku, po raz drugi w historii Polski,\u00a0 zapali\u0142 \u015bwiece Menory w Pa\u0142acu Prezydenckim. T\u0119 form\u0119 judaizacji polskiego spo\u0142ecze\u0144stwa zapocz\u0105tkowa\u0142 \u00f3wczesny marsza\u0142ek Sejmu, Marek Jurek (nb. okre\u015blaj\u0105cy si\u0119 jako katolik-tradycjonalista). W pierwszej uroczysto\u015bci zapalenia \u015bwiec Menory w grudniu 2007 roku, uczestniczy\u0142 obok prezydenta Kaczy\u0144skiego, metropolita warszawski, arcybiskup Nycz, sprzeniewierzaj\u0105c si\u0119 tym samym warto\u015bciom wiary katolickiej.<\/p>\r\n\r\n<p><strong>Pod poj\u0119cie tzw. antysemityzmu<\/strong>, wsp\u00f3\u0142czesne si\u0142y polityczne pr\u00f3buj\u0105 wprowadzi\u0107 jak\u0105kolwiek krytyk\u0119, czy to pojedynczego \u017byda, czy grup \u017cydowskich czy te\u017c pa\u0144stwa Izrael.\u00a0 Odst\u0119puj\u0105c od klasycznej definicji antysemityzmu, usi\u0142uje si\u0119 narzuci\u0107 nowe, poszerzone znaczenie maj\u0105ce wyst\u0119powa\u0107 jako zbitka my\u015blowa obejmuj\u0105ca brak (tzw.) tolerancji, &#8222;negacjonizm holokaustu&#8221;, niech\u0119\u0107 do wielokulturowo\u015bci, itp. Jedyn\u0105 konsekwencj\u0105 tej niezwykle niebezpiecznej aberracji jest wyeliminowanie ze spo\u0142ecze\u0144stw warto\u015bci chrze\u015bcija\u0144skich.<\/p>\r\n\r\n<p class=\"zrodlo\">Opracowanie: <em>Bibula Information Service (B.I.S.)<\/em> &#8211; www.bibula.com &#8211; na podstawie <a href=\"http:\/\/lubavitch.com\/news\/article\/2025738\/PM-Harper-To-Chabad-Canada-A-Defender-of-Jews-Israel.html\" target=\"_blank\">Lubavitch.com<\/a><\/p>\r\n\r\n<p><br class=\"spacer_\" \/><\/p>\r\n\r\n\r\n<blockquote><p><strong>ZOB. R\u00d3WNIE\u017b:<\/strong><\/p>\r\n\r\n\r\n<ul>\r\n\t\t<li> <a title=\" Ukrai\u0144ski parlamentarzysta: \u017bydzi przejmuj\u0105 dzisiaj nasze miasto i knuj\u0105 przeciwko Ukrai\u0144com\" rel=\"bookmark\" href=\"..\/..\/?p=7095\">Ukrai\u0144ski parlamentarzysta: \u017bydzi przejmuj\u0105 dzisiaj nasze miasto i knuj\u0105 przeciwko Ukrai\u0144com<\/a> <\/li>\r\n\t\t<li> <a title=\" Podpisany przez prez. Obam\u0119 \"Pakiet antykryzysowy daje \u017cydowskim organizacjom spo\u0142ecznym i instytucjom opieki zdrowotnej 1 miliard dolar\u00f3w\u201d\" rel=\"bookmark\" href=\"..\/..\/?p=6806\">Podpisany przez prez. Obam\u0119 &#8222;Pakiet antykryzysowy daje \u017cydowskim organizacjom spo\u0142ecznym i instytucjom opieki zdrowotnej 1 miliard dolar\u00f3w\u201d<\/a> <\/li>\r\n\t\t<li> <a title=\" UK: Brytyjski dyplomata aresztowany za u\u017cywanie \"antysemickich i antyizraelskich\u201d okre\u015ble\u0144\" rel=\"bookmark\" href=\"..\/..\/?p=6358\">UK: Brytyjski dyplomata aresztowany za u\u017cywanie &#8222;antysemickich i antyizraelskich\u201d okre\u015ble\u0144<\/a> <\/li>\r\n\t\t<li> <a title=\" Judaizacja spo\u0142ecze\u0144stwa nabiera tempa: udzia\u0142 s\u0119dziego federalnego Antonin Scalia w debacie o prawie talmudycznym\" rel=\"bookmark\" href=\"..\/..\/?p=6148\">Judaizacja spo\u0142ecze\u0144stwa nabiera tempa: udzia\u0142 s\u0119dziego federalnego Antonin Scalia w debacie o prawie talmudycznym<\/a> <\/li>\r\n\t\t<li> <a title=\" Missouri: Zaprzysi\u0119\u017cenia trzech kolejnych \u017cydowskich parlamentarzyst\u00f3w\" rel=\"bookmark\" href=\"..\/..\/?p=5994\">Missouri: Zaprzysi\u0119\u017cenia trzech kolejnych \u017cydowskich parlamentarzyst\u00f3w<\/a> <\/li>\r\n\t\t<li> <a title=\" Nalot FBI na g\u0142\u00f3wn\u0105 siedzib\u0119 \u017cydowskiej organizacji Chabad; Terrory\u015bci opanowali oddzia\u0142 Chabad w Mumbai\" rel=\"bookmark\" href=\"..\/..\/?p=3575\">Nalot FBI na g\u0142\u00f3wn\u0105 siedzib\u0119 \u017cydowskiej organizacji Chabad; Terrory\u015bci opanowali oddzia\u0142 Chabad w Mumbai<\/a> <\/li>\r\n\t\t<li> <a title=\" Tak bardzo chcia\u0142a zosta\u0107 ofiar\u0105 \"neonazist\u00f3w\u201d\u2026\" rel=\"bookmark\" href=\"..\/..\/?p=3196\">Tak bardzo chcia\u0142a zosta\u0107 ofiar\u0105 &#8222;neonazist\u00f3w\u201d\u2026<\/a> <\/li>\r\n\t\t<li> <a title=\" Narastaj\u0105cy problem polskich &lt;em&gt;Marranos&lt;\/em&gt;\" rel=\"bookmark\" href=\"..\/..\/?p=2944\">Narastaj\u0105cy problem polskich <em>Marranos<\/em><\/a> <\/li>\r\n\t\t<li> <a title=\" Ameryka\u0144ski Komitet \u017bydowski cenzuruje encyklopedi\u0119\" rel=\"bookmark\" href=\"..\/..\/?p=2594\">Ameryka\u0144ski Komitet \u017bydowski cenzuruje encyklopedi\u0119<\/a> <\/li>\r\n\t\t<li> <a title=\" Maryland: Nie jeden, a trzech \u017byd\u00f3w malowa\u0142o swastyki na \u017cydowskiej szkole i synagodze\" rel=\"bookmark\" href=\"..\/..\/?p=2580\">Maryland: Nie jeden, a trzech \u017byd\u00f3w malowa\u0142o swastyki na \u017cydowskiej szkole i synagodze<\/a> <\/li>\r\n\t\t<li> <a title=\" Sukcesy lobbyst\u00f3w \u017cydowskich w dol\u0105czeniu do \"Planu Paulsona\" korzystnych dla siebie ustaw\" rel=\"bookmark\" href=\"..\/..\/?p=2571\">Sukcesy lobbyst\u00f3w \u017cydowskich w dol\u0105czeniu do &#8222;Planu Paulsona&#8221; korzystnych dla siebie ustaw<\/a> <\/li>\r\n\t\t<li> <a title=\" Maryland: \"Antysemickie napisy\" na synagodze malowane przez \u017byda\" rel=\"bookmark\" href=\"..\/..\/?p=2562\">Maryland: &#8222;Antysemickie napisy&#8221; na synagodze malowane przez \u017byda<\/a> <\/li>\r\n\t\t<li> <a title=\" USA: Nowa ustawa o szkolnictwie wy\u017cszym wspiera tzw. r\u00f3\u017cnorodno\u015b\u0107 i inne \u017cydowskie postulaty\" rel=\"bookmark\" href=\"..\/..\/?p=2377\">USA: Nowa ustawa o szkolnictwie wy\u017cszym wspiera tzw. r\u00f3\u017cnorodno\u015b\u0107 i inne \u017cydowskie postulaty<\/a> <\/li>\r\n\t\t<li> <a title=\" S\u0119dziowie S\u0105du Najwy\u017cszego na sympozjum na temat Talmudu\" rel=\"bookmark\" href=\"..\/..\/?p=2355\">S\u0119dziowie S\u0105du Najwy\u017cszego na sympozjum na temat Talmudu<\/a> <\/li>\r\n\t\t<li> <a title=\" S\u0105d w North Dakota: Nie by\u0142o aktu antysemityzmu\" rel=\"bookmark\" href=\"..\/..\/?p=2195\">S\u0105d w North Dakota: Nie by\u0142o aktu antysemityzmu<\/a> <\/li>\r\n\t\t<li> <a title=\" G\u0142\u00f3wny rabin Rosji: \"Najwi\u0119kszymi problemami Rosji to nacjonalizm i nauczanie chrze\u015bcija\u0144skie\"\" rel=\"bookmark\" href=\"..\/..\/?p=2106\">G\u0142\u00f3wny rabin Rosji: &#8222;Najwi\u0119kszymi problemami Rosji to nacjonalizm i nauczanie chrze\u015bcija\u0144skie&#8221;<\/a> <\/li>\r\n\t\t<li> <a title=\" W\u0142adze Uzbekistanu cofn\u0119\u0142y rejestracj\u0119 chasydzkiej sekty Chabad-Lubavitch\" rel=\"bookmark\" href=\"..\/..\/?p=1964\">W\u0142adze Uzbekistanu cofn\u0119\u0142y rejestracj\u0119 chasydzkiej sekty Chabad-Lubavitch<\/a> <\/li>\r\n\t\t<li> <a title=\" Chasydzka sekta Lubavitch zapuszcza korzenie w Korei Po\u0142udniowej\" rel=\"bookmark\" href=\"..\/..\/?p=1939\">Chasydzka sekta Lubavitch zapuszcza korzenie w Korei Po\u0142udniowej<\/a> <\/li>\r\n\t\t<li> <a title=\" Chasydzki rabin wraz z synem nara\u017cali zdrowie mieszka\u0144c\u00f3w, oszukiwali w\u0142adze - zap\u0142ac\u0105 p\u00f3\u0142 miliona dolar\u00f3w kary\" rel=\"bookmark\" href=\"..\/..\/?p=1738\">Chasydzki rabin wraz z synem nara\u017cali zdrowie mieszka\u0144c\u00f3w, oszukiwali w\u0142adze &#8211; zap\u0142ac\u0105 p\u00f3\u0142 miliona dolar\u00f3w kary<\/a> <\/li>\r\n\t\t<li> <a title=\" Berlin: Plany rozwojowe o\u015brodka edukacyjno-sportowego chasydzkiej sekty Chabad\" rel=\"bookmark\" href=\"..\/..\/?p=1581\">Berlin: Plany rozwojowe o\u015brodka edukacyjno-sportowego chasydzkiej sekty Chabad<\/a> <\/li>\r\n\t\t<li> <a title=\" Walki wewn\u0119trzne w chasydzkiej sekcie Chabad-Lubavitch o swojego \"Mesjasza\"\" rel=\"bookmark\" href=\"..\/..\/?p=1529\">Walki wewn\u0119trzne w chasydzkiej sekcie Chabad-Lubavitch o swojego &#8222;Mesjasza&#8221;<\/a> <\/li>\r\n\t\t<li> <a title=\" Menora p\u0142onie przed Bia\u0142ym Domem, w Berlinie, Moskwie i w polskim Sejmie, u Prezydenta R.P. oraz na ulicach Warszawy\u2026\" rel=\"bookmark\" href=\"..\/..\/?p=1451\">Menora p\u0142onie przed Bia\u0142ym Domem, w Berlinie, Moskwie i w polskim Sejmie, u Prezydenta R.P. oraz na ulicach Warszawy\u2026<\/a> <\/li>\r\n\t\t<li> <a title=\" Skandal: \u017cydowska menora zap\u0142on\u0119\u0142a w Sejmie R.P.!\u00a0\" rel=\"bookmark\" href=\"..\/..\/?p=1449\">Skandal: \u017cydowska menora zap\u0142on\u0119\u0142a w Sejmie R.P.! <\/a> <\/li>\r\n\t\t<li> <a title=\" USA: Aresztowanie dw\u00f3ch cz\u0142onk\u00f3w znanej ortodoksyjnej rodziny \u017cydowskiej Chabad-Lubavitch-Rubashkin\" rel=\"bookmark\" href=\"..\/..\/?p=1245\">USA: Aresztowanie dw\u00f3ch cz\u0142onk\u00f3w znanej ortodoksyjnej rodziny \u017cydowskiej Chabad-Lubavitch-Rubashkin<\/a> <\/li>\r\n\t\t<li> <a title=\" Chasydzki rabin b\u0119dzie wsp\u00f3\u0142decydowa\u0142 o wydawaniu pozwole\u0144 na funkcjonowanie prywatnych szk\u00f3\u0142 w USA\" rel=\"bookmark\" href=\"..\/..\/?p=1107\">Chasydzki rabin b\u0119dzie wsp\u00f3\u0142decydowa\u0142 o wydawaniu pozwole\u0144 na funkcjonowanie prywatnych szk\u00f3\u0142 w USA<\/a> <\/li>\r\n\t\t<li> <a title=\" \u017bydowska indoktrynacja student\u00f3w na ameryka\u0144skich pa\u0144stwowych uczelniach\" rel=\"bookmark\" href=\"..\/..\/?p=951\">\u017bydowska indoktrynacja student\u00f3w na ameryka\u0144skich pa\u0144stwowych uczelniach<\/a> <\/li>\r\n<\/ul>\r\n\r\n\r\n<p><br class=\"spacer_\" \/><\/p>\r\n\r\n<p><br class=\"spacer_\" \/><\/p><\/blockquote>","protected":false},"excerpt":{"rendered":"Premier Kanady, Stephen Harper podczas przyj\u0119cia reprezentacji \u017cydowskiej organizacji Chabad-Lubavitch o\u015bwiadczy\u0142, \u017ce Kanada b\u0119dzie &#8222;obro\u0144c\u0105 wolno\u015bci religijnej \u017cyd\u00f3w&#8221; i b\u0119dzie &#8222;walczy\u0142a z antysemityzmem&#8221;. -Kanada pozostanie nieugi\u0119tym obro\u0144c\u0105 \u017cydowskiej wolno\u015bci religijnej, stanowczym przeciwnikiem antysemityzmu w jakiejkolwiek jego formie oraz b\u0119dzie wiernie wspiera\u0107 bezpiecze\u0144stwa demokratycznego pa\u0144stwa Izrael. &#8211; powiedzia\u0142 premier Kanady podczas ceremonii w pa\u0142acu Parliament Hill, [&hellip;]","protected":false},"author":1,"featured_media":0,"comment_status":"closed","ping_status":"closed","sticky":false,"template":"","format":"standard","meta":{"_acf_changed":false,"_monsterinsights_skip_tracking":false,"_monsterinsights_sitenote_active":false,"_monsterinsights_sitenote_note":"","_monsterinsights_sitenote_category":0,"ngg_post_thumbnail":0,"footnotes":"","_wp_rev_ctl_limit":""},"categories":[6],"tags":[64,53,55,20],"acf":[],"_links":{"self":[{"href":"https:\/\/www.bibula.com\/index.php?rest_route=\/wp\/v2\/posts\/7684"}],"collection":[{"href":"https:\/\/www.bibula.com\/index.php?rest_route=\/wp\/v2\/posts"}],"about":[{"href":"https:\/\/www.bibula.com\/index.php?rest_route=\/wp\/v2\/types\/post"}],"author":[{"embeddable":true,"href":"https:\/\/www.bibula.com\/index.php?rest_route=\/wp\/v2\/users\/1"}],"replies":[{"embeddable":true,"href":"https:\/\/www.bibula.com\/index.php?rest_route=%2Fwp%2Fv2%2Fcomments&post=7684"}],"version-history":[{"count":0,"href":"https:\/\/www.bibula.com\/index.php?rest_route=\/wp\/v2\/posts\/7684\/revisions"}],"wp:attachment":[{"href":"https:\/\/www.bibula.com\/index.php?rest_route=%2Fwp%2Fv2%2Fmedia&parent=7684"}],"wp:term":[{"taxonomy":"category","embeddable":true,"href":"https:\/\/www.bibula.com\/index.php?rest_route=%2Fwp%2Fv2%2Fcategories&post=7684"},{"taxonomy":"post_tag","embeddable":true,"href":"https:\/\/www.bibula.com\/index.php?rest_route=%2Fwp%2Fv2%2Ftags&post=7684"}],"curies":[{"name":"wp","href":"https:\/\/api.w.org\/{rel}","templated":true}]}}