{"id":76828,"date":"2014-09-30T10:38:42","date_gmt":"2014-09-30T14:38:42","guid":{"rendered":"http:\/\/www.bibula.com\/?p=76828"},"modified":"2014-09-30T10:38:42","modified_gmt":"2014-09-30T14:38:42","slug":"wskaznik-emigracji-polakow-bliski-rekordu","status":"publish","type":"post","link":"https:\/\/www.bibula.com\/?p=76828","title":{"rendered":"Wska\u017anik emigracji Polak\u00f3w bliski rekordu"},"content":{"rendered":"<p><strong>Wed\u0142ug najnowszych danych GUS w ubieg\u0142ym roku liczba polskich emigrant\u00f3w wzros\u0142a do 2,2 mln. Niechlubny rekord z 2007, kiedy poza Polsk\u0105 mieszka\u0142o 2,27 mln os\u00f3b prawdopodobnie zostanie pobity.<\/strong><\/p>\r\n<p>Najwi\u0119cej emigrant\u00f3w przybywa w Niemczech, kt\u00f3re w 2011 roku otworzy\u0142y rynek pracy dla Polak\u00f3w. \u0179yje tam ju\u017c 560 tysi\u0119cy naszych rodak\u00f3w. Jest to o 125 tysi\u0119cy wi\u0119cej ni\u017c trzy lata temu.<\/p>\r\n<p><span id=\"more-45110\"><\/span>Nasi zachodni s\u0105siedzi doganiaj\u0105 w przyjmowaniu do siebie przybysz\u00f3w znad Wis\u0142y Wielk\u0105 Brytani\u0119, w kt\u00f3rej \u017cyje ich najwi\u0119cej. Na Wyspach przebywa\u0142o w zesz\u0142ym roku blisko 650 tysi\u0119cy os\u00f3b z Polski.<\/p>\r\n<p>Popularne s\u0105 Irlandia i Holandia, w kt\u00f3rych \u017cyje odpowiednio 115 tysi\u0119cy i 103 tysi\u0119cy os\u00f3b z Polski. Mocno spada\u0142a za to pozycja Hiszpanii, w kt\u00f3rej obecnie przebywa zaledwie 34 tys. Polak\u00f3w, o 50 tys. mniej ni\u017c pi\u0119\u0107 lat wcze\u015bniej.<\/p>\r\n<p>-To wstrz\u0105saj\u0105ce. Kraj, kt\u00f3ry bezrefleksyjnie pozbywa si\u0119 takiej rzeszy g\u0142\u00f3wnie m\u0142odych os\u00f3b, ogromnie na tym traci &#8211; komentuje prof. Krystyna Iglicka, rektor Uczelni \u0141azarskiego.<\/p>\r\n<p>Marcin Galent, badacz emigracji Instytutu Europeistyki Uniwersytetu Jagiello\u0144skiego dodaje, \u017ce Polacy zapuszczaj\u0105 za granic\u0105 korzenie, o czym \u015bwiadcz\u0105 dane dotycz\u0105ce rodz\u0105cych si\u0119 na Wyspach dzieci Polek.<\/p>\r\n<p><em>\u0179r\u00f3d\u0142o: <a href=\"http:\/\/www.rp.pl\" rel=\"nofollow\">http:\/\/www.rp.pl<\/a><\/em><br \/> <em> Justine<\/em><br \/> <em><a href=\"http:\/\/narodowcy.net\/polska\/10379-wskaznik-emigracja-polakow-bliski-rekordu\" target=\"_blank\">http:\/\/narodowcy.net<\/a><\/em><\/p>","protected":false},"excerpt":{"rendered":"Wed\u0142ug najnowszych danych GUS w ubieg\u0142ym roku liczba polskich emigrant\u00f3w wzros\u0142a do 2,2 mln. Niechlubny rekord z 2007, kiedy poza Polsk\u0105 mieszka\u0142o 2,27 mln os\u00f3b prawdopodobnie zostanie pobity. Najwi\u0119cej emigrant\u00f3w przybywa w Niemczech, kt\u00f3re w 2011 roku otworzy\u0142y rynek pracy dla Polak\u00f3w. \u0179yje tam ju\u017c 560 tysi\u0119cy naszych rodak\u00f3w. Jest to o 125 tysi\u0119cy wi\u0119cej [&hellip;]","protected":false},"author":1,"featured_media":0,"comment_status":"closed","ping_status":"closed","sticky":false,"template":"","format":"standard","meta":{"_acf_changed":false,"_monsterinsights_skip_tracking":false,"_monsterinsights_sitenote_active":false,"_monsterinsights_sitenote_note":"","_monsterinsights_sitenote_category":0,"ngg_post_thumbnail":0,"footnotes":"","_wp_rev_ctl_limit":""},"categories":[8],"tags":[152,92],"acf":[],"_links":{"self":[{"href":"https:\/\/www.bibula.com\/index.php?rest_route=\/wp\/v2\/posts\/76828"}],"collection":[{"href":"https:\/\/www.bibula.com\/index.php?rest_route=\/wp\/v2\/posts"}],"about":[{"href":"https:\/\/www.bibula.com\/index.php?rest_route=\/wp\/v2\/types\/post"}],"author":[{"embeddable":true,"href":"https:\/\/www.bibula.com\/index.php?rest_route=\/wp\/v2\/users\/1"}],"replies":[{"embeddable":true,"href":"https:\/\/www.bibula.com\/index.php?rest_route=%2Fwp%2Fv2%2Fcomments&post=76828"}],"version-history":[{"count":0,"href":"https:\/\/www.bibula.com\/index.php?rest_route=\/wp\/v2\/posts\/76828\/revisions"}],"wp:attachment":[{"href":"https:\/\/www.bibula.com\/index.php?rest_route=%2Fwp%2Fv2%2Fmedia&parent=76828"}],"wp:term":[{"taxonomy":"category","embeddable":true,"href":"https:\/\/www.bibula.com\/index.php?rest_route=%2Fwp%2Fv2%2Fcategories&post=76828"},{"taxonomy":"post_tag","embeddable":true,"href":"https:\/\/www.bibula.com\/index.php?rest_route=%2Fwp%2Fv2%2Ftags&post=76828"}],"curies":[{"name":"wp","href":"https:\/\/api.w.org\/{rel}","templated":true}]}}