{"id":76695,"date":"2014-09-21T13:34:27","date_gmt":"2014-09-21T17:34:27","guid":{"rendered":"http:\/\/www.bibula.com\/?p=76695"},"modified":"2014-09-21T13:35:12","modified_gmt":"2014-09-21T17:35:12","slug":"katastrofa-boeinga-777-pelnomocnik-niemieckich-ofiar-katastrofy-pozywa-ukraine","status":"publish","type":"post","link":"https:\/\/www.bibula.com\/?p=76695","title":{"rendered":"Katastrofa boeinga 777. Pe\u0142nomocnik niemieckich ofiar katastrofy pozywa Ukrain\u0119"},"content":{"rendered":"<p><strong>Pe\u0142nomocnik niemieckich ofiar katastrofy malezyjskiego boeinga pozwie Ukrain\u0119. Jak t\u0142umaczy, kluczowe jest to, nad czyim terytorium zestrzelono samolot malezyjskich linii lotniczych &#8211; informuje portal Onet.pl.<\/strong><\/p>\r\n<p>Profesor prawa lotniczego Elmar Giemulla reprezentuje trzy rodziny ofiar. Jak m\u00f3wi w rozmowie z &#8222;Bild am Sonntag&#8221;, zgodnie z prawem mi\u0119dzynarodowym, odpowiedzialne za katastrof\u0119 jest pa\u0144stwo, nad kt\u00f3rego terytorium dosz\u0142o do wypadku. Dlatego planuje pozwa\u0107 Ukrain\u0119 i jej prezydenta. Jego zdaniem, Ukraina powinna by\u0142a zamkn\u0105\u0107 swoj\u0105 przestrze\u0144 powietrzn\u0105, je\u015bli nie mog\u0142a zagwarantowa\u0107 bezpiecze\u0144stwa pasa\u017cerom.<\/p>\r\n<p><strong>Raport: malezyjski boeing str\u0105cony przez &#8222;obiekty z zewn\u0105trz&#8221;<\/strong><\/p>\r\n<p>Mo\u017cliw\u0105 przyczyn\u0105 katastrofy boeinga 777 malezyjskich linii lotniczych na wschodniej Ukrainie by\u0142o uderzenie przez &#8222;du\u017c\u0105 liczb\u0119 obiekt\u00f3w z zewn\u0105trz&#8221; lec\u0105cych z wielk\u0105 pr\u0119dko\u015bci\u0105 &#8211; poda\u0142a holenderska komisja badaj\u0105ca tragedi\u0119 z 17 lipca.<\/p>\r\n<p>Maszyna rozpad\u0142a si\u0119 &#8222;na kawa\u0142ki&#8221; jeszcze w powietrzu &#8211; wynika ze wst\u0119pnych ustale\u0144 holenderskiego urz\u0119du ds. bezpiecze\u0144stwa (OVV). &#8222;W kabinie pilot\u00f3w nie by\u0142o s\u0142ycha\u0107 \u017cadnych sygna\u0142\u00f3w alarmowych, kt\u00f3re wskazywa\u0142yby na problemy techniczne&#8221;, &#8222;nie ma \u015bwiadectw tego, \u017ce katastrof\u0119 samolotu wywo\u0142a\u0142y usterki techniczne lub b\u0142\u0119dy za\u0142ogi&#8221; &#8211; podkre\u015blono w dokumencie.<\/p>\r\n<p>&#8222;Zniszczenia zaobserwowane w przedniej cz\u0119\u015bci samolotu wydaj\u0105 si\u0119 wskazywa\u0107, \u017ce maszyna zosta\u0142a przebita przez du\u017c\u0105 liczb\u0119 obiekt\u00f3w z zewn\u0105trz o wysokiej energii&#8221; &#8211; napisano w raporcie. &#8222;Jest prawdopodobne, \u017ce te zniszczenia doprowadzi\u0142y do utraty jedno\u015bci strukturalnej&#8221; &#8211; dodano.<\/p>\r\n<p>Wed\u0142ug BBC pokrywa si\u0119 to z podejrzeniami, \u017ce samolot zosta\u0142 trafiony od\u0142amkami rakiety ziemia-powietrze. Pocisk taki wybucha, kiedy znajdzie si\u0119 w pobli\u017cu celu.<\/p>\r\n<p>OVV zaznaczy\u0142, \u017ce w celu ostatecznego ustalenia przyczyn katastrofy malezyjskiego boeinga konieczne jest dochodzenie uzupe\u0142niaj\u0105ce. Cytowana przez agencj\u0119 EFE rzeczniczka urz\u0119du Sara Vernooij powiedzia\u0142a, \u017ce raport ko\u0144cowy pojawi si\u0119 latem 2015 roku.<\/p>\r\n<p>Holandia kieruje \u015bledztwem w sprawie katastrofy na pro\u015bb\u0119 w\u0142adz ukrai\u0144skich.<\/p>\r\n<p>Onet.pl\/Kresy.pl<\/p>\r\n<blockquote>\r\n<p><strong>KOMENTARZ <em>BIBU\u0141Y<\/em><\/strong>: Raport Komisji stwierdza, \u017ce &#8222;<em>Mo\u017cliw\u0105 przyczyn\u0105 katastrofy boeinga 777 malezyjskich linii lotniczych na wschodniej Ukrainie by\u0142o <strong>uderzenie przez &#8222;du\u017c\u0105 liczb\u0119 obiekt\u00f3w z zewn\u0105trz&#8221;<\/strong> lec\u0105cych z wielk\u0105 pr\u0119dko\u015bci\u0105.<\/em>&#8221; I w\u0142a\u015bnie dlatego, \u017ce ta &#8222;<em>du\u017ca liczba obiekt\u00f3w z zewn\u0105trz&#8221;<\/em> wskazuje jednoznacznie na zestrzelenie seri\u0105 pocisk\u00f3w (np. z dzia\u0142ka maszynowego) typu powietrze-powietrze, czyli samolotu &#8211; a jedynym samolotem wojskowym w pobli\u017cu by\u0142y maszyny armii ukrai\u0144skiej &#8211; media zachodnie nabra\u0142y wody w usta, a ameryka\u0144skie w szczeg\u00f3lno\u015bci przesta\u0142y zupe\u0142nie wspomina\u0107 o tym wydarzeniu. No bo jak maj\u0105 teraz wyt\u0142umaczy\u0107 k\u0142amstwa Prezydenta, wice-prezydenta i innych oficjeli, kt\u00f3rzy &#8211; bez \u017cadnych podstaw &#8211; oskar\u017cyli Rosj\u0119 o zestrzelenie samolotu?<\/p>\r\n<\/blockquote>","protected":false},"excerpt":{"rendered":"Pe\u0142nomocnik niemieckich ofiar katastrofy malezyjskiego boeinga pozwie Ukrain\u0119. Jak t\u0142umaczy, kluczowe jest to, nad czyim terytorium zestrzelono samolot malezyjskich linii lotniczych &#8211; informuje portal Onet.pl. Profesor prawa lotniczego Elmar Giemulla reprezentuje trzy rodziny ofiar. Jak m\u00f3wi w rozmowie z &#8222;Bild am Sonntag&#8221;, zgodnie z prawem mi\u0119dzynarodowym, odpowiedzialne za katastrof\u0119 jest pa\u0144stwo, nad kt\u00f3rego terytorium dosz\u0142o [&hellip;]","protected":false},"author":1,"featured_media":0,"comment_status":"closed","ping_status":"closed","sticky":false,"template":"","format":"standard","meta":{"_acf_changed":false,"_monsterinsights_skip_tracking":false,"_monsterinsights_sitenote_active":false,"_monsterinsights_sitenote_note":"","_monsterinsights_sitenote_category":0,"ngg_post_thumbnail":0,"footnotes":"","_wp_rev_ctl_limit":""},"categories":[6],"tags":[166,84,141,167],"acf":[],"_links":{"self":[{"href":"https:\/\/www.bibula.com\/index.php?rest_route=\/wp\/v2\/posts\/76695"}],"collection":[{"href":"https:\/\/www.bibula.com\/index.php?rest_route=\/wp\/v2\/posts"}],"about":[{"href":"https:\/\/www.bibula.com\/index.php?rest_route=\/wp\/v2\/types\/post"}],"author":[{"embeddable":true,"href":"https:\/\/www.bibula.com\/index.php?rest_route=\/wp\/v2\/users\/1"}],"replies":[{"embeddable":true,"href":"https:\/\/www.bibula.com\/index.php?rest_route=%2Fwp%2Fv2%2Fcomments&post=76695"}],"version-history":[{"count":0,"href":"https:\/\/www.bibula.com\/index.php?rest_route=\/wp\/v2\/posts\/76695\/revisions"}],"wp:attachment":[{"href":"https:\/\/www.bibula.com\/index.php?rest_route=%2Fwp%2Fv2%2Fmedia&parent=76695"}],"wp:term":[{"taxonomy":"category","embeddable":true,"href":"https:\/\/www.bibula.com\/index.php?rest_route=%2Fwp%2Fv2%2Fcategories&post=76695"},{"taxonomy":"post_tag","embeddable":true,"href":"https:\/\/www.bibula.com\/index.php?rest_route=%2Fwp%2Fv2%2Ftags&post=76695"}],"curies":[{"name":"wp","href":"https:\/\/api.w.org\/{rel}","templated":true}]}}