{"id":76638,"date":"2014-09-17T17:21:51","date_gmt":"2014-09-17T21:21:51","guid":{"rendered":"http:\/\/www.bibula.com\/?p=76638"},"modified":"2014-09-17T17:21:51","modified_gmt":"2014-09-17T21:21:51","slug":"prof-stanislaw-bielen-na-ukrainie-scieraja-sie-dwa-imperializmy-amerykanski-i-rosyjski","status":"publish","type":"post","link":"https:\/\/www.bibula.com\/?p=76638","title":{"rendered":"Prof. Stanis\u0142aw Biele\u0144: na Ukrainie \u015bcieraj\u0105 si\u0119 dwa imperializmy &#8211; ameryka\u0144ski i rosyjski"},"content":{"rendered":"<p><strong>&#8222;Wbrew oficjalnej propagandzie, obwiniaj\u0105cej Rosj\u0119 o jej imperialistyczne zap\u0119dy, na Ukrainie \u015bcieraj\u0105 si\u0119 dwa imperializmy, z tym \u017ce naszej opinii spo\u0142ecznej bardzo trudno jest zaakceptowa\u0107 tak\u017ce imperializm ameryka\u0144ski. Zach\u00f3d nie jest tu niestety bez winy&#8221; &#8211; uwa\u017ca prof. Stanis\u0142aw Biele\u0144 z Uniwersytetu Warszawskiego.<\/strong><\/p>\r\n<div>\r\n<p>Profesor Biele\u0144 uwa\u017ca, \u017ce obecnie Polacy nie oceniaj\u0105 racjonalnie kryzysu ukrai\u0144skiego:<\/p>\r\n<p><em>Strach nie jest dobrym doradc\u0105, parali\u017cuje racjonalne my\u015blenie i utrudnia postrzeganie mi\u0119dzynarodowe. Z niepokojem dostrzegam, \u017ce Polacy boj\u0105 si\u0119 Rosji i zaczynaj\u0105 ulega\u0107 syndromowi my\u015blenia grupowego, kt\u00f3rego symptomem jest widzenie \u015bwiata w tonacji czarno-bia\u0142ej, dokonywanie uproszcze\u0144 i stawianie spraw na zasadzie &#8222;albo my, albo oni&#8221; <\/em>&#8211; m\u00f3wi profesor. <em>W czasie kryzys\u00f3w mi\u0119dzynarodowych rzadko si\u0119ga si\u0119 do zobiektywizowanej wiedzy i racjonalnej analizy, bo lepiej sprzedaj\u0105 si\u0119 analogie i paralele, nawet te pozbawione sensu. <strong>W moim przekonaniu wszystkie te skojarzenia przywo\u0142ywane w ostatnich miesi\u0105cach, \u0142\u0105cznie z por\u00f3wnaniem Putina do Hitlera, \u015bwiadcz\u0105 tylko o tym, jak s\u0142abo rozumiemy to, co dzieje si\u0119 na wschodzie Ukrainy<\/strong><\/em> &#8211; dodaje.<\/p>\r\n<p>Badacz ocenia, \u017ce nie wzi\u0119to pod uwag\u0119 postulat\u00f3w mieszka\u0144c\u00f3w wschodniej Ukrainy:, co przynios\u0142o tragiczne skutki<\/p>\r\n<p>[&#8230;] <em>po drugiej stronie frontu znajduj\u0105 si\u0119 rosyjskoj\u0119zyczni obywatele Ukrainy, kt\u00f3rym w\u0142adza ukonstytuowana wskutek zamachu stanu (bo z punktu widzenia prawa tak to wygl\u0105da) odm\u00f3wi\u0142a w lutym br. nie tylko g\u0142osu, ale w istocie racji bytu. <strong>Niech\u0119tnie m\u00f3wi si\u0119 w Polsce o tym, \u017ce w\u0142adza ukrai\u0144ska strzela\u0142a do w\u0142asnych obywateli, nazywanych separatystami czy terrorystami tych, kt\u00f3rzy upominaj\u0105 si\u0119 o prawo do samostanowienia<\/strong>. Nie chciano przecie\u017c rozmawia\u0107 z nimi ani o autonomii wewn\u0119trznej ani o federalizacji, przypisuj\u0105c im niecne intencje Putina. W moim przekonaniu lepiej by\u0142o rozpocz\u0105\u0107 rozmowy o decentralizacji Ukrainy ni\u017c mordowa\u0107 w\u0142asnych obywateli. <strong>To jest wojna haniebna, kt\u00f3ra pokazuje, \u017ce niczego nie nauczy\u0142y nas wydarzenia na Ba\u0142kanach z lat 90. ubieg\u0142ego stulecia<\/strong><\/em> &#8211; zauwa\u017ca prof. Biele\u0144. Nauowiec wyja\u015bnia ponadto, jakie interesy w obecnym kryzysie ma Rosja:<\/p>\r\n<p><em>Ukraina nie mia\u0142a te\u017c \u017cadnego pomys\u0142u na prowadzenie sp\u00f3jnej i bezkonfliktowej polityki narodowo\u015bciowej. Obecnie jako demona postrzegamy Rosj\u0119 i Putina, cho\u0107 to wydarzenia na Ukrainie sprowokowa\u0142y Rosj\u0119 do obrony swoich interes\u00f3w &#8211; wojskowo-strategicznych (bazy na Krymie), etnicznych (ochrona ludno\u015bci rosyjskoj\u0119zycznej) i gospodarczych (cho\u0107by szlak\u00f3w tranzytowych)<\/em> &#8211; twierdzi prof. Biele\u0144. Ekspert uwa\u017ca r\u00f3wnie\u017c, \u017ce Ukraina jest miejscem, gdzie toczy si\u0119 gra o wp\u0142ywy mi\u0119dzy mocarstwami:<\/p>\r\n<p><em><strong>Ukraina by\u0142a dot\u0105d pa\u0144stwem buforowym, kt\u00f3re by\u0142o skazane na prowadzenie polityki balansowania pomi\u0119dzy Rosj\u0105 a Zachodem<\/strong>. Przecie\u017c to sam Zbigniew Brzezi\u0144ski sugerowa\u0142 kiedy\u015b, \u017ceby Ukraina przyj\u0119\u0142a &#8222;wariant fi\u0144ski&#8221;, przynajmniej na czas przej\u015bciowy. Oznacza\u0142oby to pozytywne uk\u0142adanie si\u0119 z Rosj\u0105, z mo\u017cliwo\u015bci\u0105 stopniowego zbli\u017cania si\u0119 ku Zachodowi. Bufor w stosunkach mi\u0119dzynarodowych istnieje tak d\u0142ugo, jak d\u0142ugo jest w stanie samodzielnie przeciwwa\u017cy\u0107 wp\u0142ywy jednej i drugiej strony. Je\u015bli ulegnie jednej ze stron, druga strona wkracza do akcji, aby odzyska\u0107 swoje wp\u0142ywy. <strong>Istot\u0105 dramatu ukrai\u0144skiego jest to, \u017ce zrezygnowa\u0142a ona z owego &#8222;balansowania&#8221; mi\u0119dzy Rosj\u0105 a Zachodem i zbyt szybko zdecydowa\u0142a si\u0119 na stowarzyszenie z Uni\u0105 Europejsk\u0105<\/strong>. W tym przyci\u0105ganiu Ukrainy na stron\u0119 zachodni\u0105 niema\u0142y udzia\u0142 maj\u0105 tak\u017ce Stany Zjednoczone. Wbrew oficjalnej propagandzie, obwiniaj\u0105cej Rosj\u0119 o jej imperialistyczne zap\u0119dy, na Ukrainie \u015bcieraj\u0105 si\u0119 dwa imperializmy, z tym \u017ce naszej opinii spo\u0142ecznej bardzo trudno jest zaakceptowa\u0107 tak\u017ce imperializm ameryka\u0144ski. Zach\u00f3d nie jest tu niestety bez winy. Przypisuj\u0105c sobie role misyjne i wyzwolicielskie, a obwiniaj\u0105c Rosj\u0119 o ekspansjonizm i rewizj\u0119 dotychczasowego \u0142adu zapomina o swoich interwencjach, misjach czy operacjach, kt\u00f3re cz\u0119sto prowadz\u0105 do sytuacji kryzysowych i s\u0105 sprzeczne z prawem mi\u0119dzynarodowym. Irak jest jaskrawym przejawem tej postawy. Obiektywizm nakazuje zastanowienie si\u0119 nad \u017ar\u00f3d\u0142ami istniej\u0105cego zam\u0119tu po ka\u017cdej ze stron<\/em> &#8211; m\u00f3wi profesor.<\/p>\r\n<p>pomorska.pl\/Kresy.pl<\/p>\r\n<\/div>","protected":false},"excerpt":{"rendered":"&#8222;Wbrew oficjalnej propagandzie, obwiniaj\u0105cej Rosj\u0119 o jej imperialistyczne zap\u0119dy, na Ukrainie \u015bcieraj\u0105 si\u0119 dwa imperializmy, z tym \u017ce naszej opinii spo\u0142ecznej bardzo trudno jest zaakceptowa\u0107 tak\u017ce imperializm ameryka\u0144ski. Zach\u00f3d nie jest tu niestety bez winy&#8221; &#8211; uwa\u017ca prof. Stanis\u0142aw Biele\u0144 z Uniwersytetu Warszawskiego. Profesor Biele\u0144 uwa\u017ca, \u017ce obecnie Polacy nie oceniaj\u0105 racjonalnie kryzysu ukrai\u0144skiego: Strach [&hellip;]","protected":false},"author":1,"featured_media":0,"comment_status":"closed","ping_status":"closed","sticky":false,"template":"","format":"standard","meta":{"_acf_changed":false,"_monsterinsights_skip_tracking":false,"_monsterinsights_sitenote_active":false,"_monsterinsights_sitenote_note":"","_monsterinsights_sitenote_category":0,"ngg_post_thumbnail":0,"footnotes":"","_wp_rev_ctl_limit":""},"categories":[6],"tags":[141,167,221],"acf":[],"_links":{"self":[{"href":"https:\/\/www.bibula.com\/index.php?rest_route=\/wp\/v2\/posts\/76638"}],"collection":[{"href":"https:\/\/www.bibula.com\/index.php?rest_route=\/wp\/v2\/posts"}],"about":[{"href":"https:\/\/www.bibula.com\/index.php?rest_route=\/wp\/v2\/types\/post"}],"author":[{"embeddable":true,"href":"https:\/\/www.bibula.com\/index.php?rest_route=\/wp\/v2\/users\/1"}],"replies":[{"embeddable":true,"href":"https:\/\/www.bibula.com\/index.php?rest_route=%2Fwp%2Fv2%2Fcomments&post=76638"}],"version-history":[{"count":0,"href":"https:\/\/www.bibula.com\/index.php?rest_route=\/wp\/v2\/posts\/76638\/revisions"}],"wp:attachment":[{"href":"https:\/\/www.bibula.com\/index.php?rest_route=%2Fwp%2Fv2%2Fmedia&parent=76638"}],"wp:term":[{"taxonomy":"category","embeddable":true,"href":"https:\/\/www.bibula.com\/index.php?rest_route=%2Fwp%2Fv2%2Fcategories&post=76638"},{"taxonomy":"post_tag","embeddable":true,"href":"https:\/\/www.bibula.com\/index.php?rest_route=%2Fwp%2Fv2%2Ftags&post=76638"}],"curies":[{"name":"wp","href":"https:\/\/api.w.org\/{rel}","templated":true}]}}