{"id":76590,"date":"2014-09-15T10:59:51","date_gmt":"2014-09-15T14:59:51","guid":{"rendered":"http:\/\/www.bibula.com\/?p=76590"},"modified":"2014-09-15T10:59:51","modified_gmt":"2014-09-15T14:59:51","slug":"teoria-dobra-na-wszystko","status":"publish","type":"post","link":"https:\/\/www.bibula.com\/?p=76590","title":{"rendered":"Teoria dobra na wszystko"},"content":{"rendered":"<p>No i ju\u017c jeste\u015bmy, jak to m\u00f3wi\u0105, \u201e<i>po harapie<\/i>\u201d. Premier Donald Tusk, kt\u00f3remu Nasza Z\u0142ota Pani w niemal ostatniej chwili poda\u0142a pomocn\u0105 d\u0142o\u0144, ewakuuj\u0105c go z naszego nieszcz\u0119\u015bliwego kraju na ciep\u0142\u0105 brukselsk\u0105 trafik\u0119, z\u0142o\u017cy\u0142 prezydentowi Komorowskiemu dymisj\u0119, kt\u00f3ra w\u0142a\u015bnie zosta\u0142a przyj\u0119ta &#8211; oczywi\u015bcie z powierzeniem obowi\u0105zk\u00f3w premiera do czasu zaprzysi\u0119\u017cenia nowego rz\u0105du. Misj\u0119 utworzenia nowego rz\u0105du otrzyma\u0142a marszalica Sejmu Ewa Kopacz. U\u017cywam okre\u015blenia \u201e<i>marszalica<\/i>\u201d, bo nasz nieszcz\u0119\u015bliwy kraj modernizuje si\u0119 w tempie galopuj\u0105cym niczym suchoty, co bole\u015bnie dotyka r\u00f3wnie\u017c sfer\u0119 j\u0119zyka ojczystego, wi\u0119c tylko patrze\u0107, jak po \u201e<i>ministrze Musze<\/i>\u201d pani Ewa Kopacz zostanie \u201e<i>premier\u0105<\/i>\u201d &#8211; bo u\u017cycie okre\u015blenia \u201e<i>premierzyca<\/i>\u201d, chocia\u017c oczywi\u015bcie dowodzi\u0142oby dobrej woli, to jednak zatr\u0105ca\u0142oby intencj\u0105 warto\u015bciuj\u0105c\u0105. Jak si\u0119 okazuje, nawet w modernizacji lepiej nie przesadza\u0107 &#8211; przed czym, jak wiadomo, przestrzega\u0142 ogrodnik.<\/p>\r\n<p>Kt\u00f3\u017c wejdzie do nowego rz\u0105du, kt\u00f3\u017c zostanie marsza\u0142kiem Sejmu po odej\u015bciu marszalicy, kt\u00f3\u017c z rz\u0105du wyleci i co ze sob\u0105 zrobi &#8211; to s\u0105 gor\u0105czkowe pytania, na kt\u00f3re usi\u0142uj\u0105 znale\u017a\u0107 odpowied\u017a w tubylczym demi-mondzie, obejmuj\u0105cym nie tylko Umi\u0142owanych Przyw\u00f3dc\u00f3w, ale i poprzydzielanych do nich kolaborant\u00f3w z niezale\u017cnych medi\u00f3w g\u0142\u00f3wnego nurtu. Wi\u0119c kiedy tak \u201e<i>zachodzim w um z Podgornym Kol\u0105<\/i>\u201d, warto odwo\u0142a\u0107 si\u0119 do mojej ulubionej teorii spiskowej, wed\u0142ug kt\u00f3rej ministrowie tubylczego rz\u0105du s\u0105 do\u0144 delegowani przez poszczeg\u00f3lne bezpieczniackie watahy, by pilnowali tam ich interes\u00f3w, za\u015b premier jest rodzajem notariusza kompromisu zawartego mi\u0119dzy watahami. Dlatego w\u0142a\u015bnie premier Tusk nie m\u00f3g\u0142 w swoim czasie zdymisjonowa\u0107 ministra gospodarki Aleksandra Grada, chocia\u017c tak\u0105 dymisj\u0119 zapowiada\u0142, je\u015bli minister nie znajdzie strategicznego inwestora dla stoczni. Ale kiedy nie znalaz\u0142, bo sk\u0105d niby mia\u0142by wzi\u0105\u0107 strategicznego inwestora &#8211; premier Tusk ani pomy\u015bla\u0142 o dymisji, tylko powiedzia\u0142, \u017ce wszystko jest w jak najlepszym porz\u0105dku. Z podobnych powod\u00f3w nie m\u00f3g\u0142 zdymisjonowa\u0107 ministra Bart\u0142omieja Sienkiewicza &#8211; bo ju\u017c w przypadku ministra Grada kto\u015b musia\u0142 mu przypomnie\u0107, \u017ce ministrowie nie podlegaj\u0105 jemu, tylko temu, kto ich do rz\u0105du delegowa\u0142.<\/p>\r\n<p>W dodatku teoria spiskowa znacznie lepiej wyja\u015bnia przyczyny, dla kt\u00f3rych nast\u0119pc\u0105 Donalda Tuska na stanowisku premiera zostanie marszalica Ewa Kopacz. Trzeba w tym celu przypomnie\u0107, \u017ce Ewa Kopacz, niezbyt znana po\u015blica, pocz\u0105tkowo Unii Wolno\u015bci, z okr\u0119gu radomskiego, w roku 2007 znalaz\u0142a si\u0119 w tak zwanym \u201e<i>gabinecie cieni<\/i>\u201d Platformy Obywatelskiej, szykuj\u0105c si\u0119 do obj\u0119cia resortu zdrowia. W tym \u201e<i>gabinecie cieni<\/i>\u201d byli r\u00f3wnie\u017c politycy znacznie wi\u0119kszego ni\u017c Ewa Kopacz kalibru &#8211; ale kiedy przysz\u0142o do tworzenia rz\u0105du, to w\u0142a\u015bnie tylko Ewa Kopacz i Miros\u0142aw Drzewiecki, p\u00f3\u017aniejszy \u201e<i>Miro<\/i>\u201d z afery hazardowej, obj\u0119li resorty, na kt\u00f3re si\u0119 szykowali, podczas gdy inni cz\u0142onkowie \u201e<i>gabinetu cieni<\/i>\u201d albo w og\u00f3le wypadli z obiegu, jak np. Jan Maria Rokita, niedosz\u0142y \u201e<i>premier z Krakowa<\/i>\u201d, albo musieli zadowoli\u0107 si\u0119 jakimi\u015b namiastkami. I tak np. wyznaczony w \u201e<i>gabinecie cieni<\/i>\u201d na ministra finans\u00f3w Zbigniew Chlebowski, kt\u00f3ry podczas afery hazardowej wytapia\u0142 z siebie t\u0142uszcz na oczach ca\u0142ej Polski, musia\u0142 ust\u0105pi\u0107 miejsca brytyjskiemu poddanemu z \u201e<i>korzeniami<\/i>\u201d, czyli Jackowi \u201e<i>Vincentowi<\/i>\u201d Rostowskiemu, Bogdan Zdrojewski stanowisko ministra obrony musia\u0142 odst\u0105pi\u0107 psychiatrze Bogdanowi Klichowi, na otarcie \u0142ez otrzymuj\u0105c Ministerstwo Kultury i Dziedzictwa Narodowego, Marek Biernacki resort spraw wewn\u0119trznych ust\u0105pi\u0142 Grzegorzowi Schetynie, a resort sprawiedliwo\u015bci Julia Pitera musia\u0142a przekaza\u0107 Zbigniewowi \u00c4\u2020wi\u0105kalskiemu &#8211; i tak dalej. Najwidoczniej do Donalda Tuska musia\u0142 w mi\u0119dzyczasie przyj\u015b\u0107 kto\u015b starszy i m\u0105drzejszy i powiedzia\u0142: \u201e<i>s\u0142uchajcie no, Tusk; macie tu papier ze sk\u0142adem waszego gabinetu i nie pr\u00f3bujcie tu nic kombinowa\u0107, bo wynikn\u0105 z tego same zgryzoty, a my b\u0119dziemy musieli wam przypomnie\u0107, sk\u0105d wyrastaj\u0105 wam nogi<\/i>\u201d. Poszlak\u0105 wskazuj\u0105c\u0105, \u017ce tak w\u0142a\u015bnie mog\u0142o by\u0107, jest fakt, i\u017c \u017caden z odsuni\u0119tych, czy wykiwanych cz\u0142onk\u00f3w \u201e<i>gabinetu cieni<\/i>\u201d nie pisn\u0105\u0142 ani s\u0142\u00f3wka protestu.<\/p>\r\n<p>Z drugiej strony okoliczno\u015b\u0107, i\u017c Ewa Kopacz obj\u0119\u0142a stanowisko, na kt\u00f3re by\u0142a szykowana pokazuje, \u017ce jej obecno\u015b\u0107 w gabinecie cieni nie by\u0142a skutkiem przypadku czy b\u0142\u0119du, tylko \u015bwiadomej i przemy\u015blanej decyzji re\u017cyser\u00f3w naszej politycznej sceny. Kolejn\u0105 poszlak\u0105 wskazuj\u0105c\u0105 na wysokie notowania Ewy Kopacz w tych kr\u0119gach jest to, \u017ce chocia\u017c na stanowisku ministra zdrowia nie popisa\u0142a si\u0119 \u017cadnymi wybitnymi osi\u0105gni\u0119ciami, zosta\u0142a przesuni\u0119ta na stanowisko sejmowej marszalicy, wygryzaj\u0105c stamt\u0105d Grzegorza Schetyn\u0119. Po raz drugi wygryz\u0142a go ze stanowiska pierwszego wiceprzewodnicz\u0105cego PO, co by wskazywa\u0142o, \u017ce Ew\u0119 Kopacz prowadzi ta sama r\u0119ka, co Donalda Tuska, podczas gdy Grzegorza Schetyn\u0119 &#8211; inna. W takiej sytuacji wyniesienie Ewy Kopacz na stanowisko premierzycy oznacza kontynuacj\u0119, a to oznacza, \u017ce Nasza Z\u0142ota Pani nie \u017cyczy sobie tu \u017cadnych rewolucji.<\/p>\r\n<p>No bo pomy\u015blmy sami &#8211; po co tu jakie\u015b rewolucje, kiedy niemiecka prasa otwartym tekstem pisze, \u017ce gdy Donald Tusk w roku 2020 zako\u0144czy drug\u0105 kadencj\u0119 na stanowisku przewodnicz\u0105cego Rady Europejskiej, to powr\u00f3ci do Polski, by zosta\u0107 prezydentem po Bronis\u0142awie Komorowskim, kt\u00f3ry te\u017c zako\u0144czy swoj\u0105 drug\u0105 kadencj\u0119? Skoro Nasza Z\u0142ota Pani o wszystkim troskliwie pomy\u015bla\u0142a i o wszystko si\u0119 zatroszczy\u0142a, to czy\u017c naszemu mniej warto\u015bciowemu narodowi tubylczemu wypada przeciwko temu wierzga\u0107? Jasne, \u017ce nie wypada, zatem &#8211; jak \u015bpiewa\u0142a kiedy\u015b Krystyna Pro\u0144ko &#8211; \u201e<i>b\u0119dzie to, co ma by\u0107<\/i>\u201d &#8211; i tylko czarne chmury gromadz\u0105 si\u0119 nad ministrem Bart\u0142omiejem Sienkiewiczem i Rados\u0142awem Sikorskim. Ten ostatni najwyra\u017aniej podpad\u0142 nie tylko prezydentowi Obamie, ale r\u00f3wnie\u017c Naszej Z\u0142otej Pani &#8211; na co wskazywa\u0142by artyku\u0142 pryncypialnie krytykuj\u0105cy niemieck\u0105 polityk\u0119 zagraniczn\u0105, napisany przez ma\u0142\u017conk\u0119 ministra Sikorskiego, Ann\u0119 Applebaum. Najwyra\u017aniej musia\u0142a ona dowiedzie\u0107 si\u0119 o tej nie\u0142asce zawczasu, to znaczy &#8211; jeszcze przed og\u0142oszeniem i\u017c ministr\u0105 spraw zagranicznych Unii Europejskiej zosta\u0142a w\u0142oska komunistka Fryderyka Mogherini &#8211; bo niezale\u017cne media g\u0142\u00f3wnego nurtu do ostatniej chwili utrzymywa\u0142y, \u017ce na obj\u0119cie stanowiska po podobnej do konia komunistce angielskiej baronessie Katarzynie Ashton \u201e<i>du\u017ce szanse<\/i>\u201d ma w\u0142a\u015bnie minister Sikorski.<\/p>\r\n<p>Wreszcie c\u00f3\u017c, je\u015bli nie moja ulubiona teoria spiskowa lepiej obja\u015bni przem\u00f3wienie pana prezydenta Komorowskiego w niemieckim Bundestagu, co taktownie umo\u017cliwi\u0142a mu Nasza Z\u0142ota Pani? Ot\u00f3\u017c jak wiadomo, kiedy prezydent Obama zresetowa\u0142 sw\u00f3j \u201e<i>reset<\/i>\u201d w stosunkach z Rosj\u0105, USA zapali\u0142y zielone \u015bwiat\u0142o dla przewrotu politycznego na Ukrainie. W zwi\u0105zku z tym Polsce zosta\u0142a po raz kolejny propozycja podj\u0119cia si\u0119 niebezpiecznej roli ameryka\u0144skiego dywersanta w Europie Wschodniej, a Umi\u0142owani Przyw\u00f3dcy, chocia\u017c niekt\u00f3rzy z oci\u0105ganiem, propozycj\u0119 t\u0119 przyj\u0119li. W rezultacie w naszym nieszcz\u0119\u015bliwym kraju gwa\u0142townie reaktywowane zosta\u0142o Stronnictwo Ameryka\u0144sko-\u017bydowskie, kt\u00f3re podj\u0119\u0142o walk\u0119 o odzyskanie wp\u0142yw\u00f3w, utraconych wskutek \u201e<i>resetu<\/i>\u201d na rzecz Stronnictwa Ruskiego i Stronnictwa Pruskiego. Polska zaanga\u017cowa\u0142a si\u0119 w popieranie ukrai\u0144skiego przewrotu, co prawda g\u0142\u00f3wnie w sferze werbalnej, co jednak popchn\u0119\u0142o kraj w stron\u0119 wojennej histerii. Tymczasem po porozumieniu w Mi\u0144sku, kt\u00f3re zosta\u0142o przez prezydenta Poroszenk\u0119 zawarte, kiedy zorientowa\u0142 si\u0119, \u017ce \u201e<i>w\u015br\u00f3d serdecznych przyjaci\u00f3\u0142 psy zaj\u0105ca zjad\u0142y<\/i>\u201d, wida\u0107 wyra\u017anie, \u017ce ten przewr\u00f3t doprowadzi\u0142 do faktycznego rozbioru Ukrainy, bo o Krymie nikt ju\u017c nawet nie wspomina, a \u201e<i>Noworosja<\/i>\u201d &#8211; chocia\u017c formalnie pozostanie w ramach Ukrainy, bo zimny rosyjski czekista Putin b\u0119dzie unika\u0142 formalnej aneksji &#8211; zostanie obdarowana autonomi\u0105, kt\u00f3rej gwarantem b\u0119dzie oczywi\u015bcie Moskwa ze wszystkimi tego konsekwencjami &#8211; s\u0142owem, kiedy okaza\u0142o si\u0119, \u017ce polskie zaanga\u017cowanie przynios\u0142o rezultat taki jak zawsze &#8211; panu prezydentowi Komorowskiemu nie pozosta\u0142o nic innego, jak odby\u0107 podr\u00f3\u017c ad limina Naszej Z\u0142otej Pani, kt\u00f3ra &#8211; jak powiadam &#8211; zachowa\u0142a si\u0119 bardzo taktownie, pozwalaj\u0105c panu prezydentowi Komorowskiemu wyt\u0142umaczy\u0107 si\u0119 przed Bundestagiem.<\/p>\r\n<p>Wyg\u0142oszone na forum Bundestagu przem\u00f3wienie prezydenta Komorowskiego doskonale odzwierciadla\u0142o stan rywalizacji mi\u0119dzy Stronnictwem Pruskim, a Stronnictwem Ameryka\u0144sko-\u017bydowskim &#8211; bo Ruskie zosta\u0142o na razie zepchni\u0119te do g\u0142\u0119bokiej defensywy. Prezydent Komorowski z jednej strony bardzo si\u0119 nas\u0142adza\u0142 \u201e<i>cudem pojednania<\/i>\u201d niemiecko-polskiego, ale z drugiej przypomina\u0142 o \u201e<i>transatlantyckiej wsp\u00f3lnocie<\/i>\u201d, co w niemieckich uszach musia\u0142o nieprzyjemnie zgrzyta\u0107, jako \u017ce od roku 1990 Niemcy realizuj\u0105 doktryn\u0119 \u201e<i>europeizacji Europy<\/i>\u201d, to znaczy &#8211; systematycznego wypychania Ameryki z europejskiej polityki. Amerykanie za\u015b raz robi\u0105 \u201e<i>krok naprz\u00f3d<\/i>\u201d, a znowu potem &#8211; \u201e<i>dwa kroki wstecz<\/i>\u201d, od czego nasz nieszcz\u0119\u015bliwy kraj zatacza si\u0119 od \u015bciany do \u015bciany. Te objawy budz\u0105 irytacje w Berlinie, kt\u00f3ry od lat pr\u00f3buje forsowa\u0107 utworzenie \u201e<i>europejskich si\u0142 zbrojnych niezale\u017cnych od NATO<\/i>\u201d &#8211; co jest czytelnym pseudonimem intencji wyprowadzenia Bundeswehry spod ameryka\u0144skiej kurateli. Prezydent Komorowski musia\u0142 by\u0107 \u015bwiadom tego zgrzytu, bo na koniec pr\u00f3bowa\u0142 go z\u0142agodzi\u0107 przedstawieniem wizji Autostrady Wolno\u015bci, kt\u00f3ra wiod\u0142aby z Berlina nie tylko do Warszawy, ale jeszcze dalej i dalej na wsch\u00f3d. Przypuszczam, \u017ce taka wizja w niejednych niemieckich uszach wywo\u0142a\u0142a wspomnienie Wielkiego Budowniczego Autostrad i niejednego rozmarzy\u0142a, ale skoro strategiczne partnerstwo rosyjsko-niemieckie wytrzyma\u0142o dotychczas pr\u00f3by niszcz\u0105ce, jakim podda\u0142y je Stany Zjednoczone, to przetrzyma\u0142o i t\u0119.<\/p>\r\n<p class=\"podpis_tekst\"><strong><em>Stanis\u0142aw Michalkiewicz<\/em><\/strong><\/p>\r\n<p class=\"informacje\"><i>Sta\u0142y komentarz Stanis\u0142awa Michalkiewicza ukazuje si\u0119 w ka\u017cdym numerze tygodnika \u201eGoniec\u201d (Toronto, Kanada).<\/i><\/p>\r\n<p class=\"informacje\">Komentarz \u00a0<b>\u2022<\/b>\u00a0 tygodnik \u201eGoniec\u201d (Toronto) \u00a0<b>\u2022<\/b>\u00a0 15 wrze\u015bnia 2014<\/p>","protected":false},"excerpt":{"rendered":"No i ju\u017c jeste\u015bmy, jak to m\u00f3wi\u0105, \u201epo harapie\u201d. Premier Donald Tusk, kt\u00f3remu Nasza Z\u0142ota Pani w niemal ostatniej chwili poda\u0142a pomocn\u0105 d\u0142o\u0144, ewakuuj\u0105c go z naszego nieszcz\u0119\u015bliwego kraju na ciep\u0142\u0105 brukselsk\u0105 trafik\u0119, z\u0142o\u017cy\u0142 prezydentowi Komorowskiemu dymisj\u0119, kt\u00f3ra w\u0142a\u015bnie zosta\u0142a przyj\u0119ta &#8211; oczywi\u015bcie z powierzeniem obowi\u0105zk\u00f3w premiera do czasu zaprzysi\u0119\u017cenia nowego rz\u0105du. Misj\u0119 utworzenia nowego [&hellip;]","protected":false},"author":1,"featured_media":0,"comment_status":"closed","ping_status":"closed","sticky":false,"template":"","format":"standard","meta":{"_acf_changed":false,"_monsterinsights_skip_tracking":false,"_monsterinsights_sitenote_active":false,"_monsterinsights_sitenote_note":"","_monsterinsights_sitenote_category":0,"ngg_post_thumbnail":0,"footnotes":"","_wp_rev_ctl_limit":""},"categories":[9],"tags":[166,23,92,34,141,167],"acf":[],"_links":{"self":[{"href":"https:\/\/www.bibula.com\/index.php?rest_route=\/wp\/v2\/posts\/76590"}],"collection":[{"href":"https:\/\/www.bibula.com\/index.php?rest_route=\/wp\/v2\/posts"}],"about":[{"href":"https:\/\/www.bibula.com\/index.php?rest_route=\/wp\/v2\/types\/post"}],"author":[{"embeddable":true,"href":"https:\/\/www.bibula.com\/index.php?rest_route=\/wp\/v2\/users\/1"}],"replies":[{"embeddable":true,"href":"https:\/\/www.bibula.com\/index.php?rest_route=%2Fwp%2Fv2%2Fcomments&post=76590"}],"version-history":[{"count":0,"href":"https:\/\/www.bibula.com\/index.php?rest_route=\/wp\/v2\/posts\/76590\/revisions"}],"wp:attachment":[{"href":"https:\/\/www.bibula.com\/index.php?rest_route=%2Fwp%2Fv2%2Fmedia&parent=76590"}],"wp:term":[{"taxonomy":"category","embeddable":true,"href":"https:\/\/www.bibula.com\/index.php?rest_route=%2Fwp%2Fv2%2Fcategories&post=76590"},{"taxonomy":"post_tag","embeddable":true,"href":"https:\/\/www.bibula.com\/index.php?rest_route=%2Fwp%2Fv2%2Ftags&post=76590"}],"curies":[{"name":"wp","href":"https:\/\/api.w.org\/{rel}","templated":true}]}}