{"id":76363,"date":"2014-09-03T09:14:30","date_gmt":"2014-09-03T13:14:30","guid":{"rendered":"http:\/\/www.bibula.com\/?p=76363"},"modified":"2014-09-03T09:28:13","modified_gmt":"2014-09-03T13:28:13","slug":"dlaczego-vaclav-klaus-popiera-aneksje-krymu","status":"publish","type":"post","link":"https:\/\/www.bibula.com\/?p=76363","title":{"rendered":"Dlaczego Vaclav Klaus popiera aneksj\u0119 Krymu?"},"content":{"rendered":"<p><strong>By\u0142y czeski premier i prezydent &#8211; Vaclav Klaus &#8211; twierdzi, \u017ce prezydent Rosji nie ponosi odpowiedzialno\u015bci za aneksj\u0119 Krymu, Ukraina jest pa\u0144stwem \u201esztucznym\u201d i powinna pozosta\u0107 w rosyjskiej strefie wp\u0142yw\u00f3w. Prezentuje przy tym, jak zauwa\u017caj\u0105 komentatorzy, ca\u0142y szereg fa\u0142szywych argument\u00f3w. <br \/><\/strong><\/p>\r\n<p>Vaclav Klaus jeszcze w kwietniu bie\u017c\u0105cego roku wraz z by\u0142ym szefem swojego gabinetu, Jiri Weiglem, opublikowa\u0142 znamienny esej pt. \u201eZacznijmy prawdziw\u0105 dyskusj\u0119 o Ukrainie\u201d. Jak stwierdzili jego autorzy, W\u0142adimir Putin nie ponosi odpowiedzialno\u015bci za aneksj\u0119 Krymu, a referendum przeprowadzone na p\u00f3\u0142wyspie wynika\u0142o z rosn\u0105cych obaw \u201erosyjskiej cz\u0119\u015bci ludno\u015bci\u201d. W innym o\u015bwiadczeniu Vaclav Klaus oceni\u0142 aneksj\u0119 Krymu jako dzia\u0142anie \u201ewymuszone\u201d rozgrywk\u0105 polityczn\u0105. Jego zdaniem, Kreml nie posiada\u0142 w tym przypadku alternatywy.<\/p>\r\n<p>Dwaj uczeni z Cato Institute, Andriej I\u0142\u0142arionow (by\u0142 doradc\u0105 prezydenta Putina) i Dalibor Rohac, ostro polemizuj\u0105 z tezami Klausa. Twierdz\u0105, \u017ce czeski polityk ignoruje fakt, i\u017c kampania rosyjska na Krymie rozpocz\u0119\u0142a si\u0119 na d\u0142ugo przed wyjazdem (a nie \u201ede facto wydaleniem\u201d, jak podkre\u015bla Klaus) prezydenta Wiktora Janukowycza z Kijowa, a nawet przed 21 marca, kiedy podpisana zosta\u0142a umowa mi\u0119dzy \u00f3wczesnym prezydentem Ukrainy a opozycj\u0105. Potwierdza to symbolicznie rosyjskie ministerstwo obrony datami umieszczanymi na odznaczeniach przyznawanych Ukrai\u0144com za wsp\u00f3\u0142prac\u0119 z Moskw\u0105. Medale odnosz\u0105 si\u0119 do okresu mi\u0119dzy 20 lutym a 18 marca &#8211; Rosjanie sami uznaj\u0105, \u017ce \u201eoperacja krymska\u201d rozpocz\u0119\u0142a si\u0119 jeszcze przed zmian\u0105 rz\u0105du w Kijowie.<\/p>\r\n<p>Klaus twierdzi tak\u017ce, \u017ce od\u0142\u0105czenie Krymu od Ukrainy wynika z prawdziwych d\u0105\u017ce\u0144 tamtejszej ludno\u015bci pragn\u0105cej osi\u0105gn\u0105\u0107 niezale\u017cno\u015b\u0107. I\u0142\u0142arionow i Rohac zauwa\u017caj\u0105 jednak, \u017ce ten region od dawna cieszy\u0142 si\u0119 w ramach Ukrainy znaczn\u0105 autonomi\u0105. W ostatnich wyborach do lokalnego parlamentu separaty\u015bci (pod wodz\u0105 samozwa\u0144czego premiera Siergieja Aksjonowa) zdobyli zaledwie trzy na sto mandat\u00f3w. Krymskie referendum &#8211; kontynuuj\u0105 autorzy polemiki &#8211; by\u0142o nielegalne i nie odzwierciedla\u0142o woli wi\u0119kszo\u015bci mieszka\u0144c\u00f3w p\u00f3\u0142wyspu. Wed\u0142ug raportu przygotowanego przez Rosyjsk\u0105 Rad\u0119 Spo\u0142ecze\u0144stwa Obywatelskiego i Praw Cz\u0142owieka, oficjalnego stowarzyszenia pracuj\u0105cego pod patronatem prezydenta Rosji, frekwencja w referendum waha\u0142a si\u0119 mi\u0119dzy 15 a 30 procent. Wed\u0142ug lidera Tatar\u00f3w krymskich, Mustafy D\u017cemilewa, Federalna S\u0142u\u017cba Bezpiecze\u0144stwa Rosji (FSB) szacuje frekwencj\u0119 na poziomie 32 procent.<\/p>\r\n<p>Jak r\u00f3wnocze\u015bnie twierdzi Vaclav Klaus, \u201edemonstracje na Majdanie przybra\u0142y radykalny charakter, chocia\u017c rz\u0105d Wiktora Janukowycza nie podj\u0105\u0142 przeciw nim \u017cadnych represyjnych krok\u00f3w\u201d. To tak\u017ce nieprawda &#8211; podkre\u015blaj\u0105 analitycy Cato Institute. Same protesty by\u0142y odpowiedzi\u0105 na szereg represji podj\u0119tych wcze\u015bniej przez ukrai\u0144skie w\u0142adze. Klaus twierdzi tak\u017ce, \u017ce demonstracje opozycji na Ukrainie by\u0142y zorganizowane przez \u201etowarzyszy z Europy Zachodniej i Stan\u00f3w Zjednoczonych, kt\u00f3rzy chcieli zniszczy\u0107 Ukrain\u0119\u201d. Tymczasem Moskwa prowadzi\u0142a z Kijowem d\u0142ugotrwa\u0142\u0105 wojn\u0119 gospodarcz\u0105, maj\u0105c\u0105 zniech\u0119ci\u0107 Ukrai\u0144c\u00f3w do podpisania umowy stowarzyszeniowej z Uni\u0105 Europejsk\u0105. Pod koniec lipca ubieg\u0142ego roku szef s\u0142u\u017cby sanitarnej Rosji zakaza\u0142 importu z Ukrainy produkt\u00f3w cukierniczych, nast\u0119pnie zakaz ten zosta\u0142 rozszerzony o inne towary.<\/p>\r\n<p>Klaus podkre\u015bla wreszcie, \u017ce obecna sytuacja na Ukrainie jest wynikiem skomplikowanych dziej\u00f3w historycznych, politycznych i kulturowych. Czeski polityk wskazuje na nieudan\u0105 transformacj\u0119 ustrojow\u0105 Ukrainy, kt\u00f3r\u0105 ocenia jako\u2026 \u201esztuczny\u201d tw\u00f3r, kt\u00f3remu od czasu upadku ZSRR nie uda\u0142o si\u0119 przekszta\u0142ci\u0107 w niepodleg\u0142e pa\u0144stwo. Vaclav Klaus twierdzi, \u017ce w granicach tego kraju znajduj\u0105 si\u0119 tereny, kt\u00f3re nigdy do niego nie nale\u017ca\u0142y: Zakarpacie i Galicja oraz Krym, Odessa i kolejne obszary na wschodzie. Andriej I\u0142\u0142arionow i Dalibor Rohac zauwa\u017caj\u0105 jednak, \u017ce f i zakwestionowa\u0107 jej obecne granice, a tak\u017ce Rumuni\u0119 i kilka innych kraj\u00f3w.<\/p>\r\n<p>Wed\u0142ug Vaclava Klausa Ukraina \u201enie posiada historycznej tradycji pa\u0144stwowo\u015bci\u201d. Autorzy polemiki zauwa\u017caj\u0105, \u017ce to kolejne spo\u015br\u00f3d osobliwych stwierdze\u0144 tego polityka. Czech podkre\u015bla\u0142, \u017ce \u201eUkraina pozosta\u0142a i musia\u0142a pozosta\u0107 krajem ekonomicznie g\u0142\u0119boko zakorzenionym w postsowieckim bloku, krajem zwi\u0105zanym z Rosj\u0105, a pod wieloma wzgl\u0119dami tak\u017ce zale\u017cnym od niej\u201d. Sugeruje, \u017ce taki stan rzeczy jest po\u017c\u0105dany, bez wzgl\u0119du na wol\u0119 Ukrai\u0144c\u00f3w. W ko\u0144cu, oba te kraje \u0142\u0105czy\u0107 maj\u0105 &#8211; poza wzgl\u0119dami gospodarczymi &#8211; tak\u017ce dzieje historyczne i kultura. \u201eDla Rosji Ukraina nie jest jedynie najbli\u017cszym s\u0105siadem. To historyczna kolebka jej pa\u0144stwowo\u015bci i kultury, dom dziesi\u0105tek milion\u00f3w Rosjan\u201d &#8211; czytamy. St\u0105d te\u017c \u201enacjonalistyczny rz\u0105d ukrai\u0144ski\u201d ma nie posiada\u0107 racji bytu.<\/p>\r\n<p>Autorzy polemiki nie chc\u0105c spekulowa\u0107 na temat motyw\u00f3w wypowiedzi Vaclava Klausa na temat Ukrainy. Kr\u00f3tko stwierdzaj\u0105, \u017ce przedstawiona przez niego argumentacja jest fa\u0142szywa. Wsp\u00f3\u0142brzmi za to z propagand\u0105 prezentowan\u0105 przez rosyjskie media.<\/p>\r\n<p>\u0179r\u00f3d\u0142o: worldaffairs.journal.org., AS.<\/p>\r\n<blockquote>\r\n<p><strong>KOMENTARZ <em>BIBU\u0141Y<\/em><\/strong>: Na pytanie: &#8222;<em>Dlaczego Vaclav Klaus popiera aneksj\u0119 Krymu?<\/em>&#8222;, mo\u017cna odpowiedzie\u0107 wprost: bo jest najm\u0105drzejszym politykiem Europy, umiej\u0105cym dostrzec prawdziwe przyczyny \u015bwiatowych rozgrywek politycznych, dostrzec poprzez rozci\u0105gni\u0119t\u0105 przez zachodnie i pro-zachodnie (czytaj: syjonistyczne i pro-syjonistyczne) media, pr\u00f3buj\u0105ce wszystkim narzuci\u0107 jako objawion\u0105 prawd\u0119 historyczn\u0105 zak\u0142amany obraz wydarze\u0144. Vaclav Klaus ma racj\u0119 m\u00f3wi\u0105c, \u017ce &#8222;<em>aneksja Krymu by\u0142a dzia\u0142aniem \u201ewymuszonym\u201d rozgrywk\u0105 polityczn\u0105 i Kreml nie posiada\u0142 w tym przypadku alternatywy<\/em>&#8222;. Oczywi\u015bcie, \u017ce Rosja jako aspiruj\u0105ce do powa\u017cnego pa\u0144stwa w regionie, poczu\u0142a si\u0119 zagro\u017cona okr\u0105\u017caniem strefy ukrai\u0144skiej przez syjonistyczne si\u0142y. Na takie pr\u00f3by zareagowa\u0142oby ka\u017cde pa\u0144stwo powa\u017cnie traktuj\u0105ce swoj\u0105 racj\u0119 bytu.<\/p>\r\n<p>W tej dyskusji nie wolno r\u00f3wnie\u017c dopuszcza\u0107 si\u0119 por\u00f3wna\u0144 Ukrainy z Polsk\u0105, w spos\u00f3b przytoczony w powy\u017cszej notatce &#8211; bowiem Ukraina <strong><em>jest <\/em><\/strong>pa\u0144stwem sztucznym, o niemal \u017cadnej historii i to\u017csamo\u015bci. To, \u017ce bandy o kozackich i banderowskich korzeniach &#8211; bo tylko tak daleko potrafi\u0105 si\u0119gn\u0105\u0107 w swojej historii i to\u017csamo\u015bci &#8211; zorganizowa\u0142y si\u0119 wype\u0142niaj\u0105c wymagania pro-syjonistycznych o\u015brodk\u00f3w oraz terroryzuj\u0105c ludno\u015b\u0107, nie \u015bwiadczy jeszcze o narodowych i pa\u0144stwowych podstawach. <\/p>\r\n<p>W sumie: argumentacja Vaclava Klausa, a szczeg\u00f3lnie jego konkluzja co do <strong>obronnych dzia\u0142a\u0144 Rosji<\/strong> &#8211; jest prawdziwa.<\/p>\r\n<\/blockquote>","protected":false},"excerpt":{"rendered":"By\u0142y czeski premier i prezydent &#8211; Vaclav Klaus &#8211; twierdzi, \u017ce prezydent Rosji nie ponosi odpowiedzialno\u015bci za aneksj\u0119 Krymu, Ukraina jest pa\u0144stwem \u201esztucznym\u201d i powinna pozosta\u0107 w rosyjskiej strefie wp\u0142yw\u00f3w. Prezentuje przy tym, jak zauwa\u017caj\u0105 komentatorzy, ca\u0142y szereg fa\u0142szywych argument\u00f3w. Vaclav Klaus jeszcze w kwietniu bie\u017c\u0105cego roku wraz z by\u0142ym szefem swojego gabinetu, Jiri Weiglem, [&hellip;]","protected":false},"author":1,"featured_media":0,"comment_status":"closed","ping_status":"closed","sticky":false,"template":"","format":"standard","meta":{"_acf_changed":false,"_monsterinsights_skip_tracking":false,"_monsterinsights_sitenote_active":false,"_monsterinsights_sitenote_note":"","_monsterinsights_sitenote_category":0,"ngg_post_thumbnail":0,"footnotes":"","_wp_rev_ctl_limit":""},"categories":[6],"tags":[227,141,167],"acf":[],"_links":{"self":[{"href":"https:\/\/www.bibula.com\/index.php?rest_route=\/wp\/v2\/posts\/76363"}],"collection":[{"href":"https:\/\/www.bibula.com\/index.php?rest_route=\/wp\/v2\/posts"}],"about":[{"href":"https:\/\/www.bibula.com\/index.php?rest_route=\/wp\/v2\/types\/post"}],"author":[{"embeddable":true,"href":"https:\/\/www.bibula.com\/index.php?rest_route=\/wp\/v2\/users\/1"}],"replies":[{"embeddable":true,"href":"https:\/\/www.bibula.com\/index.php?rest_route=%2Fwp%2Fv2%2Fcomments&post=76363"}],"version-history":[{"count":0,"href":"https:\/\/www.bibula.com\/index.php?rest_route=\/wp\/v2\/posts\/76363\/revisions"}],"wp:attachment":[{"href":"https:\/\/www.bibula.com\/index.php?rest_route=%2Fwp%2Fv2%2Fmedia&parent=76363"}],"wp:term":[{"taxonomy":"category","embeddable":true,"href":"https:\/\/www.bibula.com\/index.php?rest_route=%2Fwp%2Fv2%2Fcategories&post=76363"},{"taxonomy":"post_tag","embeddable":true,"href":"https:\/\/www.bibula.com\/index.php?rest_route=%2Fwp%2Fv2%2Ftags&post=76363"}],"curies":[{"name":"wp","href":"https:\/\/api.w.org\/{rel}","templated":true}]}}