{"id":76233,"date":"2014-08-29T09:29:56","date_gmt":"2014-08-29T13:29:56","guid":{"rendered":"http:\/\/www.bibula.com\/?p=76233"},"modified":"2014-08-29T09:29:56","modified_gmt":"2014-08-29T13:29:56","slug":"steinbach-triumfuje","status":"publish","type":"post","link":"https:\/\/www.bibula.com\/?p=76233","title":{"rendered":"Steinbach triumfuje"},"content":{"rendered":"<p>Niemiecki rz\u0105d podj\u0105\u0142 decyzj\u0119 o ustanowieniu 20 czerwca Narodowym Dniem Pami\u0119ci o Ofiarach Ucieczek i Wyp\u0119dze\u0144. Szefowa Zwi\u0105zku Wyp\u0119dzonych (BdV) Erika Steinbach podzi\u0119kowa\u0142a za realizacj\u0119 projektu, o kt\u00f3ry zabiega\u0142a od lat. &#8211; Po raz pierwszy nowe \u015bwi\u0119to b\u0119dzie obchodzone w przysz\u0142ym roku &#8211; powiedzia\u0142 minister spraw wewn\u0119trznych Thomas de Maizi\u00c3\u00a8re po posiedzeniu rz\u0105du. Kierowany przez Erik\u0119 Steinbach Zwi\u0105zek Wyp\u0119dzonych domaga\u0142 si\u0119 od lat ustanowienia dnia pami\u0119ci o ofiarach przymusowych wysiedle\u0144. Zdaniem Steinbach, powojenne wysiedlenia by\u0142y niezgodne z prawem mi\u0119dzynarodowym. Kraje zwi\u0105zkowe, w kt\u00f3rych rz\u0105dz\u0105 partie chadeckie &#8211; Bawaria, Hesja i Saksonia &#8211; wprowadzi\u0142y ju\u017c wcze\u015bniej obowi\u0105zuj\u0105ce na terenie ich land\u00f3w dni pami\u0119ci. Poprzednie rz\u0105dy w Berlinie sta\u0142y na stanowisku, \u017ce centralne \u015bwi\u0119to upami\u0119tniaj\u0105ce ofiary wyp\u0119dzenia nie jest potrzebne. Oczekiwania ziomkostw spe\u0142ni\u0142 rz\u0105d Angeli Merkel. Najpierw utworzono muzeum, teraz za\u015b ustanowiono Dzie\u0144 Pami\u0119ci o Ofiarach Ucieczek i Wyp\u0119dze\u0144. Decyzja zapad\u0142a pi\u0119\u0107 dni przed 75. rocznic\u0105 agresji hitlerowskich Niemiec na Polsk\u0119. Niemiecka polityka historyczna od lat koncentruje si\u0119 na pomniejszaniu odpowiedzialno\u015bci za zbrodnie II wojny \u015bwiatowej.<\/p>\r\n<p><strong><em>\u0141S<\/em><\/strong><\/p>\r\n<p class=\"zrodlo\">Za: <a href=\"http:\/\/www.naszdziennik.pl\/wp\/94145,steinbach-triumfuje.html\">Nasz Dziennik, Pi\u0105tek, 29 sierpnia 2014, Nr 200 (5042)<\/a><\/p>\r\n<blockquote>\r\n<h2>Niemcy \u201euczcz\u0105\u201d 1 wrze\u015bnia filmem szkaluj\u0105cym AK<\/h2>\r\n<p><strong>Niemieckie stacje telewizyjne 75. rocznic\u0119 wybuchu II wojny \u015bwiatowej \u201euczcz\u0105\u201d emisj\u0105 filmu \u201eNasze matki, nasi ojcowie\u201d. Obraz zdejmuje z Niemc\u00f3w odpowiedzialno\u015b\u0107 za liczne zbrodnie, przerzucaj\u0105c j\u0105 na polski ruch oporu. <br \/><\/strong><\/p>\r\n<p>O filmie sta\u0142o si\u0119 g\u0142o\u015bno, gdy po raz pierwszy emitowa\u0142a go publiczna telewizja niemiecka ZDF, kt\u00f3ra by\u0142a tak\u017ce jego producentem. \u201eNasze matki, nasi ojcowie\u201d opowiada o II wojnie \u015bwiatowej a, jak wynika z fabu\u0142y, na dobre rozpoczyna si\u0119 ona w\u2026 1941 roku wybuchem wojny niemiecko-sowieckiej.<\/p>\r\n<p>W filmie widzimy te\u017c \u017co\u0142nierzy Armii Krajowej, zabijaj\u0105cych \u017byd\u00f3w i wygl\u0105daj\u0105cych niemal jak opryszki.<\/p>\r\n<p>Obraz \u015bwi\u0119ci jednak tryumfy zbieraj\u0105c liczne nagrody. W okolicach 75. rocznicy napa\u015bci Niemiec na Polsk\u0119, b\u0119dzie prezentowany kolejny raz w stacjach telewizyjnych za nasz\u0105 zachodni\u0105 granic\u0105. Film (cz\u0119\u015b\u0107 pierwsza i druga) b\u0119dzie emitowany najpierw 28 sierpnia w najlepszym czasie antenowym o 20.15 w stacji ART, natomiast druga trzecia dzie\u0144 p\u00f3\u017aniej o tej samej porze.<\/p>\r\n<p>W dzie\u0144 samej rocznicy, czyli 1 wrze\u015bnia film poka\u017ce niemiecka stacja Phoenix, nast\u0119pnie 2 wrze\u015bnia ARTE powt\u00f3rzy emisj\u0119 wszystkich odcink\u00f3w tego antypolskiego miniserialu. Z kolei 14 wrze\u015bnia ten karygodny spektakl medialny zako\u0144czy pokaz tego filmu w niemieckiej wersji stacji History Channel.<\/p>\r\n<p>\u0179r\u00f3d\u0142o: prawy.pl<\/p>\r\n<p>ged<\/p>\r\n<p class=\"zrodlo\">Za: <a href=\"http:\/\/www.pch24.pl\/niemcy-uczcza-1-wrzesnia-filmem-szkalujacym-ak,25110,i.html\">Polonia Christiana &#8211; pch24.pl (2014-08-29)<\/a><\/p>\r\n<\/blockquote>","protected":false},"excerpt":{"rendered":"Niemiecki rz\u0105d podj\u0105\u0142 decyzj\u0119 o ustanowieniu 20 czerwca Narodowym Dniem Pami\u0119ci o Ofiarach Ucieczek i Wyp\u0119dze\u0144. Szefowa Zwi\u0105zku Wyp\u0119dzonych (BdV) Erika Steinbach podzi\u0119kowa\u0142a za realizacj\u0119 projektu, o kt\u00f3ry zabiega\u0142a od lat. &#8211; Po raz pierwszy nowe \u015bwi\u0119to b\u0119dzie obchodzone w przysz\u0142ym roku &#8211; powiedzia\u0142 minister spraw wewn\u0119trznych Thomas de Maizi\u00c3\u00a8re po posiedzeniu rz\u0105du. Kierowany przez [&hellip;]","protected":false},"author":1,"featured_media":0,"comment_status":"closed","ping_status":"closed","sticky":false,"template":"","format":"standard","meta":{"_acf_changed":false,"_monsterinsights_skip_tracking":false,"_monsterinsights_sitenote_active":false,"_monsterinsights_sitenote_note":"","_monsterinsights_sitenote_category":0,"ngg_post_thumbnail":0,"footnotes":"","_wp_rev_ctl_limit":""},"categories":[6],"tags":[65,166,124,20],"acf":[],"_links":{"self":[{"href":"https:\/\/www.bibula.com\/index.php?rest_route=\/wp\/v2\/posts\/76233"}],"collection":[{"href":"https:\/\/www.bibula.com\/index.php?rest_route=\/wp\/v2\/posts"}],"about":[{"href":"https:\/\/www.bibula.com\/index.php?rest_route=\/wp\/v2\/types\/post"}],"author":[{"embeddable":true,"href":"https:\/\/www.bibula.com\/index.php?rest_route=\/wp\/v2\/users\/1"}],"replies":[{"embeddable":true,"href":"https:\/\/www.bibula.com\/index.php?rest_route=%2Fwp%2Fv2%2Fcomments&post=76233"}],"version-history":[{"count":0,"href":"https:\/\/www.bibula.com\/index.php?rest_route=\/wp\/v2\/posts\/76233\/revisions"}],"wp:attachment":[{"href":"https:\/\/www.bibula.com\/index.php?rest_route=%2Fwp%2Fv2%2Fmedia&parent=76233"}],"wp:term":[{"taxonomy":"category","embeddable":true,"href":"https:\/\/www.bibula.com\/index.php?rest_route=%2Fwp%2Fv2%2Fcategories&post=76233"},{"taxonomy":"post_tag","embeddable":true,"href":"https:\/\/www.bibula.com\/index.php?rest_route=%2Fwp%2Fv2%2Ftags&post=76233"}],"curies":[{"name":"wp","href":"https:\/\/api.w.org\/{rel}","templated":true}]}}