{"id":76228,"date":"2014-08-29T09:19:16","date_gmt":"2014-08-29T13:19:16","guid":{"rendered":"http:\/\/www.bibula.com\/?p=76228"},"modified":"2014-08-29T09:19:52","modified_gmt":"2014-08-29T13:19:52","slug":"antypolska-dzialalnosc-cerkwi-greckokatolickiej","status":"publish","type":"post","link":"https:\/\/www.bibula.com\/?p=76228","title":{"rendered":"Antypolska dzia\u0142alno\u015b\u0107 Cerkwi greckokatolickiej"},"content":{"rendered":"<p><strong>Struktury ukrai\u0144skiego nacjonalizmu, dzi\u0119ki polskiej tolerancji, ukszta\u0142towa\u0142y si\u0119 na terenie II Rzeczypospolitej. Szczeg\u00f3ln\u0105 rol\u0119 w ich umacnianiu odegra\u0142a Cerkiew greckokatolicka.<\/strong><\/p>\r\n<p><img fetchpriority=\"high\" decoding=\"async\" class=\"aligncenter\" src=\"http:\/\/www.mysl-polska.pl\/gif\/ss.JPG\" alt=\"\" width=\"613\" height=\"418\" \/><br \/> <span id=\"more-44433\"><\/span><\/p>\r\n<p>W okresie mi\u0119dzywojennym wi\u0119kszo\u015b\u0107 kleru unickiego stanowi\u0142a awangard\u0119 wojuj\u0105cego nacjonalizmu i separatyzmu narodowo\u015bciowego, zajmowa\u0142a si\u0119 szerzeniem ukrai\u0144skiej nacjonalistycznej my\u015bli politycznej mimo, \u017ce uprawianie polityki nie jest sfer\u0105 dzia\u0142a\u0144 Ko\u015bcio\u0142\u00f3w.<\/p>\r\n<p><strong>Cerkiew greckokatolicka dzia\u0142a\u0142a w symbiozie z terrorystycznymi organizacjami<\/strong> jakimi by\u0142y: Ukrai\u0144ska Wojskowa Organizacja (UWO), a po 1929 r. Organizacja Ukrai\u0144skich Nacjonalist\u00f3w (OUN). Mia\u0142o to brzemienne konsekwencje dla wydarze\u0144 podczas II wojny \u015bwiatowej. Do zbrodni dokonanej na tak olbrzymi\u0105 skal\u0119 masy nale\u017ca\u0142o przygotowa\u0107, z powodzeniem przygotowa\u0142a je Cerkiew greckokatolicka pod przewodnictwem metropolity <strong>Andrzeja Szeptyckiego<\/strong>.<\/p>\r\n<p>G\u0142\u00f3wni przyw\u00f3dcy ukrai\u0144skiego ruchu nacjonalistycznego wywodzili si\u0119 z rodzin ksi\u0119\u017cy greckokatolickich, organizatorami i dow\u00f3dcami boj\u00f3wek tzw. UPA sformowanych na Wo\u0142yniu w 1943 roku byli grekokatolicy z Ma\u0142opolski Wschodniej poza jednym J. Stelmaszczukiem pochodz\u0105cym z Wo\u0142ynia. Grekokatolikami byli emisariusze OUN, kt\u00f3rzy w 1942 r. wyruszyli na Wo\u0142y\u0144 aby przekonywa\u0107 prawos\u0142awnych Ukrai\u0144c\u00f3w, \u017ce dot\u0105d nie b\u0119dzie \u201esamostijnej Ukrainy\u201d, dop\u00f3ki b\u0119d\u0105 tu Polacy. Nast\u0119pcy abp. Szeptyckiego nie ustosunkowali si\u0119 do najciemniejszych kart swojej historii, nie podj\u0119li krok\u00f3w w kierunku pot\u0119pienia ideowych sprawc\u00f3w ludob\u00f3jstwa i nie odnie\u015bli si\u0119 do niezgodnych z zasadami Ewangelii dzia\u0142a\u0144 swoich poprzednik\u00f3w.<\/p>\r\n<p>Udzia\u0142 duchowie\u0144stwa unickiego w tworzeniu antypolskiego klimatu mia\u0142 pocz\u0105tek w czasie I wojny \u015bwiatowej. Po przybyciu do Polski armii gen. J\u00f3zefa Hallera \u201eZ\u0142ocziwskie S\u0142owo\u201d zamie\u015bci\u0142o odezw\u0119 kap\u0142ana greckokatolickiego o tre\u015bci: <em>\u201eKto w Boga wierzy, kto ma cho\u0107by tyle si\u0142 aby unie\u015b\u0107 rusznic\u0119 albo n\u00f3\u017c, id\u017a przeciw Lachom pijawkom, a B\u00f3g odpu\u015bci Ci twoje grzechy. (\u2026) Pami\u0119tajcie, \u017ce niedopuszczalnym grzechem jest da\u0107 cho\u0107by wody zranionemu Lachowi, (\u2026) Zabijajcie ich we \u015bnie na kwaterach\u201d<\/em>.<\/p>\r\n<p>O sytuacji Polak\u00f3w w Galicji Wschodniej w latach 1918-1919 informowa\u0142 Ministerstwo Spraw Zagranicznych rzymsko-katolicki metropolita lwowski J\u00f3zef Bilczewski pisa\u0142: <em>\u201eW jednej z takich odezw czytamy &#8211; pami\u0119taj ukrai\u0144ski \u017co\u0142nierzu, \u017ce dop\u00f3ty nie b\u0119dzie spokoju ani dobra na ukrai\u0144skiej ziemi dop\u00f3ki \u017cy\u0107 b\u0119dzie polskie nasienie (\u2026). Pami\u0119taj, \u017ce ich ko\u015bcio\u0142y to szpiegowskie gniazda, a ich ksi\u0119\u017ca to jadowite skorpiony\u201d<\/em>. Abp Bilczewski wymieni\u0142 nazwiska sze\u015bciu ksi\u0119\u017cy swojej diecezji zamordowanych przez szowinist\u00f3w ukrai\u0144skich. (Wiktor Poliszczuk, \u201eDowody zbrodni OUN UPA\u201d, Toronto 2000 s.17).<\/p>\r\n<p>Wielu greckokatolickich duchownych s\u0142u\u017cy\u0142o w Ukrai\u0144skiej Halickiej Armii, z inicjatywy metropolity Szeptyckiego zostali przeszkoleni i obj\u0119li parafie. Dzia\u0142alno\u015b\u0107 kleru unickiego w okresie mi\u0119dzywojennym przedstawi\u0142a dr Lucyna Kuli\u0144ska w udokumentowanej pracy pt. \u201eDzia\u0142alno\u015b\u0107 terrorystyczna i sabota\u017cowa nacjonalistycznych organizacji ukrai\u0144skich w Polsce w latach 1922-1939\u201d. Archiwalne dokumenty wskazuj\u0105 jak liczny by\u0142 udzia\u0142 duchownych w popieranym przez Niemc\u00f3w ukrai\u0144skim ruchu nacjonalistycznym.<\/p>\r\n<p>Przyk\u0142adowo, ks. pra\u0142at Kunicki ze Lwowa dzia\u0142acz legalnej partii UNDO pe\u0142ni\u0142 rol\u0119 informatora Ausw\u00c3\u00a4rtiges Amt w Berlinie. Wielu duchownych sympatyzowa\u0142o lub nale\u017ca\u0142o do nielegalnych organizacji UWO-OUN pe\u0142ni\u0105cych w II RP rol\u0119 V kolumny, ich celem by\u0142o niedopuszczenie do umocnienia si\u0119 Pa\u0144stwa Polskiego, utrzymywania Kres\u00f3w w stanie wrzenia i wzniecenie og\u00f3lnonarodowego powstania. Przyw\u00f3dcy uzurpowali sobie prawo do wypowiadania si\u0119 w imieniu narodu ukrai\u0144skiego, tylko \u017ce mandatu do dzia\u0142ania w jego imieniu nie mieli.<\/p>\r\n<p>Cerkiew greckokatolicka by\u0142a jednym z najwa\u017cniejszych propagator\u00f3w idei narodowej. Ksi\u0119\u017ca, maj\u0105c du\u017c\u0105 swobod\u0119, wykorzystywali ambony i obrz\u0119dy religijne do antypolskich wyst\u0105pie\u0144. Przez lata wpajali nienawi\u015b\u0107 do wszystkiego co polskie, przekonywali wiernych, \u017ce nacjonalizm mie\u015bci si\u0119 w ramach etyki chrze\u015bcija\u0144skiej.<\/p>\r\n<p>Podczas mszy \u017ca\u0142obnych, odprawianych w intencji poleg\u0142ych terroryst\u00f3w, zab\u00f3jc\u00f3w niewinnych ludzi Polak\u00f3w i Ukrai\u0144c\u00f3w &#8211; wzywali do ich na\u015bladowania, \u015bciganym terrorystom udzielali schronienia i organizowali ich przerzuty przez granic\u0119. W II RP w szybkim tempie post\u0119powa\u0142a ukrainizacja Cerkwi greckokatolickiej, z okazji 950-lecia Chrztu Rusi wznoszono krzy\u017ce z napisem: \u201eNa pami\u0105tk\u0119 950-lecia chrztu Ukrainy\u201d. Kler greckokatolicki opanowa\u0142 organizacje kulturalno-o\u015bwiatowe, byli ksi\u0119\u017ca kt\u00f3rzy domagali si\u0119 wychowywania m\u0142odzie\u017cy po linii narodowej a nie pa\u0144stwowej, organizowali akcje przeciw polskiej szkole i w wsp\u00f3\u0142pracy z nauczycielami rozprowadzali literatur\u0119 wywrotow\u0105.<\/p>\r\n<p>Przyk\u0142ad nielojalno\u015bci wobec Rzeczypospolitej i nieznajomo\u015bci etyki katolickiej dawa\u0142 metropolita Andrzej Szeptycki. By\u0142 wdzi\u0119czny Niemcom za traktat brzeski ( luty 1918r.) zawarty z URL, w czasie walk o Lw\u00f3w popar\u0142 galicyjskich Rusin\u00f3w. W 1921 r. wyjecha\u0142 za granic\u0119 broni\u0107 sprawy ukrai\u0144skiego separatyzmu, wykorzystywa\u0142 ka\u017cd\u0105 okazj\u0119 do wyra\u017cania wrogiego stosunku do Polski. Podczas pobytu w Rzymie metropolita proponowa\u0142 w\u0142adzom ko\u015bcielnym misjonarsk\u0105 dzia\u0142alno\u015b\u0107 w Rosji z wy\u0142\u0105czeniem Polak\u00f3w. Pa\u0144stwa Ententy przedstawia\u0142y go jako agenta niemieckiego, do Polski wr\u00f3ci\u0142 w 1923 r.<\/p>\r\n<p>W\u0142adze polskie dwa razy zwraca\u0142y si\u0119 do J.E. Szeptyckiego o zaj\u0119cie stanowiska w sprawie nasilaj\u0105cych si\u0119 akcji sabota\u017cowych i zab\u00f3jstw dokonywanych przez UWO, patriarcha milcza\u0142. Dopiero gdy dosz\u0142o do wymuszonej kontrakcji wojskowo-policyjnej, podczas kt\u00f3rej skonfiskowano du\u017ce ilo\u015bci broni, abp interweniowa\u0142 u w\u0142adz polskich, wyda\u0142 tak\u017ce list pasterski, w kt\u00f3rym wzywa\u0142 do \u201enarodowej \u017ca\u0142oby\u201d, mimo \u017ce podczas \u201epacyfikacji\u201d nie zgin\u0105\u0142 ani jeden Ukrainiec. Abp dowodzi\u0142, \u017ce ukrai\u0144scy obywatele \u201ecierpi\u0105 za niewinno\u015b\u0107\u201d. Sam czu\u0142 si\u0119 niewinny mimo \u017ce w podziemiach katedry \u015bw. Jura pod jego zarz\u0105dem, ujawniono znaczne ilo\u015bci broni pochodzenia niemieckiego.<\/p>\r\n<p>Metropolita nie zdystansowa\u0142 si\u0119 od faszystowskiej ideologii Dmytro Doncowa ignoruj\u0105cej zasady chrze\u015bcija\u0144stwa i humanizmu, nie reagowa\u0142 na rozprowadzanie przez Cerkwie \u201edekalogu ukrai\u0144skiego nacjonalisty\u201d, kt\u00f3ry jawnie nawo\u0142ywa\u0142 do pope\u0142nienia przest\u0119pstwa je\u015bli tego wymaga\u0107 b\u0119dzie \u201edobro nacji\u201d.<\/p>\r\n<p>Na dzia\u0142ania rozpolitykowanego kleru zareagowa\u0142 unicki biskup stanis\u0142awowski <strong>Hrihorij Chomyszyn,<\/strong> kt\u00f3ry pot\u0119pi\u0142 \u201e filozofi\u0119\u201d Doncowa. W odezwie napisa\u0142: \u201eNacjonalizm wprowadza poga\u0144sk\u0105 etyk\u0119 nienawi\u015bci\u201d. G\u0142osy ksi\u0119\u017cy unickich odcinaj\u0105cych si\u0119 od postaw szowinistycznych nie dociera\u0142y do abp Szeptyckiego ani do rewolucyjnie nastrojonej m\u0142odzie\u017cy. W II RP doros\u0142o pokolenie fanatyk\u00f3w, nienawidz\u0105ce \u201eobcych\u201d gotowe do ich unicestwienia no\u017cami i siekierami \u015bwi\u0119conymi w Cerkwiach. Ten czas mia\u0142a przynie\u015b\u0107 oczekiwana wojna.<\/p>\r\n<p>Wybuch wojny 1 wrze\u015bnia 1939 r. zasta\u0142 ukrai\u0144skich nacjonalist\u00f3w dobrze przygotowanych do rozpocz\u0119cia antypolskiego powstania, przeszkodzi\u0142 im podpisany tu\u017c przed wojn\u0105 uk\u0142ad Ribbentrop-Mo\u0142otow. W 1941r. powsta\u0142y dwa wywiadowczo-dywersyjne bataliony \u201eNachtigal\u201d i \u201e Roland\u201d. Wybuch wojny niemiecko-radzieckiej (czerwiec 1941 r.) zasta\u0142 frakcj\u0119 OUN-Bandery przygotowan\u0105 do proklamowania \u201epa\u0144stwa ukrai\u0144skiego\u201d. Wojska niemieckie by\u0142y witane przez Ukrai\u0144c\u00f3w z entuzjazmem, nacjonali\u015bci g\u0142osili &#8211; z nami B\u00f3g i Niemcy, tu b\u0119dzie \u201esamostijna Ukraina\u201d. Delegacj\u0119 \u201eNachtigalu\u201d przyj\u0105\u0142 abp Szeptycki i udzieli\u0142 b\u0142ogos\u0142awie\u0144stwa \u201erz\u0105dowi\u201d Bandery.<\/p>\r\n<p>Hitler w tym czasie powiedzia\u0142: \u201eNie jeste\u015bmy zainteresowani dalszym istnieniem pa\u0144stw wschodnio-s\u0142owia\u0144skich i wolnej Ukrainy\u201d. Nie przeszkadza\u0142o to Szeptyckiemu w wydaniu 1 lipca 1941 r. pos\u0142ania, kt\u00f3re zaczyna\u0142o si\u0119 od s\u0142\u00f3w: \u201eZ woli Wszechmog\u0105cego (\u2026) rozpocz\u0119\u0142a si\u0119 nowa epoka w \u017cyciu Pa\u0144stwowej Zjednoczonej Niepodleg\u0142ej Ukrainy\u201d. Dalej jest powitanie zwyci\u0119skiej armii niemieckiej, wezwanie do wierno\u015bci Cerkwi i pos\u0142usze\u0144stwa w\u0142adzy. Po zdobyciu Kijowa przez wojska niemieckie abp Szeptycki wys\u0142a\u0142 list gratulacyjny do Hitlera. W tym czasie \u017co\u0142nierze \u201eNachtigalu\u201d zd\u0105\u017cyli dokona\u0107 pogromu \u017byd\u00f3w i Polak\u00f3w we Lwowie i w innych miastach.<\/p>\r\n<p>Zanegowanie przez Niemc\u00f3w proklamacji \u201epa\u0144stwa ukrai\u0144skiego\u201d nie wp\u0142yn\u0119\u0142o na wiernopodda\u0144cze i kolaboranckie postawy Szeptyckiego i wi\u0119kszo\u015bci duchownych greckokatolickich, silniejsza okaza\u0142a si\u0119 wiara w mityczne zwyci\u0119stwo Hitlera. Szeptyckiego niepokoi\u0142 fakt walk bratob\u00f3jczych pomi\u0119dzy frakcjami OUN, metropolita napisa\u0142, \u017ce jest to cios dla narodu i podj\u0105\u0142 pr\u00f3b\u0119 pogodzenia Melnyka, Bandery i Bulby-Borowecia. 21.11.1942 roku og\u0142osi\u0142 list pasterski \u201eNie zabijaj\u201d.<\/p>\r\n<p>Takiej determinacji zabrak\u0142o metropolicie, gdy w ko\u0144cu 1942 roku na Wo\u0142yniu i Polesiu bandy tzw. UPA dowodzone przez grekokatolik\u00f3w rozpocz\u0119\u0142y rze\u017a Polak\u00f3w, pocz\u0105tkowo wsp\u00f3lnie z Niemcami, a p\u00f3\u017aniej za ich przyzwoleniem. Zab\u00f3jstwa Polak\u00f3w dokonywane by\u0142y metodami przerastaj\u0105cymi ludzk\u0105 wyobra\u017ani\u0119. Nieub\u0142agany \u017cywio\u0142 z pochodniami po\u017car\u00f3w w ko\u0144cu 1943 roku przemie\u015bci\u0142 si\u0119 na tereny Ma\u0142opolski Wschodniej. Duchowni greckokatoliccy i prawos\u0142awni na Wo\u0142yniu g\u0142osili, \u017ce zabicie Lacha i komunisty nie jest grzechem, udzielali b\u0142ogos\u0142awie\u0144stwa boj\u00f3wkarzom id\u0105cym na \u201eoczyszczuwalnuju akciju\u201d, \u015bwi\u0119cili narz\u0119dzia zbrodni, a po zag\u0142adzie polskich miejscowo\u015bci odprawiali dzi\u0119kczynne nabo\u017ce\u0144stwa.<\/p>\r\n<p><strong>Udokumentowane s\u0105 fakty dowodzenia bandami przez ksi\u0119\u017cy greckokatolickich<\/strong>. Rzymskokatolicki ordynariusz Archidiecezji Lwowskiej abp Boles\u0142aw Twardowski z b\u0142agalnymi pro\u015bbami zwraca\u0142 si\u0119 do Szeptyckiego o powstrzymanie ludob\u00f3jstwa, bezskutecznie.<\/p>\r\n<p>Nie do\u015b\u0107, \u017ce metropolita nie wyda\u0142 listu pasterskiego pot\u0119piaj\u0105cego zbrodnie na Polakach, to podwa\u017cy\u0142 opisane metody stosowane przez banderowc\u00f3w, metropolita odpisa\u0142, \u017ce win\u0119 ponosz\u0105: bandy dezerter\u00f3w, \u017byd\u00f3w, bolszewickich partyzant\u00f3w, cz\u0142onkowie polskich organizacji i zwyrodnia\u0142e jednostki. W sz\u00f3stym li\u015bcie abp Szeptycki ju\u017c otwarcie oskar\u017cy\u0142 Polak\u00f3w. Czy poparcie dla tw\u00f3rc\u00f3w kolaboranckiej Dywizji SS-Galizien organizowanej w ramach Waffen SS by\u0142o misj\u0105 chrze\u015bcija\u0144sk\u0105?<\/p>\r\n<p>Pu\u0142ki policyjne tej dywizji spacyfikowa\u0142y ponad 40 polskich miejscowo\u015bci. Abp Szeptycki na szefa duszpasterstwa powo\u0142a\u0142 dra ks. W. \u0141ab\u0119, kapelani otrzymali stopnie oficer\u00f3w SS. Kapelanem \u201eNachtigalu\u201d by\u0142 dr teologii, ks. Ihor Hrynioch odznaczony przez Niemc\u00f3w \u0179elaznym Krzy\u017cem Rycerskim.<\/p>\r\n<p>Do metropolity Szeptyckiego z pro\u015bb\u0105 o powstrzymanie fali mord\u00f3w zawraca\u0142y si\u0119 polskie w\u0142adze konspiracyjne, bez efektu. Z polecenia Delegatury Rz\u0105du Polskiego w kwietniu 1943 r. z metropolit\u0105 spotka\u0142 si\u0119 komendant Obszaru AK Lw\u00f3w gen. Sawicki. Po rozmowie powiedzia\u0142, \u017ce nie b\u0119dzie wi\u0119cej pertraktowa\u0142 z cz\u0142owiekiem trzymaj\u0105cym n\u00f3\u017c w r\u0119ku.<\/p>\r\n<p>Prymas Polski<strong> Stefan Wyszy\u0144ski<\/strong> z pewno\u015bci\u0105 zna\u0142 tre\u015b\u0107 korespondencji prowadzonej z abp. Szeptyckim. W 1956 roku i po raz drugi 1962 roku <strong>zablokowa\u0142 wszcz\u0119cie procesu beatyfikacyjnego S\u0142ugi Bo\u017cego A. Szeptyckiego<\/strong>. Papie\u017c Pawe\u0142 VI obieca\u0142, \u017ce osoba moralnie odpowiedzialna za ludob\u00f3jstwo 200 tys. Polak\u00f3w nie zostanie wpisana w poczet b\u0142ogos\u0142awionych.<\/p>\r\n<p><strong><em>Monika \u015aladewska<\/em><\/strong><br \/> <em> My\u015bl Polska, nr 35-36 (31.08-7.09.2014)<\/em><br \/> <em><a href=\"http:\/\/www.mysl-polska.pl\/node\/197\" target=\"_blank\">http:\/\/www.mysl-polska.pl<\/a><\/em><\/p>","protected":false},"excerpt":{"rendered":"Struktury ukrai\u0144skiego nacjonalizmu, dzi\u0119ki polskiej tolerancji, ukszta\u0142towa\u0142y si\u0119 na terenie II Rzeczypospolitej. Szczeg\u00f3ln\u0105 rol\u0119 w ich umacnianiu odegra\u0142a Cerkiew greckokatolicka. W okresie mi\u0119dzywojennym wi\u0119kszo\u015b\u0107 kleru unickiego stanowi\u0142a awangard\u0119 wojuj\u0105cego nacjonalizmu i separatyzmu narodowo\u015bciowego, zajmowa\u0142a si\u0119 szerzeniem ukrai\u0144skiej nacjonalistycznej my\u015bli politycznej mimo, \u017ce uprawianie polityki nie jest sfer\u0105 dzia\u0142a\u0144 Ko\u015bcio\u0142\u00f3w. Cerkiew greckokatolicka dzia\u0142a\u0142a w symbiozie z [&hellip;]","protected":false},"author":1,"featured_media":0,"comment_status":"closed","ping_status":"closed","sticky":false,"template":"","format":"standard","meta":{"_acf_changed":false,"_monsterinsights_skip_tracking":false,"_monsterinsights_sitenote_active":false,"_monsterinsights_sitenote_note":"","_monsterinsights_sitenote_category":0,"ngg_post_thumbnail":0,"footnotes":"","_wp_rev_ctl_limit":""},"categories":[9],"tags":[65,30,188,102,17,59],"acf":[],"_links":{"self":[{"href":"https:\/\/www.bibula.com\/index.php?rest_route=\/wp\/v2\/posts\/76228"}],"collection":[{"href":"https:\/\/www.bibula.com\/index.php?rest_route=\/wp\/v2\/posts"}],"about":[{"href":"https:\/\/www.bibula.com\/index.php?rest_route=\/wp\/v2\/types\/post"}],"author":[{"embeddable":true,"href":"https:\/\/www.bibula.com\/index.php?rest_route=\/wp\/v2\/users\/1"}],"replies":[{"embeddable":true,"href":"https:\/\/www.bibula.com\/index.php?rest_route=%2Fwp%2Fv2%2Fcomments&post=76228"}],"version-history":[{"count":0,"href":"https:\/\/www.bibula.com\/index.php?rest_route=\/wp\/v2\/posts\/76228\/revisions"}],"wp:attachment":[{"href":"https:\/\/www.bibula.com\/index.php?rest_route=%2Fwp%2Fv2%2Fmedia&parent=76228"}],"wp:term":[{"taxonomy":"category","embeddable":true,"href":"https:\/\/www.bibula.com\/index.php?rest_route=%2Fwp%2Fv2%2Fcategories&post=76228"},{"taxonomy":"post_tag","embeddable":true,"href":"https:\/\/www.bibula.com\/index.php?rest_route=%2Fwp%2Fv2%2Ftags&post=76228"}],"curies":[{"name":"wp","href":"https:\/\/api.w.org\/{rel}","templated":true}]}}