{"id":76142,"date":"2014-08-25T11:13:24","date_gmt":"2014-08-25T15:13:24","guid":{"rendered":"http:\/\/www.bibula.com\/?p=76142"},"modified":"2014-08-25T11:13:24","modified_gmt":"2014-08-25T15:13:24","slug":"w-ukrainskiej-tv-15-miliona-ludzi-trzeba-zabic","status":"publish","type":"post","link":"https:\/\/www.bibula.com\/?p=76142","title":{"rendered":"W Ukrai\u0144skiej TV: 1,5 miliona ludzi trzeba zabi\u0107!"},"content":{"rendered":"<p><em>Informacja nienowa, bo z 8 sierpnia, ale jako\u015b umkn\u0119\u0142a adminowi\u2026<\/em><\/p>\r\n<p><strong>Znany Ukrai\u0144ski dziennikarz, aktywista Majdanu Bogdan Butkiewicz wzywa w ukrai\u0144skiej telewizji do ostatecznego rozwi\u0105zania problemu ludno\u015bci wschodniej Ukrainy przez holokaust.<\/strong><\/p>\r\n<p>Skoro ta ludno\u015b\u0107 \u017ce nie poczuwa si\u0119 do ukrai\u0144skiej to\u017csamo\u015bci narodowej, to nie ma sensu wchodzi\u0107 z ni\u0105 w jakiekolwiek negocjacje, ale po prostu zlikwidowa\u0107 fizycznie.\u00a0Liczb\u0119 os\u00f3b kt\u00f3r\u0105 trzeba b\u0119dzie zabi\u0107 szacuje na 1,5 miliona z 4 milionowej populacji rejonu. Los ludzi mieszkaj\u0105cych w rejonie Donbasu jest nieistotny. Donbas trzeba wykorzystywa\u0107 tylko jako \u017ar\u00f3d\u0142o zasob\u00f3w.<\/p>\r\n<p><span id=\"more-44264\"><\/span>Tutaj skan tej wypowiedzi opublikowanej w \u201eThe Kiev Times\u201d:<\/p>\r\n<p><img decoding=\"async\" class=\"aligncenter\" src=\"http:\/\/www.polskiportal.net\/public\/album_photo\/64\/27\/273d_e2c1.PNG?c=8f36\" alt=\"\" width=\"400\" \/><br \/> <em>\u00d0\u2018\u00d0\u00be\u00d0\u00b3\u00d0\u00b4\u00d0\u00b0\u00d0\u00bd \u00d0\u2018\u00d1\u0192\u00d1\u201a\u00d0\u00ba\u00d0\u00b5\u00d0\u00b2\u00d0\u00b8\u00d1\u2021: \u00d0\u2019\u00d1\u0081\u00d0\u00b5 \u00d0\u00bf\u00d1\u20ac\u00d0\u00be\u00d1\u0081\u00d1\u201a\u00d0\u00be, \u00d0\u00bd\u00d1\u0192\u00d0\u00b6\u00d0\u00bd\u00d0\u00be \u00d1\u0192\u00d0\u00b1\u00d0\u00b8\u00d1\u201a\u00d1\u0152 1 5\u00d0\u00bc\u00d0\u00bb\u00d0\u00bd \u00d0\u00b6\u00d0\u00b8\u00d1\u201a\u00d0\u00b5\u00d0\u00bb\u00d0\u00b5\u00d0\u00b9 \u00d0\u201d\u00d0\u00be\u00d0\u00bd\u00d0\u00b1\u00d0\u00b0\u00d1\u0081\u00d1\u0081\u00d0\u00b0<\/em><\/p>\r\n<p style=\"text-align: center;\">[youtube\u00a0mhYyj5l9Lx0]<\/p>\r\n<p><em>Za: <a href=\"http:\/\/thekievtimes.ua\/society\/391851-15-milliona-chelovek-v-donbasse-nuzhno-prosto-ubit-butkevich.html\" target=\"_blank\">http:\/\/thekievtimes.ua\/society\/391851-15-milliona-chelovek-v-donbasse-nuzhno-prosto-ubit-butkevich.html<\/a><\/em><\/p>\r\n<p>Bogdan Butkiewicz i tak jest \u0142agodny w swojej wypowiedzi. Chce zabi\u0107 tylko 1,5 miliona ludzi. Julia Tymoszenko mia\u0142a wi\u0119kszy rozmach. Stwierdzi\u0142a \u017ce 8 mln Rosjan na Ukrainie \u201emusi zosta\u0107 zabitych broni\u0105 j\u0105drow\u0105\u201d.<\/p>\r\n<p><em>Wi\u0119cej:\u00a0<a href=\"http:\/\/www.polskiportal.net\/classifieds\/2901\/366\/8-mln-rosjan-na-ukrainie-musi-z\" target=\"_blank\">http:\/\/www.polskiportal.net\/classifieds\/2901\/366\/8-mln-rosjan-na-ukrainie-musi-z<\/a><\/em><\/p>\r\n<p><em>[Nie tylko na Ukrainie \u017cyj\u0105 degeneraci. Nie tak dawno jaki\u015b polskoj\u0119zyczny bydlak\u00a0marzy\u0142 na \u0142amach gaj\u00f3wki o zamienieniu Rosji w nuklearn\u0105 pustyni\u0119. &#8211; admin]<\/em><\/p>\r\n<p>Gdyby te wypowiedzi dotyczy\u0142y propozycji nowego holokaustu \u017byd\u00f3w to by\u0142y by ju\u017c \u201enaloty humanitarne\u201d. Skoro chodzi tylko o Rosjan mieszkaj\u0105cych na Ukrainie to wszystko w porz\u0105dku.<\/p>\r\n<p>Politycy i media nie b\u0119d\u0105 sobie zawraca\u0142y sprawami nieistotnymi.<\/p>\r\n<p>Obama i Zachodnia Europa stosuje w stosunkach z Kijowem optyk\u0119 kt\u00f3r\u0105 stosowa\u0142 Franklin Delano Roosevelt wobec dyktatora Somozy. Franklin Delano Roosevelt na wie\u015b\u0107 jakich okrutnych zbrodni si\u0119 dopuszcza na ludno\u015bci cywilnej jego protegowany Anastasio Somoza Garcia, powiedzia\u0142:<br \/> <em>\u201eSomoza mo\u017ce jest skurwysynem, ale to nasz skurwysyn.\u201d<br \/> (Somoza may be a son of a bitch, but he\u2019s our son of a bitch)<\/em><\/p>\r\n<p>Kij\u00f3w dla Zachodu jest tym samym czym by\u0142 Somoza.<\/p>\r\n<p>Ciekawy jestem zdania Pana Bogdana Butkiewicza na temat Polak\u00f3w kt\u00f3rzy nie popieraj\u0105 w\u0142adz w Kijowie. Jakie zaproponuje rozwi\u0105zanie tej kwestii?<\/p>\r\n<p><em>Gregory Gorenzay<\/em><\/p>\r\n<p><em>Za<a href=\"http:\/\/www.polskiportal.net\/classifieds\/3852\/579\/w-ukrainskiej-tv-1-5-miliona-lu\" target=\"_blank\">\u00a0http:\/\/www.polskiportal.net<\/a><\/em><\/p>\r\n<p class=\"zrodlo\">Za: <a href=\"http:\/\/marucha.wordpress.com\/2014\/08\/25\/w-ukrainskiej-tv-15-miliona-ludzi-trzeba-zabic\/\">Dziennik gajowego Maruchy (2014-08-25)<\/a><\/p>\r\n<blockquote>\r\n<h2>Ukrai\u0144cy powinni strzela\u0107 do tzw. konwoju humanitarnego\u201d<\/h2>\r\n<table class=\"outset\" align=\"left\">\r\n<tbody>\r\n<tr>\r\n<td><img decoding=\"async\" src=\"http:\/\/freepl.info\/uploads\/foto\/2012\/02\/targalski-fot-igor-smirnow_0.jpg\" alt=\"\" width=\"180\" height=\"140\" align=\"left\" \/><\/td>\r\n<\/tr>\r\n<tr>\r\n<td>\r\n<p class=\"zrodlo\">Dr Jerzy Targalski, psychopata<\/p>\r\n<\/td>\r\n<\/tr>\r\n<\/tbody>\r\n<\/table>\r\n<p><em>Prezentujemy wypowied\u017a kolejnego polskoj\u0119zycznego psychopaty i degenerata moralnego z tytu\u0142em doktorskim, kt\u00f3remu \u017cyczliwej go\u015bciny u\u017cyczy\u0142a r\u00f3wnie psychopatyczna \u201eNiezale\u017cna.pl\u201d.<br \/> Admin.<\/em><\/p>\r\n<p><strong>Celem rosyjskich w\u0142adz, kt\u00f3re wys\u0142a\u0142y tzw. konw\u00f3j humanitarny, jest wymiana najemnik\u00f3w walcz\u0105cych za pieni\u0105dze na wschodzie Ukrainy, na regularne oddzia\u0142y rosyjskich si\u0142 zbrojnych &#8211; m\u00f3wi w rozmowie z portalem niezalezna.pl dr Jerzy Targalski ze Studium Europy Wschodniej Uniwersytetu Warszawskiego.<\/strong><em><br \/> <\/em><\/p>\r\n<p>W pi\u0105tek, bez zgody ukrai\u0144skich celnik\u00f3w oraz przedstawicieli Mi\u0119dzynarodowego Czerwonego Krzy\u017ca, granic\u0119 rosyjsko-ukrai\u0144sk\u0105 przekroczy\u0142o 145 ci\u0119\u017car\u00f3wek tzw. \u201ebia\u0142ego konwoju\u201d, kt\u00f3rego deklarowanym celem jest \u201epom\u00f3c humanitarna dla mieszka\u0144c\u00f3w Donbasu\u201d.<\/p>\r\n<p><span id=\"more-44190\"><\/span>&#8211; Nazywamy to otwartym wtargni\u0119ciem pod p\u0142aszczykiem Czerwonego Krzy\u017ca. To wojskowe samochody, za kierownic\u0105 kt\u00f3rych tak naprawd\u0119 siedz\u0105 \u017co\u0142nierze wyszkoleni do kierowania pojazdami bojowymi, czo\u0142gami i przewo\u017cenia artylerii &#8211; o\u015bwiadczy\u0142 podczas pi\u0105tkowej konferencji prasowej szef S\u0142u\u017cby Bezpiecze\u0144stwa Ukrainy (SBU) Wa\u0142entyn Na\u0142ywajczenko. Funkcjonariusz doda\u0142, \u017ce tzw. rosyjski konw\u00f3j humanitarny ma trzy cele. Pierwszy &#8211; transportowanie system\u00f3w artyleryjskich, drugi &#8211; dostarczenie broni i sprz\u0119tu dla rosyjskich terroryst\u00f3w. Trzecie, ukrycie cia\u0142 zabitych podczas walk z Ukrai\u0144cami na Donbasie rosyjskich najemnik\u00f3w.<\/p>\r\n<p>&#8211; Jak wida\u0107 m.in. na mapach opublikowanych we wpisie blogera portalu Naszeblogi.pl Chatar Leon, na trasie, kt\u00f3r\u0105 jad\u0105 ci\u0119\u017car\u00f3wki, le\u017cy Mo\u0142odohwardijsk (w pobli\u017cu miasta Krasnodon). Miejscowo\u015b\u0107, w rejonie kt\u00f3rej nast\u0105pi\u0142a koncentracja wojskowej techniki dostarczonej z Rosji oraz si\u0142 terroryst\u00f3w przygotowuj\u0105cych si\u0119 do wyruszenia w kierunku \u0141uga\u0144ska. Przede wszystkim, podejrzewa si\u0119, \u017ce kierowcami tych ci\u0119\u017car\u00f3wek s\u0105 rosyjscy specjali\u015bci od ci\u0119\u017ckiej techniki wojennej. Maj\u0105 zosta\u0107 na miejscu i kierowa\u0107 dalej walk\u0105 oddzia\u0142\u00f3w najemnik\u00f3w. Ju\u017c w tej chwili w oddzia\u0142ach terrorystycznych s\u0105 ca\u0142e plutony i oddzia\u0142y wojsk rosyjskich. Nie chodzi o poszczeg\u00f3lnych Rosjan, kt\u00f3rzy kieruj\u0105 oddzia\u0142ami najemnik\u00f3w. Tylko wymian\u0119 najemnik\u00f3w, walcz\u0105 za pieni\u0105dze na wschodzie Ukrain\u0119, na regularne oddzia\u0142y rosyjskich Si\u0142 Zbrojnych &#8211; m\u00f3wi portalowi niezalezna.pl dr Targalski.<\/p>\r\n<p>W opinii eksperta ds. polityki wschodniej <em>[eksperta? zwyk\u0142ego, op\u0142acanego za szczekanie kundla &#8211; admin]<\/em>, z powrotem ci\u0119\u017car\u00f3wkami do Rosji mog\u0105 zosta\u0107 wywiezieni przede wszystkim ranni terrory\u015bci i \u017co\u0142nierze. &#8211; Pozostaj\u0105c na miejscu, obci\u0105\u017caj\u0105 stron\u0119 walcz\u0105c\u0105, a gdy s\u0105 schwytani &#8211; sk\u0142adaj\u0105 zeznania. Trupy s\u0105 wygodniejsze, bo zezna\u0144 nie sk\u0142adaj\u0105 &#8211; stwierdza dr Targalski.<\/p>\r\n<p>Jak dodaje, jednostronna decyzja Rosji o przekroczeniu przez konw\u00f3j granicy, jest pr\u00f3b\u0105 postawienia wobec fakt\u00f3w dokonanych Angeli Merkel. Kanclerze Niemiec przyjedzie w sobot\u0119, 23 sierpnia, do Kijowa. Z kolei we wtorek (26 sierpnia) w Mi\u0144sku odb\u0119dzie si\u0119 spotkanie przedstawicieli Ukrainy, Unii Europejskiej i Eurazjatyckiej Tr\u00f3jki (Rosja, Bia\u0142oru\u015b, Kazachstan).<\/p>\r\n<p>&#8211; Chodzi o to, \u017ceby uczyni\u0107 z Merkel w spos\u00f3b jawny i ostentacyjny obro\u0144c\u0119 interes\u00f3w rosyjskich. Teraz, nie zale\u017cnie od tego co zrobi Rosja, Merkel i tak b\u0119dzie zmusza\u0142a Ukrai\u0144c\u00f3w do zawieszenia broni, \u017ceby Rosja mog\u0142a robi\u0107 co chce na okupowanej przez ni\u0105 cz\u0119\u015bci Ukrainy &#8211; wyja\u015bnia dr Targalski.<\/p>\r\n<p>&#8211; W tej sytuacji Ukraina powinna walczy\u0107 z tzw. konwojem humanitarnym, strzela\u0107.<strong> Najkorzystniejsze zachowanie jest zawsze strzela\u0107. A potem patrze\u0107 co dalej &#8211;<\/strong> podsumowuje Targalski. <em>[No to sta\u0144, \u0142obuzie, pod \u015bcian\u0105. Potem zobaczymy, co dalej &#8211; admin]<\/em><\/p>\r\n<p><em><a href=\"http:\/\/niezalezna.pl\/58626-ukraincy-powinni-strzelac-do-tzw-konwoju-humanitarnego\" target=\"_blank\">http:\/\/niezalezna.pl<\/a><\/em><\/p>\r\n<p><em>Ojciec dr-a Targalskiego (r\u00f3wnie\u017c Jerzy) to stary PZPR-owiec, od 1952 roku. Wyk\u0142adowca marksizmu-leninizmu na Uniwersytecie Warszawskim, prowadzi\u0142 tak\u017ce szkolenia partyjne. W 1968 krytycznie odni\u00f3s\u0142 si\u0119 do wzniecania antysemityzmu po \u201ewydarzeniach marcowych\u201d &#8211; czyli by\u0142 \u201eanty-antysemit\u0105\u201d. Podejrzewamy, i\u017c by\u0142 po prostu \u017bydem.<\/em><br \/> <em>Synek, kt\u00f3ry poleca strzelanie do konwoju humanitarnego &#8211; a potem zastanawianie si\u0119 \u201eco dalej\u201d &#8211; \u00a0to by\u0142y KOR-owiec. Karier\u0119 zrobi\u0142 jako typowe dziecko resortu. Zbydl\u0119cenie, jakie zaprezentowa\u0142, godne jest najwy\u017cszej pogardy.<\/em><br \/> <em>Admin<\/em><\/p>\r\n<p class=\"zrodlo\">Za: <a href=\"http:\/\/marucha.wordpress.com\/2014\/08\/23\/ukraincy-powinni-strzelac-do-tzw-konwoju-humanitarnego\/\">Dziennik gajowego Maruchy (2014-08-23)<\/a><\/p>\r\n<\/blockquote>","protected":false},"excerpt":{"rendered":"Informacja nienowa, bo z 8 sierpnia, ale jako\u015b umkn\u0119\u0142a adminowi\u2026 Znany Ukrai\u0144ski dziennikarz, aktywista Majdanu Bogdan Butkiewicz wzywa w ukrai\u0144skiej telewizji do ostatecznego rozwi\u0105zania problemu ludno\u015bci wschodniej Ukrainy przez holokaust. Skoro ta ludno\u015b\u0107 \u017ce nie poczuwa si\u0119 do ukrai\u0144skiej to\u017csamo\u015bci narodowej, to nie ma sensu wchodzi\u0107 z ni\u0105 w jakiekolwiek negocjacje, ale po prostu zlikwidowa\u0107 [&hellip;]","protected":false},"author":1,"featured_media":0,"comment_status":"closed","ping_status":"closed","sticky":false,"template":"","format":"standard","meta":{"_acf_changed":false,"_monsterinsights_skip_tracking":false,"_monsterinsights_sitenote_active":false,"_monsterinsights_sitenote_note":"","_monsterinsights_sitenote_category":0,"ngg_post_thumbnail":0,"footnotes":"","_wp_rev_ctl_limit":""},"categories":[6],"tags":[84,141,167],"acf":[],"_links":{"self":[{"href":"https:\/\/www.bibula.com\/index.php?rest_route=\/wp\/v2\/posts\/76142"}],"collection":[{"href":"https:\/\/www.bibula.com\/index.php?rest_route=\/wp\/v2\/posts"}],"about":[{"href":"https:\/\/www.bibula.com\/index.php?rest_route=\/wp\/v2\/types\/post"}],"author":[{"embeddable":true,"href":"https:\/\/www.bibula.com\/index.php?rest_route=\/wp\/v2\/users\/1"}],"replies":[{"embeddable":true,"href":"https:\/\/www.bibula.com\/index.php?rest_route=%2Fwp%2Fv2%2Fcomments&post=76142"}],"version-history":[{"count":0,"href":"https:\/\/www.bibula.com\/index.php?rest_route=\/wp\/v2\/posts\/76142\/revisions"}],"wp:attachment":[{"href":"https:\/\/www.bibula.com\/index.php?rest_route=%2Fwp%2Fv2%2Fmedia&parent=76142"}],"wp:term":[{"taxonomy":"category","embeddable":true,"href":"https:\/\/www.bibula.com\/index.php?rest_route=%2Fwp%2Fv2%2Fcategories&post=76142"},{"taxonomy":"post_tag","embeddable":true,"href":"https:\/\/www.bibula.com\/index.php?rest_route=%2Fwp%2Fv2%2Ftags&post=76142"}],"curies":[{"name":"wp","href":"https:\/\/api.w.org\/{rel}","templated":true}]}}