{"id":76037,"date":"2014-08-18T13:23:12","date_gmt":"2014-08-18T17:23:12","guid":{"rendered":"http:\/\/www.bibula.com\/?p=76037"},"modified":"2014-08-18T13:24:12","modified_gmt":"2014-08-18T17:24:12","slug":"male-koscioly-w-azji-nie-moga-sobie-pozwolic-na-skomplikowany-proces-beatyfikacyjny-wiec-uproscmy-procedury","status":"publish","type":"post","link":"https:\/\/www.bibula.com\/?p=76037","title":{"rendered":"&#8222;Ma\u0142e Ko\u015bcio\u0142y w Azji nie mog\u0105 sobie pozwoli\u0107 na skomplikowany proces beatyfikacyjny&#8221;&#8230; <em>wi\u0119c &#8222;upro\u015b\u0107my&#8221; procedury&#8230;<\/em>"},"content":{"rendered":"<h4><strong>Ma\u0142e Ko\u015bcio\u0142y w Azji nie mog\u0105 sobie pozwoli\u0107 na skomplikowany proces beatyfikacyjny &#8211; wywiad z bp. Olivierem Schmitthaeuslerem z Kambod\u017cy <\/strong><\/h4>\r\n<p>Ko\u015bcio\u0142y lokalne w Azji maj\u0105 wielu m\u0119czennik\u00f3w, ale s\u0105 zbyt ma\u0142e, by sprawnie przeprowadzi\u0107 proces beatyfikacyjny &#8211; m\u00f3wi wikariusz apostolski Phnom Penh bp Olivier Schmitthaeusler. W ubieg\u0142y pi\u0105tek na brak lokalnych \u015bwi\u0119tych skar\u017cy\u0142a si\u0119 Papie\u017cowi m\u0142oda Kambod\u017canka. Papie\u017c obieca\u0142, \u017ce po powrocie do Watykanu zajmie si\u0119 spraw\u0105 m\u0119czennik\u00f3w z Kambod\u017cy. Biskupa kambod\u017ca\u0144skiej stolicy Radio Watyka\u0144skie poprosi\u0142o o komentarz.<\/p>\r\n<p><b>Radio Watyka\u0144skie: W ubieg\u0142y pi\u0105tek Papie\u017c obieca\u0142 m\u0142odej Kambod\u017cance, \u017ce po powrocie do Watykanu sam zajmie si\u0119 spraw\u0105 m\u0119czennik\u00f3w z Kambod\u017cy, aby wynie\u015b\u0107 ich do chwa\u0142y o\u0142tarza. Jak Ksi\u0105dz Biskup odebra\u0142 t\u0119 obietnic\u0119?<br \/><\/b><br \/><b>Bp<\/b> <b>Schmitthaeusler: <\/b>Jestem zadowolony, \u017ce Papie\u017c zwr\u00f3ci\u0142 uwag\u0119 na to pytanie przedstawicielki naszej m\u0142odzie\u017cy, kt\u00f3ra powiedzia\u0142a, \u017ce Kambod\u017canie te\u017c chcieliby mie\u0107 swoich \u015bwi\u0119tych. Wiemy dobrze, \u017ce mamy wielu biskup\u00f3w, ksi\u0119\u017cy i \u015bwieckich, kt\u00f3rzy ponie\u015bli \u015bmier\u0107 w czasie ludob\u00f3jstwa re\u017cimu Pol Pota. Od trzech lat d\u0105\u017c\u0119 do rozpocz\u0119cia dochodzenia na szczeblu diecezjalnym. Jest to bardzo z\u0142o\u017cony proces. W pa\u017adzierniku prze\u015bl\u0119 do Watykanu list\u0119 30 os\u00f3b, poczynaj\u0105c od mojego poprzednika w Phnom Penh, bp. Josepha Chhmar Salasa. Jeste\u015bmy w fazie przygotowa\u0144. Dopiero w maju oficjalnie otworz\u0119 dochodzenie. Ale skoro Papie\u017c osobi\u015bcie zainteresowa\u0142 si\u0119 naszym ma\u0142ym Ko\u015bcio\u0142em, naszymi m\u0119czennikami, zobaczymy czy nie da\u0142oby si\u0119 przy\u015bpieszy\u0107 tego procesu, by\u0107 mo\u017ce dzi\u0119ki jakim\u015b uproszczeniom procedury. Prosz\u0119 pami\u0119ta\u0107, \u017ce jeste\u015bmy naprawd\u0119 ma\u0142ym Ko\u015bcio\u0142em, mamy zaledwie garstk\u0119 ksi\u0119\u017cy misjonarzy. W takim sk\u0142adzie nie jest \u0142atwo przeprowadzi\u0107 skomplikowane dochodzenie, ale zrobimy wszystko co w naszej mocy, aby Ko\u015bci\u00f3\u0142 m\u00f3g\u0142 uzna\u0107 naszych m\u0119czennik\u00f3w. My na szczeblu lokalnym ju\u017c teraz pielgrzymujemy na miejsca m\u0119cze\u0144stwa. Od czterech lat co roku tak\u0105 pielgrzymk\u0119 organizuje duszpasterstwo m\u0142odzie\u017cy. Pozwala to naszym m\u0142odym, kt\u00f3rzy nale\u017c\u0105 do pierwszego pokolenia nowych chrze\u015bcijan, zakorzeni\u0107 si\u0119 w swej historii oraz przyswoi\u0107 sobie pi\u0119kno i wielko\u015b\u0107 Ko\u015bcio\u0142a w Kambod\u017cy, tak by \u015bwiat\u0142o m\u0119czennik\u00f3w mog\u0142o ich o\u015bwieca\u0107. Staramy si\u0119 przyswaja\u0107 sobie tych m\u0119czennik\u00f3w, aby\u015bmy i my mogli by\u0107 \u015bwiadkami dzisiaj.<\/p>\r\n<p><b>Radio Watyka\u0144skie:<\/b><b> <\/b><b>Ta m\u0142oda Kambod\u017canka zaprosi\u0142a te\u017c Papie\u017ca do odwiedzenia Kambod\u017cy? Czy Ksi\u0105dz Biskup te\u017c chcia\u0142by skierowa\u0107 do Papie\u017ca takie zaproszenie?<br \/><\/b><br \/><b>Bp<\/b> <b>Schmitthaeusler: <\/b>Ju\u017c w czwartek, kiedy Papie\u017c jad\u0142 obiad z m\u0142odymi, by\u0142 w\u015br\u00f3d nich tak\u017ce Kambod\u017canin. Poleci\u0142em mu, aby zapyta\u0142 Franciszka, czy nie zechcia\u0142by si\u0119 u nas zatrzyma\u0107 po drodze, w czasie podr\u00f3\u017cy na Filipiny. Tak wi\u0119c Papie\u017c ju\u017c dwukrotnie us\u0142ysza\u0142 to zaproszenie. Nigdy nic nie wiadomo. Nasz Ko\u015bci\u00f3\u0142 jest naprawd\u0119 ma\u0142y. Jest nas ok. 20 tys. Gdyby jednak Franciszek zechcia\u0142 si\u0119 u nas zatrzyma\u0107 na kilka godzin, by\u0142oby to dla nas wielkie b\u0142ogos\u0142awie\u0144stwo.<\/p>\r\n<p><b>Radio Watyka\u0144skie: Ko\u015bci\u00f3\u0142 w Korei te\u017c do niedawna by\u0142 bardzo ma\u0142y. <\/b><b>Czy jego dynamiczny rozw\u00f3j w ostatnim czasie jest dla was znakiem nadziei?<br \/><\/b><br \/><b>Bp<\/b> <b>Schmitthaeusler: <\/b>Ko\u015bci\u00f3\u0142 w Korei nie by\u0142 a\u017c tak ma\u0142y. Ju\u017c na samym pocz\u0105tku, kiedy nie by\u0142o tu jeszcze ksi\u0119\u017cy i misjonarzy, liczy\u0142 50 tys. ochrzczonych. Ko\u015bci\u00f3\u0142 w Kambod\u017cy ma d\u0142ug\u0105 histori\u0119, 470 lat. Pierwszy misjonarz przyby\u0142 tu w 1555 r. P\u00f3\u017aniej znale\u017ali si\u0119 tu chrze\u015bcijanie z Japonii, uciekaj\u0105cy przed prze\u015bladowaniami, kt\u00f3rych do\u015bwiadczy\u0142 \u015bw. Franciszek Ksawery. Za Pol Pota Ko\u015bci\u00f3\u0142 zosta\u0142 kompletnie unicestwiony. Teraz od 20 lat pr\u00f3bujemy go stopniowo odbudowa\u0107. Mamy pi\u0119ciu kambod\u017ca\u0144skich ksi\u0119\u017cy i trzech miejscowych diakon\u00f3w, kt\u00f3rzy w przysz\u0142ym roku przyjm\u0105 \u015bwi\u0119cenia kap\u0142a\u0144skie. Mamy te\u017c kilka zakonnic. Ale przede wszystkim mamy wielu m\u0142odych, kt\u00f3rzy s\u0105 bardzo gorliwi. S\u0105 to naprawd\u0119 uczniowie Chrystusa.<\/p>\r\n<p>kb\/ rv<\/p>\r\n<p class=\"zrodlo\">Za: <a href=\"http:\/\/pl.radiovaticana.va\/news\/2014\/08\/17\/ma%C5%82e_ko%C5%9Bcio%C5%82y_w_azji_nie_mog%C4%85_sobie_pozwoli%C4%87_na_skomplikowany_proces\/pol-820135\">Radio Watyka\u0144skie (2014-08-17)<\/a><\/p>\r\n<blockquote>\r\n<p><strong> KOMENTARZ <em>BIBU\u0141Y<\/em><\/strong>: Podkre\u015blmy to co najwa\u017cniejsze, a mianowicie, \u017ce &#8222;<em>Kambod\u017canie te\u017c chcieliby mie\u0107 swoich <strong>\u015bwi\u0119tych<\/strong><\/em>&#8222;, \u017ce &#8222;<em>Ko\u015bcio\u0142y lokalne w Azji s\u0105 zbyt ma\u0142e, by <strong>sprawnie<\/strong> przeprowadzi\u0107 proces beatyfikacyjny<\/em>&#8222;, zatem\u00a0 &#8222;<em>Papie\u017c <strong>obieca\u0142<\/strong>, \u017ce po powrocie do Watykanu <strong>zajmie si\u0119<\/strong> spraw\u0105 m\u0119czennik\u00f3w z Kambod\u017cy<\/em>&#8222;, wi\u0119c\u00a0 &#8222;<em>zobaczymy czy nie da\u0142oby si\u0119 <strong>przy\u015bpieszy\u0107<\/strong> tego procesu, by\u0107 mo\u017ce <strong>dzi\u0119ki jakim\u015b uproszczeniom procedury<\/strong><\/em>.&#8221;<\/p>\r\n<p>Prawid\u0142owo czytaj\u0105c t\u0105 posoborow\u0105 nowomow\u0119, mo\u017cna mie\u0107 pewno\u015b\u0107, \u017ce Franciszek-Bergoglio &#8222;upro\u015bci&#8221; jeszcze bardziej procedury &#8211; nie tylko beatyfikacyjne, ale i kanonizacyjne (&#8222;<em>Kambod\u017canie te\u017c chcieliby mie\u0107 swoich <strong>\u015bwi\u0119tych<\/strong><\/em>&#8222;), by\u0107 mo\u017ce na pocz\u0105tek jako jaka\u015b &#8222;wyj\u0105tkowa i lokalna&#8221; inicjatywa, kt\u00f3ra z czasem rozprzestrzeni si\u0119 do szerszego u\u017cytku. B\u0119dzie to kolejny etap do destrukcji poj\u0119cia \u015bwi\u0119to\u015bci w Ko\u015bciele, czego ostatnim dobitnym przyk\u0142adem by\u0142y ekspresowe i pozbawione wnikliwo\u015bci procesy Jana XXIII i Jana Paw\u0142a II.<\/p>\r\n<\/blockquote>\r\n<p>&nbsp;<\/p>","protected":false},"excerpt":{"rendered":"Ma\u0142e Ko\u015bcio\u0142y w Azji nie mog\u0105 sobie pozwoli\u0107 na skomplikowany proces beatyfikacyjny &#8211; wywiad z bp. Olivierem Schmitthaeuslerem z Kambod\u017cy Ko\u015bcio\u0142y lokalne w Azji maj\u0105 wielu m\u0119czennik\u00f3w, ale s\u0105 zbyt ma\u0142e, by sprawnie przeprowadzi\u0107 proces beatyfikacyjny &#8211; m\u00f3wi wikariusz apostolski Phnom Penh bp Olivier Schmitthaeusler. W ubieg\u0142y pi\u0105tek na brak lokalnych \u015bwi\u0119tych skar\u017cy\u0142a si\u0119 Papie\u017cowi [&hellip;]","protected":false},"author":1,"featured_media":0,"comment_status":"closed","ping_status":"closed","sticky":false,"template":"","format":"standard","meta":{"_acf_changed":false,"_monsterinsights_skip_tracking":false,"ngg_post_thumbnail":0,"footnotes":"","_wp_rev_ctl_limit":""},"categories":[3],"tags":[333,301,33],"acf":[],"_links":{"self":[{"href":"https:\/\/www.bibula.com\/index.php?rest_route=\/wp\/v2\/posts\/76037"}],"collection":[{"href":"https:\/\/www.bibula.com\/index.php?rest_route=\/wp\/v2\/posts"}],"about":[{"href":"https:\/\/www.bibula.com\/index.php?rest_route=\/wp\/v2\/types\/post"}],"author":[{"embeddable":true,"href":"https:\/\/www.bibula.com\/index.php?rest_route=\/wp\/v2\/users\/1"}],"replies":[{"embeddable":true,"href":"https:\/\/www.bibula.com\/index.php?rest_route=%2Fwp%2Fv2%2Fcomments&post=76037"}],"version-history":[{"count":0,"href":"https:\/\/www.bibula.com\/index.php?rest_route=\/wp\/v2\/posts\/76037\/revisions"}],"wp:attachment":[{"href":"https:\/\/www.bibula.com\/index.php?rest_route=%2Fwp%2Fv2%2Fmedia&parent=76037"}],"wp:term":[{"taxonomy":"category","embeddable":true,"href":"https:\/\/www.bibula.com\/index.php?rest_route=%2Fwp%2Fv2%2Fcategories&post=76037"},{"taxonomy":"post_tag","embeddable":true,"href":"https:\/\/www.bibula.com\/index.php?rest_route=%2Fwp%2Fv2%2Ftags&post=76037"}],"curies":[{"name":"wp","href":"https:\/\/api.w.org\/{rel}","templated":true}]}}