{"id":75776,"date":"2014-07-31T22:41:32","date_gmt":"2014-08-01T02:41:32","guid":{"rendered":"http:\/\/www.bibula.com\/?p=75776"},"modified":"2014-07-31T22:41:32","modified_gmt":"2014-08-01T02:41:32","slug":"niech-rozkwita-sto-kwiatow","status":"publish","type":"post","link":"https:\/\/www.bibula.com\/?p=75776","title":{"rendered":"Niech rozkwita sto kwiat\u00f3w"},"content":{"rendered":"<p>Papie\u017c Franciszek odwiedzi\u0142 wczoraj ponownie Caserat\u0119 pod Neapolem. Tym razem celem wizyty by\u0142o spotkanie z przyjacielem, ewangelickim pastorem Giovannim Traettino i jego parafianami. Spotkanie, jak poda\u0142o Radio Watyka\u0144skie, przekszta\u0142ci\u0142o si\u0119 w powa\u017cne wydarzenie ekumeniczne, w kt\u00f3rym wzi\u0119\u0142o udzia\u0142 ponad 200 os\u00f3b reprezentuj\u0105cych wsp\u00f3lnoty ewangelikalne nie tylko z Italii, ale tak\u017ce z innych kontynent\u00f3w.<\/p>\r\n<p>Wcze\u015bniej, w sobot\u0119 po po\u0142udniu, papie\u017c odwiedzi\u0142 Caserat\u0119 jako ekolog. Podziwia\u0142 z helikoptera p\u0142onac\u0119 w ziemi odpady nielegalnie wywiezione przez mafi\u0119 i spotka\u0142 si\u0119 z dzie\u0107mi chorymi z tego powodu na raka oraz odprawi\u0142 Msz\u0119 dla 200 tysi\u0119cy ludzi.<\/p>\r\n<p>Wczorajsza wizyta, cho\u0107 oficjalnie prywatna, mia\u0142a pokaza\u0107 publiczno\u015bci twarz Franiszka ekumenisty. Gospodarz wizyty, Giovanni Traettino, jest znany nie tylko jako protestancki kaznodzieja, ale te\u017c jako dzia\u0142acz ekumeniczny w\u015br\u00f3d grup charyzmatycznych r\u00f3\u017cnych denominacji.<b> <\/b>By\u0142 m.in. go\u015bciem niedawnego spotkania katolickiej Odnowy w Duchu \u015awi\u0119tym, kt\u00f3re odby\u0142o si\u0119 na rzymskim stadionie olimpijskim z udzia\u0142em papie\u017ca Franciszka. Z Bergoglio, Giovanni Traettino pozna\u0142 si\u0119 ju\u017c wcze\u015bniej w Buenos Aires, prowadz\u0105c tam swoj\u0105 kaznodziejsk\u0105 i ekumeniczn\u0105 dzia\u0142alno\u015b\u0107.<\/p>\r\n<p>Po prywatnej rozmowie z pastorem w jego domu, spotka\u0142 si\u0119 z ca\u0142\u0105 wsp\u00f3lnot\u0105 na terenie budowanego tam o\u015brodka pentekostalnego zwanego <b>&#8222;Ko\u015bcio\u0142em Pojednania&#8221;. Przemawiaj\u0105c do zebranych, papie\u017c nawi\u0105za\u0142 m.in. do \u201ewielo\u015bciennego\u201d modelu Ko\u015bcio\u0142a, \u0142\u0105cz\u0105cego jedno\u015b\u0107 i r\u00f3\u017cnorodno\u015b\u0107.<\/b><\/p>\r\n<p><i>\u201eDuch \u015awi\u0119ty sprawia r\u00f3\u017cnorodno\u015b\u0107 w Ko\u015bciele i ta r\u00f3\u017cnorodno\u015b\u0107 jest niezwykle bogata i pi\u0119kna. A nast\u0119pnie ten sam Duch \u015awi\u0119ty czyni jedno\u015b\u0107. I tak Ko\u015bci\u00f3\u0142 jest jeden w r\u00f3\u017cnorodno\u015bci.<b> U\u017cywaj\u0105c sformu\u0142owania pewnego protestanta, kt\u00f3re jest mi bardzo bliskie: r\u00f3\u017cnorodno\u015b\u0107 pojednana przez Ducha \u015awi\u0119tego. Kto\u015b mo\u017ce si\u0119 zdumie\u0107: papie\u017c pojecha\u0142 do ewangelik\u00f3w! A on pojecha\u0142 spotka\u0107 braci!<\/b> Bardzo wam dzi\u0119kuj\u0119 i prosz\u0119 was bardzo o modlitw\u0119, bo bardzo jej potrzebuj\u0119&#8230; Przynajmniej po to, by nie by\u0107 zanadto dokuczliwym. Dzi\u0119kuj\u0119!\u201d<\/i> &#8211; powiedzia\u0142 Bergoglio. Po obiedzie Franciszek powr\u00f3ci\u0142 \u015bmig\u0142owcem do Watykanu.<\/p>\r\n<p>Jak powiedzia\u0142 pewien przyw\u00f3dca chi\u0144skich komunist\u00f3w, &#8222;niech rozkwita sto kwiat\u00f3w, niech wsp\u00f3\u0142zawodniczy sto szk\u00f3\u0142&#8221;.<\/p>\r\n<p>Nie wiem czy papie\u017c Franciszek czyta\u0142 z\u0142ote my\u015bli Mao Zedonga, ale z pewno\u015bci\u0105 jego spos\u00f3b my\u015blenia jest mu niezwykle bliski. Oby tylko nie zako\u0144czy\u0142o si\u0119 to now\u0105 &#8222;kampani\u0105 przeciwko prawicowcom&#8221; (czytaj konserwatystom w Ko\u015bciele).<\/p>","protected":false},"excerpt":{"rendered":"Papie\u017c Franciszek odwiedzi\u0142 wczoraj ponownie Caserat\u0119 pod Neapolem. Tym razem celem wizyty by\u0142o spotkanie z przyjacielem, ewangelickim pastorem Giovannim Traettino i jego parafianami. Spotkanie, jak poda\u0142o Radio Watyka\u0144skie, przekszta\u0142ci\u0142o si\u0119 w powa\u017cne wydarzenie ekumeniczne, w kt\u00f3rym wzi\u0119\u0142o udzia\u0142 ponad 200 os\u00f3b reprezentuj\u0105cych wsp\u00f3lnoty ewangelikalne nie tylko z Italii, ale tak\u017ce z innych kontynent\u00f3w. Wcze\u015bniej, w [&hellip;]","protected":false},"author":1,"featured_media":0,"comment_status":"closed","ping_status":"closed","sticky":false,"template":"","format":"standard","meta":{"_acf_changed":false,"_monsterinsights_skip_tracking":false,"_monsterinsights_sitenote_active":false,"_monsterinsights_sitenote_note":"","_monsterinsights_sitenote_category":0,"ngg_post_thumbnail":0,"footnotes":"","_wp_rev_ctl_limit":""},"categories":[3],"tags":[301,207],"acf":[],"_links":{"self":[{"href":"https:\/\/www.bibula.com\/index.php?rest_route=\/wp\/v2\/posts\/75776"}],"collection":[{"href":"https:\/\/www.bibula.com\/index.php?rest_route=\/wp\/v2\/posts"}],"about":[{"href":"https:\/\/www.bibula.com\/index.php?rest_route=\/wp\/v2\/types\/post"}],"author":[{"embeddable":true,"href":"https:\/\/www.bibula.com\/index.php?rest_route=\/wp\/v2\/users\/1"}],"replies":[{"embeddable":true,"href":"https:\/\/www.bibula.com\/index.php?rest_route=%2Fwp%2Fv2%2Fcomments&post=75776"}],"version-history":[{"count":0,"href":"https:\/\/www.bibula.com\/index.php?rest_route=\/wp\/v2\/posts\/75776\/revisions"}],"wp:attachment":[{"href":"https:\/\/www.bibula.com\/index.php?rest_route=%2Fwp%2Fv2%2Fmedia&parent=75776"}],"wp:term":[{"taxonomy":"category","embeddable":true,"href":"https:\/\/www.bibula.com\/index.php?rest_route=%2Fwp%2Fv2%2Fcategories&post=75776"},{"taxonomy":"post_tag","embeddable":true,"href":"https:\/\/www.bibula.com\/index.php?rest_route=%2Fwp%2Fv2%2Ftags&post=75776"}],"curies":[{"name":"wp","href":"https:\/\/api.w.org\/{rel}","templated":true}]}}