{"id":75772,"date":"2014-07-31T19:42:20","date_gmt":"2014-07-31T23:42:20","guid":{"rendered":"http:\/\/www.bibula.com\/?p=75772"},"modified":"2014-07-31T19:42:20","modified_gmt":"2014-07-31T23:42:20","slug":"kamieniem-w-katolika-parafianie-we-francuskim-perpignan-zyja-w-strachu","status":"publish","type":"post","link":"https:\/\/www.bibula.com\/?p=75772","title":{"rendered":"Kamieniem w katolika. Parafianie we francuskim Perpignan \u017cyj\u0105 w strachu"},"content":{"rendered":"\r\n<p><strong>W kierunku parafian i proboszcza z ko\u015bcio\u0142a Saint-Paul-du-Moulin-\u00c3\u00a0-Vent lec\u0105 kamienie i wyzwiska. W\u0142adza i tzw. autorytety milcz\u0105. Policja proponuje monitoring przyko\u015bcielnego terenu.<\/strong><\/p>\r\n<p>Grupa aktywist\u00f3w Frontu Narodowego w Perpignan na po\u0142udniu Francji, na czele z radnym Havierem Baudry wyst\u0105pi\u0142a z protestem do w\u0142adz miasta przeciwko tolerowaniu agresji jakich doznaj\u0105 parafianie z ko\u015bcio\u0142a Saint-Paul-du-Moulin-\u00c3\u00a0-Vent.<\/p>\r\n<p>W pi\u015bmie skierowanym do mera napisano: \u201eOd wielu miesi\u0119cy nasi wsp\u00f3\u0142bracia s\u0105 ofiar\u0105 atak\u00f3w. Wierni i przechodnie obrzucani s\u0105 kamieniami i stekiem wyzwisk, spotka\u0142o to nawet proboszcza parafii, wychodz\u0105cego z ko\u015bcio\u0142a po Mszy \u015bwi\u0119tej! Deputowani i radni z Unii na Rzecz Ruchu Ludowego i Partii Socjalistycznej milcz\u0105. Nie ma \u017cadnego komunikatu artyst\u00f3w lub intelektualist\u00f3w deklaruj\u0105cych si\u0119 jako <em>poprawnie my\u015bl\u0105cych<\/em>\u2026 Czy by\u0142oby tak w przypadku gdyby miejscem kultu by\u0142a synagoga lub meczet ? &#8211; pytaj\u0105 politycy FN.<\/p>\r\n<p>Autorzy pisma domagaj\u0105 si\u0119 \u201enatychmiastowej i zdecydowanej reakcji w\u0142adz miasta, by w ko\u0144cu u\u017cy\u0142y niezb\u0119dnych\u00a0 \u015brodk\u00f3w dla zapewnienia bezpiecze\u0144stwa w obr\u0119bie ko\u015bcio\u0142a: patroli policji i natychmiastowych sankcji s\u0105dowych, a nie <em>p\u00f3\u0142\u015brodk\u00f3w <\/em>w rodzaju instalacji kamer\u201d.<\/p>\r\n<p>FLC<\/p>\r\n<\/div>","protected":false},"excerpt":{"rendered":"W kierunku parafian i proboszcza z ko\u015bcio\u0142a Saint-Paul-du-Moulin-\u00c3\u00a0-Vent lec\u0105 kamienie i wyzwiska. W\u0142adza i tzw. autorytety milcz\u0105. Policja proponuje monitoring przyko\u015bcielnego terenu. Grupa aktywist\u00f3w Frontu Narodowego w Perpignan na po\u0142udniu Francji, na czele z radnym Havierem Baudry wyst\u0105pi\u0142a z protestem do w\u0142adz miasta przeciwko tolerowaniu agresji jakich doznaj\u0105 parafianie z ko\u015bcio\u0142a Saint-Paul-du-Moulin-\u00c3\u00a0-Vent. W pi\u015bmie skierowanym [&hellip;]","protected":false},"author":1,"featured_media":0,"comment_status":"closed","ping_status":"closed","sticky":false,"template":"","format":"standard","meta":{"_acf_changed":false,"_monsterinsights_skip_tracking":false,"_monsterinsights_sitenote_active":false,"_monsterinsights_sitenote_note":"","_monsterinsights_sitenote_category":0,"ngg_post_thumbnail":0,"footnotes":"","_wp_rev_ctl_limit":""},"categories":[6],"tags":[132,114,191],"acf":[],"_links":{"self":[{"href":"https:\/\/www.bibula.com\/index.php?rest_route=\/wp\/v2\/posts\/75772"}],"collection":[{"href":"https:\/\/www.bibula.com\/index.php?rest_route=\/wp\/v2\/posts"}],"about":[{"href":"https:\/\/www.bibula.com\/index.php?rest_route=\/wp\/v2\/types\/post"}],"author":[{"embeddable":true,"href":"https:\/\/www.bibula.com\/index.php?rest_route=\/wp\/v2\/users\/1"}],"replies":[{"embeddable":true,"href":"https:\/\/www.bibula.com\/index.php?rest_route=%2Fwp%2Fv2%2Fcomments&post=75772"}],"version-history":[{"count":0,"href":"https:\/\/www.bibula.com\/index.php?rest_route=\/wp\/v2\/posts\/75772\/revisions"}],"wp:attachment":[{"href":"https:\/\/www.bibula.com\/index.php?rest_route=%2Fwp%2Fv2%2Fmedia&parent=75772"}],"wp:term":[{"taxonomy":"category","embeddable":true,"href":"https:\/\/www.bibula.com\/index.php?rest_route=%2Fwp%2Fv2%2Fcategories&post=75772"},{"taxonomy":"post_tag","embeddable":true,"href":"https:\/\/www.bibula.com\/index.php?rest_route=%2Fwp%2Fv2%2Ftags&post=75772"}],"curies":[{"name":"wp","href":"https:\/\/api.w.org\/{rel}","templated":true}]}}