{"id":75720,"date":"2014-07-21T12:31:15","date_gmt":"2014-07-21T16:31:15","guid":{"rendered":"http:\/\/www.bibula.com\/?p=75720"},"modified":"2014-10-14T13:19:01","modified_gmt":"2014-10-14T17:19:01","slug":"list-otwarty-do-episkopatu-polski-ad2014","status":"publish","type":"post","link":"https:\/\/www.bibula.com\/?p=75720","title":{"rendered":"List otwarty do Episkopatu Polski &#8211; AD 2014"},"content":{"rendered":"<div style=\"text-align: right;\">Lipiec 2014 roku<\/div>\r\n<p>List otwarty do Episkopatu Polski.<\/p>\r\n<p>Czcigodni Ksi\u0119\u017ca Biskupi, Pasterze Narodu Polskiego!<\/p>\r\n<p>&nbsp;<\/p>\r\n<p>Mija w\u0142a\u015bnie \u0107wier\u0107 wieku, kiedy to z Ko\u015bcio\u0142a w Polsce spad\u0142y wi\u0119zy na\u0142o\u017cone Na\u0144 przez komunistyczny re\u017cim PRL-u. Od tego momenty, jako pe\u0142noprawny podmiot polskiego spo\u0142ecze\u0144stwa, m\u00f3g\u0142 Ko\u015bci\u00f3\u0142 nieskr\u0119powanie realizowa\u0107 sw\u0105 misj\u0119 duszpastersk\u0105, spo\u0142eczn\u0105, kulturow\u0105 i polityczn\u0105 w naszym pa\u0144stwie.<\/p>\r\n<p>Pami\u0119taj\u0105c o wielowiekowej maksymie, \u017ce polski ko\u015bci\u00f3\u0142 jest zawsze z Narodem, katolicy III RP z nadziej\u0105 zwr\u00f3cili si\u0119 w Jego stron\u0119. Oczekiwania by\u0142y tym wi\u0119ksze, \u017ce na Stolicy Piotrowej zasiada\u0142 Papie\u017c Polak. Rozbudzone nadzieje Polak\u00f3w rozci\u0105ga\u0142y si\u0119 oczywi\u015bcie na wszystkie sfery \u017cycia Narodu, tak materialne, jak duchowe.<\/p>\r\n<p>Niestety, z perspektywy lat wida\u0107 wyra\u017anie, \u017ce nie zosta\u0142y one ziszczone. W kr\u00f3tkim czasie w\u0142adz\u0119 w pa\u0144stwie zmonopolizowa\u0142a elita polityczna z komunistycznymi lub agenturalnymi korzeniami, o bardzo w\u0105tpliwej kondycji moralnej i silnych powi\u0105zaniach z zachodnim establishmentem. Zlikwidowano polsk\u0105 realn\u0105 gospodark\u0119 poprzez z\u0142odziejsk\u0105 prywatyzacj\u0119, zast\u0119puj\u0105c j\u0105 modelem kolonialnym. Wt\u0142oczono nasze pa\u0144stwo w struktury Unii Europejskiej, likwiduj\u0105c de facto i de jure polsk\u0105 niepodleg\u0142o\u015b\u0107. Do cna zdemoralizowano polskie spo\u0142ecze\u0144stwo, promuj\u0105c tak zwane \u201ewarto\u015bci europejskie\u201d. Spowodowany t\u0105 sytuacj\u0105 nieko\u0144cz\u0105cy si\u0119 strumie\u0144 emigracji spauperyzowanego spo\u0142ecze\u0144stwa, nosi wszelkie znamiona tego, co okre\u015bla si\u0119 mianem \u201emi\u0119kkiego ludob\u00f3jstwa\u201d.<\/p>\r\n<p>Wysoce wyrafinowana, zmasowana propaganda polskoj\u0119zycznych medi\u00f3w korporacyjnych, otumani\u0142a i w dalszym ci\u0105gu otumania spo\u0142ecze\u0144stwo, ukrywaj\u0105c przed nim niepokoj\u0105ce fakty. Co gorsza w t\u0105 propagand\u0119 wpisuj\u0105 si\u0119 r\u00f3wnie\u017c katolickie media.<\/p>\r\n<p>Wydawa\u0142oby si\u0119, \u017ce w takiej sytuacji g\u0142os Ko\u015bcio\u0142a powinien gromko rozbrzmiewa\u0107, u\u015bwiadamiaj\u0105c spo\u0142ecze\u0144stwu te gorzkie prawdy. Przez \u0107wier\u0107 wieku oczekiwali\u015bmy tego z rosn\u0105c\u0105 niecierpliwo\u015bci\u0105.<\/p>\r\n<p>Niestety oczekiwania te nie zmaterializowa\u0142y si\u0119. Poza niekiedy enigmatyczn\u0105 krytyk\u0105 poszczeg\u00f3lnych wydarze\u0144 lub trend\u00f3w, spo\u0142ecze\u0144stwo nie uzyska\u0142o nigdy od swych Pasterzy jasnej, klarownej i ca\u0142o\u015bciowej oceny otaczaj\u0105cej je rzeczywisto\u015bci. Miast tego rozbuchano w nim emocjonalny kult Karola Wojty\u0142y, kt\u00f3rego d\u0142ugi pontyfikat nie zosta\u0142 nigdy krytycznie przeanalizowany, a kt\u00f3rego aspekt polityczny (integralnie zwi\u0105zany ze sprawowan\u0105 funkcj\u0105), mo\u017ce wzbudza\u0107 powa\u017cne w\u0105tpliwo\u015bci.<\/p>\r\n<p>Narastaj\u0105ca dynamika wydarze\u0144 politycznych, a w szczeg\u00f3lno\u015bci konflikt ukrai\u0144ski, kt\u00f3ry stanowi dla Polski bezpo\u015brednie egzystencjalne i moralne wyzwanie, zmusza do przerwania pe\u0142nego niecierpliwo\u015bci wyczekiwania na reakcj\u0119 Ko\u015bcio\u0142a i skorzystania, w duchu chrze\u015bcija\u0144skiej pokory, z prawa danego nam przez Zbawiciela, do napominania b\u0142\u0105dz\u0105cych braci w wierze. Zar\u00f3wno Wy, Czcigodni Pasterze, jak i my owieczki, jeste\u015bmy r\u00f3wnoprawnymi cz\u0142onkami Mistycznego Cia\u0142a Chrystusa-Ko\u015bcio\u0142a. Jednakowo\u017c, na Was ci\u0105\u017cy odpowiedzialno\u015b\u0107 nie tylko za zbawienie w\u0142asnych dusz, ale i tych owieczek, kt\u00f3re wam podlegaj\u0105 a cz\u0119sto bezgranicznie ufaj\u0105. Z tego powodu nale\u017cy zwr\u00f3ci\u0107 Wam uwag\u0119, na grzech zaniedbania, kt\u00f3ry pope\u0142niacie, zachowuj\u0105c milczenie w obliczu narastaj\u0105cej lawinowo agresji z\u0142a.<\/p>\r\n<p>W kontek\u015bcie aktualnie rozwijaj\u0105cego si\u0119 konfliktu Rosji z zachodem, jedno nie podlega \u017cadnej dyskusji. <span class=\"pullquote\">O ile Rosja przynajmniej formalnie deklaruje wol\u0119 respektowania Boskiego prawa naturalnego, o tyle zach\u00f3d instytucjonalnie promuje antywarto\u015bci<\/span> i przymusza poszczeg\u00f3lne pa\u0144stwa do ich czynnego wprowadzania w \u017cycie, a opieraj\u0105cych si\u0119 temu procesowi, dyscyplinuje wszystkimi dost\u0119pnymi metodami. W obecnym wieku informacji, powszechnym dost\u0119pie do Internetu i telefonii kom\u00f3rkowej, umo\u017cliwiaj\u0105cej ka\u017cdemu, w ka\u017cdym miejscu i czasie rejestrowa\u0107 zachodz\u0105ce wydarzenia, mo\u017cna poza wszelk\u0105 w\u0105tpliwo\u015b\u0107 weryfikowa\u0107 wszystkie wa\u017cne informacje oferowane przez media. Z tego powodu imperatywem wydaje si\u0119 potrzeba wyja\u015bnienia, kto i w jakiej skali dokonuje zbrodni ludob\u00f3jstwa na wschodniej Ukrainie i kto jest agresorem w tym gro\u017c\u0105cym wojn\u0105 nuklearn\u0105 konflikcie. Ministerstwo Spraw Zagranicznych Federacji Rosyjskiej opublikowa\u0142o niedawno pierwszy tom \u201eBia\u0142ej Ksi\u0119gi\u201d, dokumentuj\u0105cej zbrodnie dokonywane przez tak zwane \u201epro-europejskie si\u0142y\u201d na etnicznych Rosjanach zamieszkuj\u0105cych Ukrain\u0119. Ze wzgl\u0119du na polityk\u0119 w\u0142adz III RP, zbrodnie te dokonywane s\u0105 r\u00f3wnie\u017c w imieniu Polski i Polak\u00f3w. Z powodu czynnej wsp\u00f3\u0142pracy greko-katolickiego kleru z banderowskimi neonazistami, zbrodnie te dokonywane s\u0105 tak\u017ce w imieniu Ko\u015bcio\u0142a Powszechnego. Je\u015bli, zgromadzony we wspomnianej ksi\u0119dze, materia\u0142 faktograficzny jest falsyfikatem, to hierarchia Ko\u015bcio\u0142a powinna poinformowa\u0107 o tym wiernych, aby nie b\u0142\u0105dzili ci z nich, kt\u00f3rzy autentycznie poszukuj\u0105 prawdy.<\/p>\r\n<p>W sytuacji, gdy zar\u00f3wno polskie instytucje pa\u0144stwowe, jak i polskoj\u0119zyczne media, pozbawione s\u0105 jakiejkolwiek wiarygodno\u015bci, nasz Ko\u015bci\u00f3\u0142 pozostaje jedyn\u0105 niezale\u017cn\u0105 organizacj\u0105, kt\u00f3ra posiada narz\u0119dzia do weryfikacji wszelkich pal\u0105cych zagadnie\u0144, takich jak: szerokiej pauperyzacji spo\u0142ecze\u0144stwa, kt\u00f3re nie sta\u0107 na utrzymanie dzieci, coraz bardziej bogac\u0105cej si\u0119 nielicznej \u201eelity\u201d, stopnia depopulacji III RP spowodowanej \u201emi\u0119kkim ludob\u00f3jstwem\u201d, czy kondycji cywilizacyjnej m\u0142odego pokolenia, nieustannie demoralizowanego.<\/p>\r\n<p>Intencj\u0105 niniejszego listu jest apel, o podj\u0119cie analizy sytuacji w kraju, przedstawienie Polakom klarownej oraz pozbawionej niedom\u00f3wie\u0144 oceny i zaproponowanie krok\u00f3w naprawczych, tak\u017ce w zakresie realizacji polityki, rozumianej jako dbanie o dobro wsp\u00f3lne.<\/p>\r\n<p>Z wyrazami nale\u017cnego szacunku,<\/p>\r\n<p><strong><em>Dr Ignacy Nowopolski<\/em><\/strong><\/p>","protected":false},"excerpt":{"rendered":"Lipiec 2014 roku List otwarty do Episkopatu Polski. Czcigodni Ksi\u0119\u017ca Biskupi, Pasterze Narodu Polskiego! &nbsp; Mija w\u0142a\u015bnie \u0107wier\u0107 wieku, kiedy to z Ko\u015bcio\u0142a w Polsce spad\u0142y wi\u0119zy na\u0142o\u017cone Na\u0144 przez komunistyczny re\u017cim PRL-u. Od tego momenty, jako pe\u0142noprawny podmiot polskiego spo\u0142ecze\u0144stwa, m\u00f3g\u0142 Ko\u015bci\u00f3\u0142 nieskr\u0119powanie realizowa\u0107 sw\u0105 misj\u0119 duszpastersk\u0105, spo\u0142eczn\u0105, kulturow\u0105 i polityczn\u0105 w naszym pa\u0144stwie. [&hellip;]","protected":false},"author":1,"featured_media":0,"comment_status":"closed","ping_status":"closed","sticky":false,"template":"","format":"standard","meta":{"_acf_changed":false,"_monsterinsights_skip_tracking":false,"_monsterinsights_sitenote_active":false,"_monsterinsights_sitenote_note":"","_monsterinsights_sitenote_category":0,"ngg_post_thumbnail":0,"footnotes":"","_wp_rev_ctl_limit":""},"categories":[5],"tags":[66,92,51,141,167],"acf":[],"_links":{"self":[{"href":"https:\/\/www.bibula.com\/index.php?rest_route=\/wp\/v2\/posts\/75720"}],"collection":[{"href":"https:\/\/www.bibula.com\/index.php?rest_route=\/wp\/v2\/posts"}],"about":[{"href":"https:\/\/www.bibula.com\/index.php?rest_route=\/wp\/v2\/types\/post"}],"author":[{"embeddable":true,"href":"https:\/\/www.bibula.com\/index.php?rest_route=\/wp\/v2\/users\/1"}],"replies":[{"embeddable":true,"href":"https:\/\/www.bibula.com\/index.php?rest_route=%2Fwp%2Fv2%2Fcomments&post=75720"}],"version-history":[{"count":0,"href":"https:\/\/www.bibula.com\/index.php?rest_route=\/wp\/v2\/posts\/75720\/revisions"}],"wp:attachment":[{"href":"https:\/\/www.bibula.com\/index.php?rest_route=%2Fwp%2Fv2%2Fmedia&parent=75720"}],"wp:term":[{"taxonomy":"category","embeddable":true,"href":"https:\/\/www.bibula.com\/index.php?rest_route=%2Fwp%2Fv2%2Fcategories&post=75720"},{"taxonomy":"post_tag","embeddable":true,"href":"https:\/\/www.bibula.com\/index.php?rest_route=%2Fwp%2Fv2%2Ftags&post=75720"}],"curies":[{"name":"wp","href":"https:\/\/api.w.org\/{rel}","templated":true}]}}