{"id":75517,"date":"2014-07-10T13:39:47","date_gmt":"2014-07-10T17:39:47","guid":{"rendered":"http:\/\/www.bibula.com\/?p=75517"},"modified":"2014-07-10T13:39:47","modified_gmt":"2014-07-10T17:39:47","slug":"krzysztof-stanowski-dziennikarz-przegladu-sportowego-i-zalozyciel-portalu-weszlo-com-ponownie-wyrazil-swoja-niechec-do-pilkarskiej-reprezentacji-niemiec","status":"publish","type":"post","link":"https:\/\/www.bibula.com\/?p=75517","title":{"rendered":"Krzysztof Stanowski, dziennikarz &#8222;Przegl\u0105du Sportowego&#8221; i za\u0142o\u017cyciel portalu weszlo.com ponownie wyrazi\u0142 swoj\u0105 niech\u0119\u0107 do pi\u0142karskiej reprezentacji Niemiec"},"content":{"rendered":"<p><strong>Ju\u017c wcze\u015bniej Stanowski na swoim profilu w serwisie Facebook <span style=\"text-decoration: underline;\"><a href=\"http:\/\/www.kresy.pl\/wydarzenia,polska?zobacz\/znany-dziennikarz-sportowy-nie-kibicuje-niemcom-niewiele-czasu-minelo-od-ich-zbrodni\">stwierdzi\u0142<\/a><\/span>, \u017ce nie kibicuje Niemcom, poniewa\u017c zbyt ma\u0142o czasu min\u0119\u0142o od ich zbrodni wojennych.\u00a0<\/strong><\/p>\r\n<p>Swoje stanowisko dziennikarz rozwin\u0105\u0142 ostatnio w artykule dla <a href=\"http:\/\/www.weszlo.com\/2014\/07\/09\/dlaczego-zycze-niemcom-wszystkiego-najgorszego-na-mundialu\/\">Weszlo.com<\/a><\/p>\r\n<p><strong>&#8222;S\u0105 tacy, kt\u00f3rzy uwa\u017caj\u0105, \u017ce pi\u0142ki nie nale\u017cy miesza\u0107 z jakimikolwiek innymi sprawami, z histori\u0105 w szczeg\u00f3lno\u015bci. Ja uwa\u017cam z kolei, \u017ce nie \u017cyjemy w pr\u00f3\u017cni i \u017ce sport\u00a0ca\u0142y czas miksuje si\u0119 z histori\u0105, tera\u017aniejszo\u015bci\u0105, z polityk\u0105 czy biznesem. I jest wr\u0119cz stworzony do tego, by pewne urazy piel\u0119gnowa\u0107. Futbol jest spraw\u0105 tak drobn\u0105 i tak trzeciorz\u0119dn\u0105, \u017ce nadaje si\u0119 wspaniale na branie malutkich odwecik\u00f3w&#8221;<\/strong> &#8211; napisa\u0142 Stanowski.<\/p>\r\n<p><strong>&#8222;\u0179yj\u0119 w kraju i w mie\u015bcie szczeg\u00f3lnie naznaczonym histori\u0105 i nie rozumiem, dlaczego akurat w czasie ogl\u0105dania meczu mam o niej zapomina\u0107. To jasne, \u017ce nie mam pretensji do Oezila czy Khediry, do Muellera te\u017c nie. Ale \u017cycz\u0105c komu\u015b zwyci\u0119stwa lub pora\u017cki zazwyczaj kieruj\u0119 si\u0119 tym, kogo bym wola\u0142 zobaczy\u0107 ciesz\u0105cego si\u0119. Wyobra\u017cam sobie na przyk\u0142ad \u015bwi\u0119tuj\u0105cych ludzi w Rio de Janeiro lub w Berlinie i zastanawiam si\u0119, kt\u00f3ry obrazek jest \u0142adniejszy. No wi\u0119c \u015bwi\u0119tuj\u0105cego Berlina nie lubi\u0119, nie lubi\u0119 tych powiewaj\u0105cych flag. Niech sobie ci Niemcy \u017cyj\u0105 obok mnie,\u00a0byle nie za blisko, ale nie ma powodu, bym mia\u0142 im &#8211; jako narodowi, szarej rozlanej masie anonimowych ludzi w r\u00f3\u017cnym wieku &#8211; \u017cyczy\u0107 radosnych futbolowych chwil. Niech chocia\u017c w pi\u0142ce no\u017cnej zap\u0142acz\u0105&#8221;<\/strong> &#8211; \u017cyczy Niemcom Stanowski.<\/p>\r\n<p>Zdaniem dziennikarza taki stosunek do Niemc\u00f3w jest zupe\u0142nie uzasadniony:<\/p>\r\n<p><strong>&#8222;Kibicowa\u0107 Niemcom &#8211; to jednak oznacza\u0142oby ca\u0142kowit\u0105 historyczn\u0105 znieczulic\u0119. I &#8211; troch\u0119 i tak to odbieram &#8211; brak szacunku wobec naszych poprzednich pokole\u0144. Nie umiem tak sobie zmienia\u0107 filmu w g\u0142owie, \u017ce raz staj\u0119 nieruchomo gdy syreny oznajmiaj\u0105 godzin\u0119 \u201eW\u201d, a raz skacz\u0119 do g\u00f3ry, gdy Niemcy zdobywaj\u0105 bramk\u0119. Jako\u015b mi si\u0119 to ze sob\u0105 gryzie, albo-albo, trzeba decydowa\u0107. No to decyduj\u0119, to zreszt\u0105 \u0142atwy wyb\u00f3r. Je\u015bli natomiast kto\u015b umie te dwie postawy po\u0142\u0105czy\u0107, to jego sprawa&#8221;<\/strong> &#8211; napisa\u0142 Stanowski.<\/p>\r\n<p>Weszlo.com\/KRESY.PL<\/p>","protected":false},"excerpt":{"rendered":"Ju\u017c wcze\u015bniej Stanowski na swoim profilu w serwisie Facebook stwierdzi\u0142, \u017ce nie kibicuje Niemcom, poniewa\u017c zbyt ma\u0142o czasu min\u0119\u0142o od ich zbrodni wojennych.\u00a0 Swoje stanowisko dziennikarz rozwin\u0105\u0142 ostatnio w artykule dla Weszlo.com &#8222;S\u0105 tacy, kt\u00f3rzy uwa\u017caj\u0105, \u017ce pi\u0142ki nie nale\u017cy miesza\u0107 z jakimikolwiek innymi sprawami, z histori\u0105 w szczeg\u00f3lno\u015bci. Ja uwa\u017cam z kolei, \u017ce nie [&hellip;]","protected":false},"author":1,"featured_media":0,"comment_status":"closed","ping_status":"closed","sticky":false,"template":"","format":"standard","meta":{"_acf_changed":false,"_monsterinsights_skip_tracking":false,"ngg_post_thumbnail":0,"footnotes":"","_wp_rev_ctl_limit":""},"categories":[12],"tags":[166,92,213],"acf":[],"_links":{"self":[{"href":"https:\/\/www.bibula.com\/index.php?rest_route=\/wp\/v2\/posts\/75517"}],"collection":[{"href":"https:\/\/www.bibula.com\/index.php?rest_route=\/wp\/v2\/posts"}],"about":[{"href":"https:\/\/www.bibula.com\/index.php?rest_route=\/wp\/v2\/types\/post"}],"author":[{"embeddable":true,"href":"https:\/\/www.bibula.com\/index.php?rest_route=\/wp\/v2\/users\/1"}],"replies":[{"embeddable":true,"href":"https:\/\/www.bibula.com\/index.php?rest_route=%2Fwp%2Fv2%2Fcomments&post=75517"}],"version-history":[{"count":0,"href":"https:\/\/www.bibula.com\/index.php?rest_route=\/wp\/v2\/posts\/75517\/revisions"}],"wp:attachment":[{"href":"https:\/\/www.bibula.com\/index.php?rest_route=%2Fwp%2Fv2%2Fmedia&parent=75517"}],"wp:term":[{"taxonomy":"category","embeddable":true,"href":"https:\/\/www.bibula.com\/index.php?rest_route=%2Fwp%2Fv2%2Fcategories&post=75517"},{"taxonomy":"post_tag","embeddable":true,"href":"https:\/\/www.bibula.com\/index.php?rest_route=%2Fwp%2Fv2%2Ftags&post=75517"}],"curies":[{"name":"wp","href":"https:\/\/api.w.org\/{rel}","templated":true}]}}