{"id":75503,"date":"2014-07-10T12:21:08","date_gmt":"2014-07-10T16:21:08","guid":{"rendered":"http:\/\/www.bibula.com\/?p=75503"},"modified":"2014-07-11T10:02:21","modified_gmt":"2014-07-11T14:02:21","slug":"wschodzaca-gwiazda-izraelskiej-polityki-nawoluje-do-ludobojstwa-palestynczykow","status":"publish","type":"post","link":"https:\/\/www.bibula.com\/?p=75503","title":{"rendered":"Wschodz\u0105ca gwiazda izraelskiej polityki nawo\u0142uje do ludob\u00f3jstwa Palesty\u0144czyk\u00f3w"},"content":{"rendered":"<p><strong>Jedna z najbardziej popularnych izraelskich polityk\u00f3w og\u0142osi\u0142a wrogiem ca\u0142y nar\u00f3d palesty\u0144ski na Facebooku, w dzie\u0144 przed tym kiedy 6 izraelskich nastolatk\u00f3w rzekomo zam\u0119czy\u0142o palesty\u0144skiego ch\u0142opaka pal\u0105c go \u017cywcem.<\/strong><\/p>\r\n<p><img decoding=\"async\" style=\"border: 0px none; margin: 10px;\" src=\"http:\/\/wolna-polska.pl\/wp-content\/uploads\/2014\/07\/a51.jpg\" alt=\"a\" width=\"245\" height=\"142\" align=\"left\" \/> Co wi\u0119cej, natychmiast po jej wpisie dosta\u0142a tysi\u0105ce lajk\u00f3w od podobnie my\u015bl\u0105cych \u017cydowskich ekstremist\u00f3w z ca\u0142ego \u015bwiata.<\/p>\r\n<p>Cz\u0142onka Knessetu &#8211;<strong> Ayelet Shaked<\/strong> &#8211;<strong> B\u2019shava<\/strong> ostatnio uzna\u0142a za kobiet\u0119 roku za jej dzia\u0142alno\u015b\u0107 na rzecz syjonizmu, a w ubieg\u0142ym roku badanie opinii publicznej przeprowadzone przez kana\u0142 Knessetu wybra\u0142o j\u0105 na wybitnego cz\u0142onka parlamentu.<\/p>\r\n<p>Shaked jest znacz\u0105c\u0105 postaci\u0105 w partii Habeyit Hayehudi (\u017bydowska Ojczyzna), wchodz\u0105cej w sk\u0142ad izraelskiej koalicji rz\u0105dz\u0105cej. Zas\u0142yn\u0119\u0142a wo\u0142aniem o uwolnienie zdradzieckiego \u017cydowsko-ameryka\u0144skiego szpiega Jonathana Pollarda i o deportacj\u0119 z Izraela wszystkich afryka\u0144skich uchod\u017ac\u00f3w.<\/p>\r\n<p>Ludob\u00f3jczy charakter wpisu ujawni\u0142a jej deklaracja, \u017ce<strong><em> \u201eca\u0142y nar\u00f3d palesty\u0144ski jest wrogiem\u201d<\/em><\/strong> i wo\u0142anie do jego zniszczenia, <strong><em>\u201e\u0142\u0105cznie z osobami starszymi i kobietami, miastami i wioskami, domami mieszkalnymi i infrastruktur\u0105\u201d<\/em><\/strong>. Wed\u0142ug niej palesty\u0144skie matki rodz\u0105<strong><em> \u201ema\u0142e \u017cmije\u201d<\/em><\/strong>.<\/p>\r\n<p>Poni\u017cej tre\u015b\u0107 tego wpisu (odwo\u0142uje si\u0119 do lidera ruchu osadnik\u00f3w o nazwisku Uri Elitzur, kt\u00f3ry by\u0142 doradc\u0105 i autorem przem\u00f3wie\u0144 Netanyahu).<\/p>\r\n<p style=\"text-align: justify;\">Jest to artyku\u0142 nie\u017cyj\u0105cego Uri Elitzura, napisany 12 lat temu i nigdy nie opublikowany. Jest tak samo aktualny teraz jak wtedy.<\/p>\r\n<blockquote>\r\n<p style=\"text-align: justify;\"><strong>Nar\u00f3d palesty\u0144ski wypowiedzia\u0142 nam wojn\u0119, i na ni\u0105 musimy odpowiedzie\u0107 wojn\u0105. Nie operacj\u0105, nie powoln\u0105, nie ma\u0142ej intensywno\u015bci, nie kontrolowan\u0105 eskalacj\u0105, nie zniszczeniem infrastruktury terroru, nie pojedynczymi celami.<\/strong><\/p>\r\n<p style=\"text-align: justify;\"><strong>To nie jest wojna z terrorem, nie wojna z ekstremistami, nawet nie wojna z w\u0142adz\u0105 palesty\u0144sk\u0105. . . Jest to wojna mi\u0119dzy dwu narodami. Kto jest wrogiem? Nar\u00f3d palesty\u0144ski.<\/strong><\/p>\r\n<p style=\"text-align: justify;\"><strong>Co jest tak przera\u017caj\u0105ce w zrozumieniu tego, \u017ce wrogiem jest ca\u0142y nar\u00f3d palesty\u0144ski? . . . Moralno\u015b\u0107 wojenna (tak, istnieje co\u015b takiego) polega na za\u0142o\u017ceniu, \u017ce s\u0105 wojny na tym \u015bwiecie, i \u017ce wojna nie jest sytuacj\u0105 normaln\u0105, i \u017ce w wojnach wrogiem jest zwykle ca\u0142y nar\u00f3d, \u0142\u0105cznie z osobami starszymi i kobietami, jego miastami i wioskami, jego domami i infrastruktur\u0105.<\/strong><\/p>\r\n<p style=\"text-align: justify;\"><strong>I moralno\u015b\u0107 wojenna wie i\u017c niemo\u017cliwe jest nie krzywdzenie cywil\u00f3w wroga.<\/strong><\/p>\r\n<p style=\"text-align: justify;\"><strong>Oni wszyscy s\u0105 kombatantami wroga, a ich krew b\u0119dzie na g\u0142owach ich wszystkich. To odnosi si\u0119 r\u00f3wnie\u017c do matek m\u0119czennik\u00f3w, kt\u00f3re wysy\u0142aj\u0105 ich z kwiatami i poca\u0142unkami do piek\u0142a. One powinny i\u015b\u0107 za swoimi synami, nic nie b\u0119dzie bardziej sprawiedliwe. One powinny i\u015b\u0107 tak jak ich domy w kt\u00f3rych wychowywa\u0142y te \u017cmije. W przeciwnym wypadku w nich wychowa si\u0119 wi\u0119cej ma\u0142ych \u017cmij.<\/strong><\/p>\r\n<\/blockquote>\r\n<p style=\"text-align: justify;\">Gdyby polityk z innego kraju wpisa\u0142 takie ludob\u00f3jcze opinie, na pewno s\u0142uchaliby\u015bmy o tym dzie\u0144 i noc w mediach, wzywaj\u0105cych do natychmiastowej rezygnacji.<\/p>\r\n<p style=\"text-align: justify;\">Ale w tym przypadku polityk jest cz\u0142onkiem izraelskiej koalicji rz\u0105dz\u0105cej i wyra\u017ca\u0142a pogl\u0105dy \u017cydowskich rasist\u00f3w (udowodni\u0142y to lajki itp.), wi\u0119c nie dowiemy si\u0119 o tym z naszych syjo-medi\u00f3w.<\/p>\r\n<p style=\"text-align: justify;\"><em><strong>Dr. Patrick Slattery<\/strong><\/em><\/p>\r\n<p style=\"text-align: justify;\">\u0179r\u00f3d\u0142o: <a href=\"http:\/\/davidduke.com\/rising-star-israeli-politics-call-genocide-palestinians\/\">http:\/\/davidduke.com\/rising-star-israeli-politics-call-genocide-palestinians\/<\/a><\/p>\r\n<p style=\"text-align: justify;\"><strong>T\u0142um. Ola Gordon<\/strong><\/p>\r\n<p style=\"text-align: justify;\">P.S. Suplement: Kilka zdj\u0119\u0107 z bombardowania Strefy Gazy z dnia 08-09 lipca 2014 r. [Zobacz galeri\u0119 zdj\u0119\u0107 \u017cydowskich okrucie\u0144stw\u00a0 &#8211; na stronie \u017ar\u00f3d\u0142owej <span style=\"text-decoration: underline;\"><strong><a href=\"http:\/\/wolna-polska.pl\/wiadomosci\/wschodzaca-gwiazda-izraelskiej-polityki-nawoluje-ludobojstwa-palestynczykow-2014-07\">tutaj<\/a><\/strong><\/span>]<\/p>\r\n<p class=\"zrodlo\">Za: <a href=\"http:\/\/wolna-polska.pl\/wiadomosci\/wschodzaca-gwiazda-izraelskiej-polityki-nawoluje-ludobojstwa-palestynczykow-2014-07\">Wolna Polska (Lipiec 10, 2014) <\/a><\/p>\r\n<blockquote>\r\n<h2 style=\"text-align: justify;\">Lider \u015bwiatowej m\u0142odzie\u017cy syjonistycznej \u017c\u0105da \u201ewi\u0119cej ni\u017c 300 palesty\u0144skich napletk\u00f3w\u201d<\/h2>\r\n<p>Izraelska armia musi sta\u0107 si\u0119 \u201em\u015bcicielem\u201d, kt\u00f3ry \u201enie poprzestanie na zdobyciu 300 [palesty\u0144skich] napletk\u00f3w\u201d by zap\u0142aci\u0107 \u201ecen\u0119 krwi\u201d, jako zem\u015bcie za ostatnie wydarzenia w Izraelu, og\u0142osi\u0142 lider najwi\u0119kszej \u015bwiatowej organizacji syjonistycznej.<\/p>\r\n<p><img fetchpriority=\"high\" decoding=\"async\" class=\"aligncenter  wp-image-77045\" src=\"http:\/\/wolna-polska.pl\/wp-content\/uploads\/2014\/07\/a54.jpg\" alt=\"a\" width=\"514\" height=\"267\" \/><\/p>\r\n<p style=\"text-align: justify;\">Rabin Noam Perel, sekretarz generalny World Bnei Akiva, oficjalnie najwi\u0119kszego ruchu religijnego m\u0142odzie\u017cy syjonistycznej na \u015bwiecie, licz\u0105cej ponad 125.000 cz\u0142onk\u00f3w w 37 krajach, zamie\u015bci\u0142 swoje uwagi na Facebooku w ubieg\u0142ym tygodniu.<\/p>\r\n<p style=\"text-align: justify;\"><img decoding=\"async\" class=\"aligncenter  wp-image-77046\" src=\"http:\/\/wolna-polska.pl\/wp-content\/uploads\/2014\/07\/a55.jpg\" alt=\"a\" width=\"522\" height=\"216\" \/><\/p>\r\n<p style=\"text-align: justify;\"><strong><em>\u201eCa\u0142y nar\u00f3d i tysi\u0105ce lat historii \u017c\u0105daj\u0105 zemsty\u201d<\/em><\/strong> &#8211; napisa\u0142 Perel.<\/p>\r\n<p style=\"text-align: justify;\"><strong><em>\u201eIzraelski rz\u0105d zbiera si\u0119 na spotkaniu zemsty, a nie na spotkaniu smutku. Pan w\u015bciek\u0142 si\u0119 na widok cia\u0142 swoich syn\u00f3w. Rz\u0105d kt\u00f3ry z armii poszukuj\u0105cych robi armi\u0119 m\u015bcicieli, armi\u0119 kt\u00f3ra nie poprzestanie na 300 palesty\u0144skich napletkach\u201d<\/em><\/strong> &#8211; napisa\u0142 Perel, nawi\u0105zuj\u0105c do biblijnej bajki o Dawidzie w 1 Samuel 18:23-27 (w kt\u00f3rej Dawid zabi\u0142 100 Filistyn\u00f3w, a ich napletki podarowa\u0142 kr\u00f3lowi Saulowi jako zap\u0142at\u0119 za pann\u0119 m\u0142od\u0105, swoj\u0105 c\u00f3rk\u0119. W j\u0119zyku biblijnym, \u201eFilistyni\u201d byli nieszka\u0144cami Palestyny, kt\u00f3rzy zostali wysiedleni przez \u017cydowsk\u0105 inwazj\u0119 w czasach Moj\u017cesza, w wyniku czego byli wrodzy, dok\u0142adnie tak jak wsp\u00f3\u0142czesni \u201ePalesty\u0144czycy\u201d, i dlatego te dwa okre\u015blenia cz\u0119sto s\u0105 zamienne w dzisiejszym Izraelu).<\/p>\r\n<p style=\"text-align: justify;\"><strong><em>\u201eZa t\u0119 ha\u0144b\u0119 zap\u0142aci krew wroga, a nie nasze \u0142zy\u201d<\/em><\/strong> &#8211; podsumowa\u0142 Perel.<\/p>\r\n<p style=\"text-align: justify;\">Ten sam wpis Perel zamie\u015bci\u0142 na Facebooku World Bnei Akiva. Po otrzymaniu tysi\u0119cy lajk\u00f3w Perel u\u015bwiadomi\u0142 sobie, \u017ce rozdmucha\u0142 pozory, kt\u00f3re syjo-liderzy maj\u0105 zachowa\u0107, by odwr\u00f3ci\u0107 uwag\u0119 od swoich prawdziwych intencji, i usun\u0105\u0142 go m\u00f3wi\u0105c, \u017ce ka\u017cdy, kto krytykowa\u0142 jego wpis, \u201e\u017ale go zrozumia\u0142\u201d.<\/p>\r\n<p style=\"text-align: justify;\">Rasizm Perela jest tylko kontynuacj\u0105 \u017cydowskiej teologii rasistowskiej, tak g\u0142\u0119boko zakorzenionej w syjo-re\u017cimie.<\/p>\r\n<p style=\"text-align: justify;\"><img loading=\"lazy\" decoding=\"async\" class=\"aligncenter  wp-image-77047\" src=\"http:\/\/wolna-polska.pl\/wp-content\/uploads\/2014\/07\/a56.jpg\" alt=\"a\" width=\"512\" height=\"345\" \/><\/p>\r\n<p style=\"text-align: justify;\">Jak czytamy na portalu World Bnei Akiva, organizacja <em>\u201ema zwalcza\u0107 ma\u0142\u017ce\u0144stwa mieszane i asymilacj\u0119 spo\u0142eczn\u0105\u201d<\/em> &#8211; inaczej m\u00f3wi\u0105c, prowadzi czynn\u0105 kampani\u0119 przeciwko \u017bydom bezczeszcz\u0105cym swoj\u0105 krew mieszaj\u0105c j\u0105 z nie-\u017bydami.<\/p>\r\n<p style=\"text-align: justify;\">World Bnei Akiva r\u00f3wnie\u017c <em>\u201ezach\u0119ca do imigracji do Izraela poprzez pog\u0142\u0119bianie to\u017csamo\u015bci \u017cydowskiej\u201d<\/em> i <em>\u201ewzmacnianie i \u0142\u0105czenie narodu \u017cydowskiego zagranic\u0105 z warto\u015bciami religijnego syjonizmu i pa\u0144stwem Izrael\u201d<\/em> &#8211; innymi s\u0142owy, czynnie promuje ideologi\u0119 jednej lojalno\u015bci, wspieraj\u0105cej wszelkie przejawy \u017cydowskiego rasizmu, syjonizmu itp.<\/p>\r\n<p style=\"text-align: justify;\">Uwagi Perela, oczywi\u015bcie nie zobaczy\u0142y \u015bwiat\u0142a dziennego w kontrolowanych przez \u017cydowskich rasist\u00f3w mediach przeznaczonych do gojowskiej konsumpcji.<\/p>\r\n<p style=\"text-align: justify;\">Jeszcze raz prosimy czytelnika by pomy\u015bla\u0142 jaka by\u0142aby reakcja tych samych medi\u00f3w gdyby jaki\u015b lider grupy, powiedzmy, ameryka\u0144skiej m\u0142odzie\u017cy chrze\u015bcija\u0144skiej, wzywa\u0142 armi\u0119 USA by sta\u0142a si\u0119 <em>\u201earmi\u0105 m\u015bcicieli\u201d<\/em>, kt\u00f3ra <em>\u201enie poprzesta\u0142aby na 300 \u017cydowskich napletkach\u201d<\/em> by <em>\u201ezap\u0142aci\u0107 cen\u0119 krwi\u201d<\/em> za izraelskie okrucie\u0144stwa wobec Ameryki (takie jak np. atak na USS Liberty).<\/p>\r\n<p style=\"text-align: justify;\">Te same kontrolowane przez \u017cydowskich rasist\u00f3w media przemilczaj\u0105ce uwagi Perela, chwyci\u0142yby za bro\u0144 gdyby powiedzia\u0142 to jaki\u015b nie-\u017byd.<\/p>\r\n<p style=\"text-align: justify;\">I jeszcze raz &#8211; jest jedno prawo dla \u017byd\u00f3w, a inne dla znienawidzonych Goj\u00f3w.<\/p>\r\n<p style=\"text-align: justify;\">\u0179r\u00f3d\u0142o: http:\/\/davidduke.com\/world-zionist-youth-leader-demands-300-palestinian-foreskins\/<\/p>\r\n<p style=\"text-align: justify;\">Dr David Duke, t\u0142um. z j. ang. Ola Gordon.<\/p>\r\n<p class=\"zrodlo\">Za: <a href=\"http:\/\/wolna-polska.pl\/wiadomosci\/lider-swiatowej-mlodziezy-syjonistycznej-zada-wiecej-niz-300-palestynskich-napletkow-2014-07?utm_source=feedly&amp;utm_reader=feedly&amp;utm_medium=rss&amp;utm_campaign=lider-swiatowej-mlodziezy-syjonistycznej-zada-wiecej-niz-300-palestynskich-napletkow\">Wolna Polska (<span class=\"single-date\">Lipiec 11, 2014<\/span>) <\/a><\/p>\r\n<\/blockquote>","protected":false},"excerpt":{"rendered":"Jedna z najbardziej popularnych izraelskich polityk\u00f3w og\u0142osi\u0142a wrogiem ca\u0142y nar\u00f3d palesty\u0144ski na Facebooku, w dzie\u0144 przed tym kiedy 6 izraelskich nastolatk\u00f3w rzekomo zam\u0119czy\u0142o palesty\u0144skiego ch\u0142opaka pal\u0105c go \u017cywcem. Co wi\u0119cej, natychmiast po jej wpisie dosta\u0142a tysi\u0105ce lajk\u00f3w od podobnie my\u015bl\u0105cych \u017cydowskich ekstremist\u00f3w z ca\u0142ego \u015bwiata. Cz\u0142onka Knessetu &#8211; Ayelet Shaked &#8211; B\u2019shava ostatnio uzna\u0142a za [&hellip;]","protected":false},"author":1,"featured_media":0,"comment_status":"closed","ping_status":"closed","sticky":false,"template":"","format":"standard","meta":{"_acf_changed":false,"_monsterinsights_skip_tracking":false,"_monsterinsights_sitenote_active":false,"_monsterinsights_sitenote_note":"","_monsterinsights_sitenote_category":0,"ngg_post_thumbnail":0,"footnotes":"","_wp_rev_ctl_limit":""},"categories":[6],"tags":[84,61,197,269,31,54],"acf":[],"_links":{"self":[{"href":"https:\/\/www.bibula.com\/index.php?rest_route=\/wp\/v2\/posts\/75503"}],"collection":[{"href":"https:\/\/www.bibula.com\/index.php?rest_route=\/wp\/v2\/posts"}],"about":[{"href":"https:\/\/www.bibula.com\/index.php?rest_route=\/wp\/v2\/types\/post"}],"author":[{"embeddable":true,"href":"https:\/\/www.bibula.com\/index.php?rest_route=\/wp\/v2\/users\/1"}],"replies":[{"embeddable":true,"href":"https:\/\/www.bibula.com\/index.php?rest_route=%2Fwp%2Fv2%2Fcomments&post=75503"}],"version-history":[{"count":0,"href":"https:\/\/www.bibula.com\/index.php?rest_route=\/wp\/v2\/posts\/75503\/revisions"}],"wp:attachment":[{"href":"https:\/\/www.bibula.com\/index.php?rest_route=%2Fwp%2Fv2%2Fmedia&parent=75503"}],"wp:term":[{"taxonomy":"category","embeddable":true,"href":"https:\/\/www.bibula.com\/index.php?rest_route=%2Fwp%2Fv2%2Fcategories&post=75503"},{"taxonomy":"post_tag","embeddable":true,"href":"https:\/\/www.bibula.com\/index.php?rest_route=%2Fwp%2Fv2%2Ftags&post=75503"}],"curies":[{"name":"wp","href":"https:\/\/api.w.org\/{rel}","templated":true}]}}