{"id":7543,"date":"2009-03-09T19:52:14","date_gmt":"2009-03-10T00:52:14","guid":{"rendered":"http:\/\/www.bibula.com\/?p=7543"},"modified":"2009-03-09T22:07:26","modified_gmt":"2009-03-10T03:07:26","slug":"rosyjska-wersja-klamstwa-oswiecimskiego-czyli-zakaz-krytyki-wyzwolicielskiej-armii-sowieckiej","status":"publish","type":"post","link":"https:\/\/www.bibula.com\/?p=7543","title":{"rendered":"Rosyjska wersja &#8222;k\u0142amstwa o\u015bwi\u0119cimskiego&#8221;, czyli zakaz krytyki &#8222;wyzwolicielskiej armii sowieckiej&#8221;"},"content":{"rendered":"<p>Wzoruj\u0105c si\u0119 na stosowanych w krajach tzw. demokracji zachodniej restrykcyjnych przepisach zakazuj\u0105cych dyskusji na dra\u017cliwe dla \u015brodowisk \u017cydowskich tematy historyczne, w\u0142adze Rosji rozwa\u017caj\u0105 wprowadzenie podobnych przepis\u00f3w, penalizuj\u0105cych krytykowanie militarnej taktyki sowieckiej podczas II Wojny \u015awiatowej.<\/p>\r\n\r\n<p>Minister do spraw sytuacji krytycznych, genera\u0142 Sergiej Shoigu wezwa\u0142 do ustanowienia prawa zabraniaj\u0105cego krytyki dzia\u0142a\u0144 armii sowieckiej podczas wojny. Minister wskaza\u0142 w szczeg\u00f3lno\u015bci na zastosowanie prawa wobec obywateli s\u0105siednich kraj\u00f3w, takich jak Estonia, gdzie podwa\u017ca si\u0119 mit pochodu krasnoarmiejc\u00f3w jako &#8222;wyzwolicieli&#8221;. W\u0142adze kraj\u00f3w, kt\u00f3re neguj\u0105 osi\u0105gni\u0119cia zwyci\u0119skiej armii sowieckiej &#8222;mia\u0142yby zakaz wjazdu na teren Rosji&#8221; &#8211; pisze brytyjski dziennik <em>Daily Telegraph<\/em>.<\/p>\r\n\r\n<p>&#8222;Nasz parlament powinien uchwali\u0107 prawo zakazuj\u0105ce negowania zwyci\u0119stwa armii w Wojnie Patriotycznej&#8221; &#8211; powiedzia\u0142 gen. Shoigu, stosuj\u0105c sowieckie nazewnictwo okre\u015blaj\u0105ce wojn\u0119 z by\u0142ym aliantem i wsp\u00f3\u0142agresorem rozpoczynaj\u0105cym II Wojn\u0119 \u015awiatow\u0105 &#8211;\u00a0 hitlerowskimi Niemcami &#8211; jako &#8222;wojn\u0119 patriotyczn\u0105&#8221;. Genera\u0142-minister Shoigu grozi, \u017ce gdy prawo wejdzie w \u017cycie &#8222;Prezydenci niekt\u00f3rych kraj\u00f3w nie b\u0119d\u0105 mogli wjecha\u0107 do naszego kraju, bez poniesienia kary. Burmistrzowie niekt\u00f3rych miast r\u00f3wnie\u017c zastanowiliby si\u0119 podw\u00f3jnie przed zburzeniem pomnik\u00f3w.&#8221; Genera\u0142-minister Shoigu nawi\u0105zywa\u0142 w tym przypadku do konfliktu w Estonii jaki wytworzy\u0142\u00a0 si\u0119 dwa lata temu wok\u00f3\u0142 przeniesienia pomnika Armii Sowieckiej z centrum Tallina na teren pobliskiego cmentarza. Rz\u0105d esto\u0144ski wypowiedzia\u0142 si\u0119 wskazuj\u0105c na Zwi\u0105zek Sowiecki jako na okupanta a nie wyzwoliciela. Sowieckie wojska napad\u0142y na Estoni\u0119 dwukrotnie podczas wojny, raz jako sojusznik nazistowskich Niemiec, a potem, w 1944 roku jako ich wr\u00f3g. Okupacja ta trwa\u0142a do 1991 roku. Przeciw przeniesieniu pomnika &#8222;wyzwolicielskiej Armii Czerwonej&#8221; g\u0142o\u015bno protestowa\u0142y miejscowe \u015brodowiska \u017cydowskie z\u00a0 g\u0142\u00f3wnym rabinem Rosji, Berel Lazar, kt\u00f3ry krytykuj\u0105c stanowisko rz\u0105du esto\u0144skiego pragn\u0105cego usun\u0105\u0107 pomnik Armii Czerwonej, przyr\u00f3wna\u0142 pomys\u0142 do &#8222;negowania Holokaustu&#8221;.<\/p>\r\n\r\n\r\n<h4 id=\"post-880\"><a title=\" G\u0142\u00f3wny rabin przeciwny usuni\u0119ciu pomnika Armii Czerwonej ze stolicy Estonii\" rel=\"bookmark\" href=\"..\/..\/?p=880\"><\/a><\/h4>\r\n\r\n\r\n<p>Minister-genera\u0142 Shoigu uzyska\u0142 wst\u0119pne poparcie do swojej inicjatywy ze strony prokuratora generalnego, Jurija Czajka oraz innych parlamentarzyst\u00f3w, kt\u00f3rzy powiedzieli, \u017ce przedstawi\u0105 parlamentowi projekt ustawy w ci\u0105gu najbli\u017cszych kilku miesi\u0119cy.<\/p>\r\n\r\n<p>Krytycy propozycji wskazuj\u0105 na mo\u017cliwo\u015b\u0107 powt\u00f3rzenia si\u0119 historii czas\u00f3w stalinowskich, kiedy to surowo karano jak\u0105kolwiek krytyk\u0119 &#8222;najlepszego systemu na \u015bwiecie&#8221;. Re\u017cim komunistyczny, rozpalony przez \u017cydowskich rewolucjonist\u00f3w w 1917 roku, trwa\u0142 przez ponad 70 lat i poch\u0142on\u0105\u0142 kilkadziesi\u0105t milion\u00f3w istnie\u0144 ludzkich.<\/p>\r\n\r\n<p>Propozycja rosyjskiego ministra z pewno\u015bci\u0105 poddana zostanie krytyce ze strony tzw. wolnych medi\u00f3w zachodnich, aczkolwiek b\u0119dzie to akt najwy\u017cszej hipokryzji, gdy\u017c te same media regularnie stosuj\u0105 cenzur\u0119, oskar\u017caj\u0105 ka\u017cdego kto pr\u00f3buje przedstawi\u0107 kontrargumenty na obowi\u0105zuj\u0105c\u0105 oficjaln\u0105 wersj\u0119 niekt\u00f3rych aspekt\u00f3w II Wojny \u015awiatowej, oraz wspieraj\u0105 system prawny penalizuj\u0105cy badania historyczne dotycz\u0105ce wydarze\u0144 okre\u015blanych mianem Holokaustu.<\/p>\r\n\r\n<p class=\"zrodlo\">Opracowanie: <em>Bibula Information Service (B.I.S.)<\/em> &#8211; www.bibula.com &#8211; na podstawie <a href=\"http:\/\/www.telegraph.co.uk\/news\/worldnews\/europe\/russia\/4943814\/Russia-to-outlaw-criticism-of-WWII-tactics.html\" target=\"_blank\">Daily Telegraph<\/a><\/p>\r\n\r\n<p><br class=\"spacer_\" \/><\/p>\r\n\r\n\r\n<blockquote><p><strong>ZOB. R\u00d3WNIE\u017b:<\/strong><br class=\"spacer_\" \/><\/p>\r\n\r\n\r\n<ul>\r\n\t\t<li> <a title=\" Estonia wprowadzi\u0142a zakaz u\u017cywania symboli sowieckich\" rel=\"bookmark\" href=\"..\/..\/?p=755\">Estonia wprowadzi\u0142a zakaz u\u017cywania symboli sowieckich<\/a> <\/li>\r\n\t\t<li> <a title=\" G\u0142\u00f3wny rabin przeciwny usuni\u0119ciu pomnika Armii Czerwonej ze stolicy Estonii\" rel=\"bookmark\" href=\"..\/..\/?p=880\">G\u0142\u00f3wny rabin przeciwny usuni\u0119ciu pomnika Armii Czerwonej ze stolicy Estonii<\/a> <\/li>\r\n<\/ul>\r\n\r\n\r\n<p><br class=\"spacer_\" \/><\/p><\/blockquote>","protected":false},"excerpt":{"rendered":"Wzoruj\u0105c si\u0119 na stosowanych w krajach tzw. demokracji zachodniej restrykcyjnych przepisach zakazuj\u0105cych dyskusji na dra\u017cliwe dla \u015brodowisk \u017cydowskich tematy historyczne, w\u0142adze Rosji rozwa\u017caj\u0105 wprowadzenie podobnych przepis\u00f3w, penalizuj\u0105cych krytykowanie militarnej taktyki sowieckiej podczas II Wojny \u015awiatowej. Minister do spraw sytuacji krytycznych, genera\u0142 Sergiej Shoigu wezwa\u0142 do ustanowienia prawa zabraniaj\u0105cego krytyki dzia\u0142a\u0144 armii sowieckiej podczas wojny. Minister [&hellip;]","protected":false},"author":1,"featured_media":0,"comment_status":"closed","ping_status":"closed","sticky":false,"template":"","format":"standard","meta":{"_acf_changed":false,"_monsterinsights_skip_tracking":false,"_monsterinsights_sitenote_active":false,"_monsterinsights_sitenote_note":"","_monsterinsights_sitenote_category":0,"ngg_post_thumbnail":0,"footnotes":"","_wp_rev_ctl_limit":""},"categories":[6],"tags":[16,66,22],"acf":[],"_links":{"self":[{"href":"https:\/\/www.bibula.com\/index.php?rest_route=\/wp\/v2\/posts\/7543"}],"collection":[{"href":"https:\/\/www.bibula.com\/index.php?rest_route=\/wp\/v2\/posts"}],"about":[{"href":"https:\/\/www.bibula.com\/index.php?rest_route=\/wp\/v2\/types\/post"}],"author":[{"embeddable":true,"href":"https:\/\/www.bibula.com\/index.php?rest_route=\/wp\/v2\/users\/1"}],"replies":[{"embeddable":true,"href":"https:\/\/www.bibula.com\/index.php?rest_route=%2Fwp%2Fv2%2Fcomments&post=7543"}],"version-history":[{"count":0,"href":"https:\/\/www.bibula.com\/index.php?rest_route=\/wp\/v2\/posts\/7543\/revisions"}],"wp:attachment":[{"href":"https:\/\/www.bibula.com\/index.php?rest_route=%2Fwp%2Fv2%2Fmedia&parent=7543"}],"wp:term":[{"taxonomy":"category","embeddable":true,"href":"https:\/\/www.bibula.com\/index.php?rest_route=%2Fwp%2Fv2%2Fcategories&post=7543"},{"taxonomy":"post_tag","embeddable":true,"href":"https:\/\/www.bibula.com\/index.php?rest_route=%2Fwp%2Fv2%2Ftags&post=7543"}],"curies":[{"name":"wp","href":"https:\/\/api.w.org\/{rel}","templated":true}]}}