{"id":75338,"date":"2014-07-01T11:34:23","date_gmt":"2014-07-01T15:34:23","guid":{"rendered":"http:\/\/www.bibula.com\/?p=75338"},"modified":"2014-07-01T11:34:23","modified_gmt":"2014-07-01T15:34:23","slug":"bawaria-trzech-polskich-diakonow-przyjelo-swiecenia-kaplanskie","status":"publish","type":"post","link":"https:\/\/www.bibula.com\/?p=75338","title":{"rendered":"Bawaria: Trzech polskich diakon\u00f3w przyj\u0119\u0142o \u015bwi\u0119cenia kap\u0142a\u0144skie"},"content":{"rendered":"<p><strong>W sobot\u0119 28 czerwca br., w wigili\u0119 \u015bwi\u0119ta \u015b\u015b. Aposto\u0142\u00f3w Piotra i Paw\u0142a, w seminarium Bractwa Kap\u0142a\u0144skiego \u015awi\u0119tego Piusa X w Zaitzkofen w Bawarii mia\u0142y miejsce uroczysto\u015bci zwi\u0105zane z udzielaniem \u015bwi\u0119ce\u0144 wy\u017cszych. Tego dnia z r\u0105k bp. Bernarda Tissier de Mallerais\u2019go trzech subdiakon\u00f3w otrzyma\u0142o \u015bwi\u0119cenia diakonatu, a pi\u0119ciu diakon\u00f3w &#8211; \u015bwi\u0119cenia kap\u0142a\u0144skie.<\/strong><\/p>\r\n<p>W\u015br\u00f3d nowo wy\u015bwi\u0119conych kap\u0142an\u00f3w jest trzech Polak\u00f3w: pochodz\u0105cy z Krasnegostawu na Lubelszczy\u017anie ks. Szymon Ba\u0144ka (ur. 1988), ks. Krzysztof Go\u0142\u0119biewski (ur. 1985) z Ostro\u0142\u0119ki oraz w\u0142odawianin, ks. Hubert Kuszpa (ur. 1988). Ich drogi do kap\u0142a\u0144stwa by\u0142y podobne: ze \u015brodowiskami katolickich tradycjonalist\u00f3w zetkn\u0119li si\u0119 jako uczniowie szk\u00f3\u0142 \u015brednich lub podczas studi\u00f3w, wtedy te\u017c poznali Msz\u0119 \u015bw. sprawowan\u0105 w klasycznym rycie rzymskim; p\u00f3\u017aniej uczestniczyli w pielgrzymkach Bractwa Kap\u0142a\u0144skiego \u015awi\u0119tego Piusa X do Cz\u0119stochowy i rekolekcjach ignacja\u0144skich. Postanowili rozezna\u0107 powo\u0142anie wst\u0119puj\u0105c do warszawskiego przedseminarium FSSPX, by po roku rozpocz\u0105\u0107 studia w seminarium Naj\u015bwi\u0119tszego Serca Pana Jezusa w Zaitzkofen.<\/p>\r\n<p><img fetchpriority=\"high\" decoding=\"async\" src=\"http:\/\/news.fsspx.pl\/wp-content\/uploads\/phoca_thumb_l__ZAI5041-199x300.jpg\" alt=\"\" width=\"199\" height=\"300\" style=\"border: 0px none; margin: 10px;\" align=\"left\"\/>Opr\u00f3cz naszych rodak\u00f3w \u015bwi\u0119cenia kap\u0142a\u0144skie przyj\u0119li pochodz\u0105cy ze Szwajcarii dk. Fabian Reiser i dk. Seweryn Zaher.<\/p>\r\n<p>W\u015br\u00f3d nowo wy\u015bwi\u0119conych diakon\u00f3w r\u00f3wnie\u017c jest jeden Polak &#8211; br. Maksymilian, kapucyn z Morgon, rodzony brat nowo wy\u015bwi\u0119conego ks. Ba\u0144ki.<\/p>\r\n<p>W uroczysto\u015bciach wzi\u0105\u0142 udzia\u0142 bp Bernard Fellay, prze\u0142o\u017cony generalny FSSPX, oraz ponad 70 kap\u0142an\u00f3w Bractwa, a w\u015br\u00f3d nich prowadz\u0105cy apostolat w Polsce: ks. Karol Stehlin &#8211; dotychczasowy prze\u0142o\u017cony FSSPX w Europie \u015arodkowej i Wschodniej (podczas liturgii pos\u0142ugiwa\u0142 biskupowi jako diakon honorowy), jego nast\u0119pca &#8211; ks. \u0141ukasz Weber (pos\u0142uguj\u0105cy jako diakon), ks. Jan Jenkins &#8211; przeor bajerski, ks. Dawid Wierzycki &#8211; dyrektor Szko\u0142y Podstawowej im. \u015awi\u0119tej Rodziny w Warszawie oraz ks. ks. Raivo Kokis i \u0141ukasz Szyd\u0142owski; w\u015br\u00f3d go\u015bci duchownych byli tak\u017ce ksi\u0119\u017ca Bractwa Przemienia Pa\u0144skiego z Merigny oraz przedstawiciele wsp\u00f3lnot zakonnych: kapucyn\u00f3w i dominikan\u00f3w (znany w Polsce o. Tomasz OP); by\u0142y te\u017c siostry FSSPX, oblatki i siostry dominikanki nauczaj\u0105ce. Na uroczysto\u015bci przyby\u0142y z Polski rodziny nowo wy\u015bwi\u0119conych kap\u0142an\u00f3w oraz do\u015b\u0107 liczna grupa wiernych &#8211; przede wszystkim z Krakowa, Poznania i Warszawy.<\/p>\r\n<p>[<strong>Ca\u0142o\u015b\u0107, wraz z\u00a0 Galeri\u0105 zdj\u0119\u0107 autorstwa p. Sylwii Bentkowskiej &#8211; na <span style=\"text-decoration: underline;\"><a href=\"http:\/\/news.fsspx.pl\/2014\/06\/bawaria-trzech-polskich-diakonow-przyjelo-swiecenia-kaplanskie\/\">stronie \u017ar\u00f3d\u0142owej<\/a><\/span><\/strong>]<\/p>\r\n","protected":false},"excerpt":{"rendered":"W sobot\u0119 28 czerwca br., w wigili\u0119 \u015bwi\u0119ta \u015b\u015b. Aposto\u0142\u00f3w Piotra i Paw\u0142a, w seminarium Bractwa Kap\u0142a\u0144skiego \u015awi\u0119tego Piusa X w Zaitzkofen w Bawarii mia\u0142y miejsce uroczysto\u015bci zwi\u0105zane z udzielaniem \u015bwi\u0119ce\u0144 wy\u017cszych. Tego dnia z r\u0105k bp. Bernarda Tissier de Mallerais\u2019go trzech subdiakon\u00f3w otrzyma\u0142o \u015bwi\u0119cenia diakonatu, a pi\u0119ciu diakon\u00f3w &#8211; \u015bwi\u0119cenia kap\u0142a\u0144skie. W\u015br\u00f3d nowo wy\u015bwi\u0119conych [&hellip;]","protected":false},"author":1,"featured_media":0,"comment_status":"closed","ping_status":"closed","sticky":false,"template":"","format":"standard","meta":{"_acf_changed":false,"_monsterinsights_skip_tracking":false,"_monsterinsights_sitenote_active":false,"_monsterinsights_sitenote_note":"","_monsterinsights_sitenote_category":0,"ngg_post_thumbnail":0,"footnotes":"","_wp_rev_ctl_limit":""},"categories":[3],"tags":[166,32,92],"acf":[],"_links":{"self":[{"href":"https:\/\/www.bibula.com\/index.php?rest_route=\/wp\/v2\/posts\/75338"}],"collection":[{"href":"https:\/\/www.bibula.com\/index.php?rest_route=\/wp\/v2\/posts"}],"about":[{"href":"https:\/\/www.bibula.com\/index.php?rest_route=\/wp\/v2\/types\/post"}],"author":[{"embeddable":true,"href":"https:\/\/www.bibula.com\/index.php?rest_route=\/wp\/v2\/users\/1"}],"replies":[{"embeddable":true,"href":"https:\/\/www.bibula.com\/index.php?rest_route=%2Fwp%2Fv2%2Fcomments&post=75338"}],"version-history":[{"count":0,"href":"https:\/\/www.bibula.com\/index.php?rest_route=\/wp\/v2\/posts\/75338\/revisions"}],"wp:attachment":[{"href":"https:\/\/www.bibula.com\/index.php?rest_route=%2Fwp%2Fv2%2Fmedia&parent=75338"}],"wp:term":[{"taxonomy":"category","embeddable":true,"href":"https:\/\/www.bibula.com\/index.php?rest_route=%2Fwp%2Fv2%2Fcategories&post=75338"},{"taxonomy":"post_tag","embeddable":true,"href":"https:\/\/www.bibula.com\/index.php?rest_route=%2Fwp%2Fv2%2Ftags&post=75338"}],"curies":[{"name":"wp","href":"https:\/\/api.w.org\/{rel}","templated":true}]}}