{"id":75193,"date":"2014-06-20T12:20:52","date_gmt":"2014-06-20T16:20:52","guid":{"rendered":"http:\/\/www.bibula.com\/?p=75193"},"modified":"2014-10-06T13:17:22","modified_gmt":"2014-10-06T17:17:22","slug":"ks-dr-klaja-uczestnictwo-w-przedsoborowej-liturgii-poglebia-wiare-i-rozumienie-katolicyzmu","status":"publish","type":"post","link":"https:\/\/www.bibula.com\/?p=75193","title":{"rendered":"Ks. dr Klaja: uczestnictwo w przedsoborowej liturgii pog\u0142\u0119bia wiar\u0119 i rozumienie katolicyzmu"},"content":{"rendered":"<p><strong>Pog\u0142\u0119bione spojrzenie na w\u0142asn\u0105 wiar\u0119 i liturgi\u0119 to konkretne owoce uczestnictwa w Mszach \u201etrydenckich\u201d oraz spotkaniach przybli\u017caj\u0105cych przedsoborowe formy liturgii &#8211; uwa\u017ca ks. dr Grzegorz Klaja, moderator grup wiernych zwi\u0105zanych z \u0142aci\u0144sk\u0105 tradycj\u0105 Ko\u015bcio\u0142a w diecezji bielsko-\u017cywieckiej. Zdaniem kap\u0142ana, grupa oko\u0142o 100 os\u00f3b, kt\u00f3ra od czterech lat regularnie przyje\u017cd\u017ca do Bielska-Bia\u0142ej na Msz\u0119 \u015bw. w nadzwyczajnej formie rytu rzymskiego, przechodzi pewn\u0105 formacj\u0119 i stale zg\u0142\u0119bia rozumienie \u0142aci\u0144skiej liturgii.<\/strong><\/p>\r\n<p>Ks. Klaja zauwa\u017ca, \u017ce od czasu, kiedy w Bielsku-Bia\u0142ej odprawiane s\u0105 Msze w nadzwyczajnej formie rytu rzymskiego, powsta\u0142o w diecezji \u015brodowisko ludzi, kt\u00f3rzy zdaj\u0105 sobie spraw\u0119 z tego, jakim skarbem dla Ko\u015bcio\u0142a jest tradycja \u0142aci\u0144ska. &#8211; <em>Stale pog\u0142\u0119biaj\u0105 swoje rozumienie tradycji, wiar\u0119 buduj\u0105 w oparciu o teksty starych ksi\u0105g liturgicznych<\/em> &#8211; zauwa\u017ca kap\u0142an i wskazuje na konkretne owoce spotka\u0144 z tradycyjn\u0105 liturgi\u0105.<\/p>\r\n<p>&#8211; <em>Wielu m\u00f3wi o tym, \u017ce od kiedy pozna\u0142o Msz\u0119 \u201estar\u0105\u201d, kiedy pozna\u0142o lepiej swe dziedzictwo i korzenie, g\u0142\u0119biej uczestniczy we Mszach \u015bw. sprawowanych wed\u0142ug msza\u0142u Paw\u0142a VI, w j\u0119zyku polskim. M\u00f3wi\u0105 to zar\u00f3wno \u015bwieccy jak i ksi\u0119\u017ca<\/em> &#8211; zauwa\u017ca dyrektor Muzeum Diecezjalnego.<\/p>\r\n<p>Duchowny podkre\u015bla, \u017ce uczestnictwo w Mszach \u201etrydenckich\u201d wymaga pewnej formacji. &#8211; <em>Trzeba mie\u0107 modlitewnik, mszalik dwuj\u0119zyczny, \u017ceby w tej Mszy \u015bw. uczestniczy\u0107. Cz\u0119sto trzeba si\u0119 wcze\u015bniej przygotowa\u0107. To tworzy pewien obraz chrze\u015bcija\u0144stwa, wp\u0142ywa na rozumienie swojego katolicyzmu. Msza okazuje si\u0119 by\u0107 czym\u015b bardzo istotnym, wymaga przygotowania, mo\u017ce nawet pewnej ofiary i determinacji<\/em> &#8211; dodaje, zwracaj\u0105c uwag\u0119, \u017ce wielu uczestnik\u00f3w Mszy \u0142aci\u0144skich w Bielsku-Bia\u0142ej przyje\u017cd\u017ca niekiedy z odleg\u0142ych rejon\u00f3w diecezji.<\/p>\r\n<p>Zdaniem moderatora, 4. rocznica celebracji Mszy \u015bw. w nadzwyczajnej formie rytu rzymskiego w diecezji bielsko-\u017cywieckiej jest okazj\u0105 do dzi\u0119kczynienia Bogu. To tak\u017ce moment refleksji. Z tej okazji 21 czerwca w kurii diecezjalnej w Bielsku-Bia\u0142ej odb\u0119dzie si\u0119 koncert scholi gregoria\u0144skiej \u0142aci\u0144skiej tradycji liturgicznej oraz wyk\u0142ad ks. Klai o tym, czy Msza \u015bw. w staro\u017cytnej \u0142aci\u0144skiej formie pasuje do mentalno\u015bci wsp\u00f3\u0142czesnego cz\u0142owieka. W niedziel\u0119 natomiast w ko\u015bciele pw. Narodzenia Naj\u015bwi\u0119tszej Maryi Panny w Bielsku-Bia\u0142ej Lipniku po Koronce do Bo\u017cego Mi\u0142osierdzia o 15.00 sprawowana b\u0119dzie \u015bpiewana Msza \u015bw. i uroczyste Te Deum.<\/p>\r\n<p>Od czerwca 2010 roku, za zgod\u0105 bp. Tadeusza Rakoczego, raz w miesi\u0105cu w niedziel\u0119 w bielskim ko\u015bciele \u015bw. Maksymiliana ks. Klaja odprawia\u0142 Msze w nadzwyczajnej formie. Po przerwie zwi\u0105zanej z urlopem naukowym, kiedy duchowny zg\u0142\u0119bia\u0142 praktyk\u0119 starszej formy rytu rzymskiego w parafii \u015bw. Bedy Czcigodnego w Londynie, gdzie od kilkunastu lat celebrowana jest taka liturgia, kap\u0142an odprawia co tydzie\u0144 regularne niedzielne Msze \u201etrydenckie\u201d dla oko\u0142o 100-150 os\u00f3b. 1 listopada 2011 roku ks. Klaja zosta\u0142 mianowany moderatorem i opiekunem wszystkich grup zwi\u0105zanych z \u0142aci\u0144sk\u0105 tradycj\u0105 Ko\u015bcio\u0142a istniej\u0105cych w diecezji bielsko-\u017cywieckiej.<\/p>\r\n<p>Obecnie w Polsce regularnie odprawianych jest 25 coniedzielnych Mszy w nadzwyczajnej formie rytu rzymskiego (w 23 ko\u015bcio\u0142ach). Przed og\u0142oszeniem Summorum Pontifcum, w 2007 r., na mocy motu proprio Ecclesia Dei, odprawiano coniedzielne Msze trydenckie w 5 ko\u015bcio\u0142ach. Ponadto, w co najmniej 35 ko\u015bcio\u0142ach \u201estara\u201d Msza jest obecnie odprawiana regularnie, lecz nie w ka\u017cd\u0105 niedziel\u0119.<\/p>\r\n<p>\u0179r\u00f3d\u0142o: KAI<\/p>\r\n<blockquote>\r\n<p><strong>KOMENTARZ <em>BIBU\u0141Y<\/em><\/strong>: Przeanalizujmy t\u0119 wiadomo\u015b\u0107. Ot\u00f3\u017c, w Polsce jest obecnie ponad 10 tysi\u0119cy parafii; ko\u015bcio\u0142\u00f3w, kaplic &#8211; nieco wi\u0119cej. W ka\u017cdym z ko\u015bcio\u0142\u00f3w odprawiane s\u0105 &#8211; przyjmijmy dla u\u0142atwienia &#8211; 2 Msze niedzielne (cho\u0107 s\u0105 przecie\u017c ko\u015bcio\u0142y z 8-10 Mszami niedzielnymi, ale upro\u015b\u0107my t\u0119 matematyk\u0119). Daje to ponad 20 tysi\u0119cy Mszy niedzielnych. Do tego dodajmy po jednej Mszy dziennie w zaledwie <em>po\u0142owie<\/em> tych ko\u015bcio\u0142\u00f3w (liczba zani\u017cona, ale c\u00f3\u017c szkodzi &#8211; kalkulujmy dalej). Tak wi\u0119c 6 dni w tygodniu razy 10 tysi\u0119cy, daje 60 tysi\u0119cy Mszy w dni powszednie. Ta liczba, plus Msze niedzielne (20 tysi\u0119cy) &#8211; razem <strong>80 tysi\u0119cy Mszy tygodniowo. <\/strong><\/p>\r\n<p>I teraz ten <strong>kontrast<\/strong>: &#8222;<em>Obecnie w Polsce regularnie odprawianych jest <strong>25<\/strong> coniedzielnych Mszy \u015bwi\u0119tych w nadzwyczajnej formie rytu rzymskiego<\/em>.&#8221; (Oczywi\u015bcie, w dni powszednie Mszy \u015bwi\u0119tych w tzw. nadzwyczajnej formie nie odprawia si\u0119 nigdzie.)<\/p>\r\n<p>M\u00f3j Bo\u017ce&#8230; Jakie to smutne&#8230; Msza \u015bwi\u0119ta Wszechczas\u00f3w,<strong><em> ta prawdziwie najpi\u0119kniejsza rzecz po tej stronie \u015bwiata<\/em><\/strong>, podczas pontyfikat\u00f3w tych &#8222;\u015bwi\u0119tych i b\u0142ogos\u0142awionych&#8221; papie\u017cy, zosta\u0142a skutecznie zlikwidowana do poziomu<strong> trzech setnych procenta!<\/strong> A mo\u017ce, w praktyce, i do poziomu kilku promili, bo przecie\u017c &#8211; bior\u0105c rzeczywiste liczby ko\u015bcio\u0142\u00f3w i odprawianych w nich Mszy, oraz liczb\u0119 ksi\u0119\u017cy (oko\u0142o 30 tysi\u0119cy &#8211; co daje ponad 200 tysi\u0119cy Mszy tygodniowo), b\u0119dziemy bli\u017cej realnego i jak\u017ce przera\u017caj\u0105cego obrazu.<strong><br \/><\/strong><\/p>\r\n<p>Czy to nie dlatego lo\u017ce maso\u0144skie i organizacje \u017cydowskie urz\u0105dzaj\u0105 wystawy i stawiaj\u0105 pomniki &#8222;\u015bwi\u0119tym papie\u017com&#8221; posoborowia??<\/p>\r\n<\/blockquote>","protected":false},"excerpt":{"rendered":"Pog\u0142\u0119bione spojrzenie na w\u0142asn\u0105 wiar\u0119 i liturgi\u0119 to konkretne owoce uczestnictwa w Mszach \u201etrydenckich\u201d oraz spotkaniach przybli\u017caj\u0105cych przedsoborowe formy liturgii &#8211; uwa\u017ca ks. dr Grzegorz Klaja, moderator grup wiernych zwi\u0105zanych z \u0142aci\u0144sk\u0105 tradycj\u0105 Ko\u015bcio\u0142a w diecezji bielsko-\u017cywieckiej. Zdaniem kap\u0142ana, grupa oko\u0142o 100 os\u00f3b, kt\u00f3ra od czterech lat regularnie przyje\u017cd\u017ca do Bielska-Bia\u0142ej na Msz\u0119 \u015bw. w [&hellip;]","protected":false},"author":1,"featured_media":0,"comment_status":"closed","ping_status":"closed","sticky":false,"template":"","format":"standard","meta":{"_acf_changed":false,"_monsterinsights_skip_tracking":false,"_monsterinsights_sitenote_active":false,"_monsterinsights_sitenote_note":"","_monsterinsights_sitenote_category":0,"ngg_post_thumbnail":0,"footnotes":"","_wp_rev_ctl_limit":""},"categories":[5],"tags":[92,24],"acf":[],"_links":{"self":[{"href":"https:\/\/www.bibula.com\/index.php?rest_route=\/wp\/v2\/posts\/75193"}],"collection":[{"href":"https:\/\/www.bibula.com\/index.php?rest_route=\/wp\/v2\/posts"}],"about":[{"href":"https:\/\/www.bibula.com\/index.php?rest_route=\/wp\/v2\/types\/post"}],"author":[{"embeddable":true,"href":"https:\/\/www.bibula.com\/index.php?rest_route=\/wp\/v2\/users\/1"}],"replies":[{"embeddable":true,"href":"https:\/\/www.bibula.com\/index.php?rest_route=%2Fwp%2Fv2%2Fcomments&post=75193"}],"version-history":[{"count":0,"href":"https:\/\/www.bibula.com\/index.php?rest_route=\/wp\/v2\/posts\/75193\/revisions"}],"wp:attachment":[{"href":"https:\/\/www.bibula.com\/index.php?rest_route=%2Fwp%2Fv2%2Fmedia&parent=75193"}],"wp:term":[{"taxonomy":"category","embeddable":true,"href":"https:\/\/www.bibula.com\/index.php?rest_route=%2Fwp%2Fv2%2Fcategories&post=75193"},{"taxonomy":"post_tag","embeddable":true,"href":"https:\/\/www.bibula.com\/index.php?rest_route=%2Fwp%2Fv2%2Ftags&post=75193"}],"curies":[{"name":"wp","href":"https:\/\/api.w.org\/{rel}","templated":true}]}}