{"id":75083,"date":"2014-06-16T13:47:01","date_gmt":"2014-06-16T17:47:01","guid":{"rendered":"http:\/\/www.bibula.com\/?p=75083"},"modified":"2020-09-23T19:48:28","modified_gmt":"2020-09-23T23:48:28","slug":"kosciol-bedzie-swietowal-wystapienie-lutra","status":"publish","type":"post","link":"https:\/\/www.bibula.com\/?p=75083","title":{"rendered":"Ko\u015bci\u00f3\u0142 b\u0119dzie \u015bwi\u0119towa\u0142 wyst\u0105pienie Lutra?"},"content":{"rendered":"<p><strong>Na wczorajszym spotkaniu w Bia\u0142ymstoku us\u0142ysza\u0142em co\u015b naprawd\u0119 szokuj\u0105cego. Pono\u0107 w 2017 roku szykuj\u0105 si\u0119 wsp\u00f3lne &#8211; watyka\u0144sko-lutera\u0144skie &#8211; obchody 500 rocznicy wyst\u0105pienia Marcina Lutra. Nie wiem czy to prawda, ale skoro m\u00f3wi o tym ksi\u0105dz, to co\u015b musi by\u0107 na rzeczy. Zacznijmy jednak od pocz\u0105tku.<\/strong><\/p>\r\n<p>Obejrzeli\u015bmy sobie wczoraj wsp\u00f3lnie z mieszka\u0144cami Bia\u0142egostoku film o \u015bw. Andrzeju Boboli. Widzia\u0142em ten film po raz pierwszy i troch\u0119 si\u0119 rozczarowa\u0142em. Nie spodziewa\u0142em si\u0119, \u017ce re\u017cyser cho\u0107by w minimalnym stopniu, poruszy kontekst historyczny i okoliczno\u015bci \u015bmierci \u015bw. Andrzeja. No, ale liczy\u0142em na to, \u017ce obejdzie si\u0119 bez bicia si\u0119 w piersi za winy Boboli wobec prawos\u0142awnych. No i niestety nie obesz\u0142o si\u0119. Wyst\u0105pi\u0142 teolog prawos\u0142awny i powiedzia\u0142, \u017ce \u015bw. Andrzej jest kamieniem niezgody. I tak dobrze, \u017ce nie powiedzia\u0142 \u201eko\u015bci\u0105 niezgody\u201d. Tak jakby ludzie, kt\u00f3rzy zamordowali \u015bwi\u0119tego reprezentowali doktryn\u0119 prawos\u0142awn\u0105, a nie gang Bohdana Chmielnickiego i Jerzego Rakoczego. W dyskusji po filmie doszli\u015bmy do konkluzji nast\u0119puj\u0105cej: nie mo\u017cna m\u00f3wi\u0107 o \u015bwi\u0119tych tylko przez sam\u0105 duchowo\u015b\u0107, ani tylko przez sam\u0105 polityk\u0119. Nie jest to mo\u017ce zbyt odkrywcze, ale bardzo praktyczne i wiele u\u0142atwia w dyskusji. Dyskusja za\u015b wczorajsza toczy\u0142a si\u0119 d\u0142ugo, bo ponad dwie godziny.<\/p>\r\n<p>Na koniec za\u015b dowiedzia\u0142em si\u0119, \u017ce w Watykanie przemy\u015bliwuj\u0105 nad urz\u0105dzeniem wsp\u00f3lnych z protestantami obchod\u00f3w wyst\u0105pienia Lutra. Nie powiem, zamurowa\u0142o mnie. Z Lutrem jest podobnie jak ze \u015bw. Andrzejem, tyle \u017ce na odwr\u00f3t. Nie trzeba si\u0119 za bardzo zag\u0142\u0119bia\u0107 w histori\u0119, \u017ceby zorientowa\u0107 si\u0119 jakie by\u0142y realia towarzysz\u0105ce jego wyst\u0105pieniu. Mo\u017cna oczywi\u015bcie przenie\u015b\u0107 rozwa\u017cania na jego temat na p\u0142aszczyzn\u0119 duchow\u0105 i stwierdzi\u0107, \u017ce rzeczywi\u015bcie, ko\u015bci\u00f3\u0142 pob\u0142\u0105dzi\u0142 i Luter pr\u00f3bowa\u0142 go wyprowadzi\u0107 z b\u0142\u0119du. No, ale uzyskamy w ten spos\u00f3b mega-fa\u0142sz, kt\u00f3remu nast\u0119pnie b\u0119dziemy oddawa\u0107 ho\u0142dy. No, a napisane jest, \u017ce to prawda nas wyzwoli, nie p\u00f3\u0142prawda i nie k\u0142amstwo, tylko prawda. Grzegorz Braun doda\u0142 wczoraj, \u017ce z pewno\u015bci\u0105 nie jest napisane, \u017ce dialog nas wyzwoli. No, ale wr\u00f3\u0107my do tego Lutra.<\/p>\r\n<p>Jego nauka w ekspresowym tempie, przy udziale propagandy drukowanej rozprzestrzeni\u0142a si\u0119 po ca\u0142ej Europie. Nie mia\u0142 \u00f3w proces wymiaru duchowego bynajmniej, ani doktrynalnego, ale ca\u0142kiem przyziemny i realny, o kt\u00f3rym dzi\u015b wszyscy chc\u0105 jak najszybciej zapomnie\u0107. Chodzi o to, \u017ce protestanci obrabowali klasztory i zamordowali \u017cyj\u0105cych tam zakonnik\u00f3w. Pozabijali te\u017c ludzi, kt\u00f3rzy sprzeciwiali si\u0119 ich oszukanej doktrynie, a nast\u0119pnie rozkr\u0119cili akcj\u0119 propagandow\u0105 w oparciu o drukarnie i publicystk\u0119 ulotn\u0105, w kt\u00f3rej pisali, \u017ce to katolicy s\u0105 zbrodniarzami i mordercami niewinnych. Szczeg\u00f3lne nasilenie tej dzia\u0142alno\u015bci przypada na pocz\u0105tek wieku XVII kiedy ju\u017c by\u0142o od dawna wiadomo, \u017ce cesarstwo si\u0119 nie sprotestantyzuje i trzeba je b\u0119dzie po prostu rozwali\u0107. Propaganda ta \u017cyje do dzi\u015b i wszyscy wsp\u00f3\u0142czuj\u0105 ograbionej czeskiej szlachcie, kt\u00f3ra musia\u0142a i\u015b\u0107 na wygnanie przez z\u0142ych Habsburg\u00f3w i ich poplecznik\u00f3w jezuit\u00f3w. Wszyscy wiedz\u0105 czym by\u0142a Bitwa pod Bia\u0142\u0105 G\u00f3r\u0105 i wiedz\u0105 jak bohatersko poczyna\u0142a sobie w\u00f3wczas piechota morawska, w ca\u0142o\u015bci wybita pod \u015bcianami pa\u0142acu-gwiazdy. Czy rzeczywi\u015bcie w ca\u0142o\u015bci, jak nas poucza sprokurowany na okoliczno\u015b\u0107 czeskiej i protestanckiej propagandy mit? Oczywi\u015bcie, \u017ce nie, dow\u00f3dca piechoty morawskiej, hrabia Slik prze\u017cy\u0142. A nie do\u015b\u0107, \u017ce prze\u017cy\u0142 to jeszcze cesarz zaproponowa\u0142 mu stanowisko doradcy i Slik sta\u0142 si\u0119 jednym z najbardziej zaufanych genera\u0142\u00f3w Ferdynanda II. W czasie drugiego kryzysu zwi\u0105zanego z Wallensteinem, kiedy nie mo\u017cna si\u0119 by\u0142o dok\u0142adnie zorientowa\u0107 czyj\u0105 polityk\u0119 realizuje na \u015al\u0105sku ten\u017ce Wallenstein i jego armia, cesarz wys\u0142a\u0142 tam w\u0142a\u015bnie owego Slika, \u017ceby zorientowa\u0142 si\u0119 o co chodzi. By\u0142a to misja nie lada, bo Albrecht Wallenstein ksi\u0105\u017c\u0119 Frydlandu nie zna\u0142 si\u0119 na \u017cartach i na takich, kt\u00f3rzy chcieli go pilnowa\u0107 zwyk\u0142 nasy\u0142a\u0107 noc\u0105 bandzior\u00f3w z no\u017cami. Szczeg\u00f3lnie gdy podj\u0119li lekkomy\u015bln\u0105 decyzj\u0119 i zanocowania w jego obozie. W czasie tej\u017ce samej wojny, gdy wrza\u0142a najs\u0142ynniejsza bitwa epoki &#8211; b\u00f3j pod Lutzen dosz\u0142o na polu owej bitwy do wypadk\u00f3w kuriozalnych i strasznych. Oto kula armatnia wyeliminowa\u0142a cz\u0142owieka, na kt\u00f3rym opiera\u0142a si\u0119 ca\u0142a operacyjna skuteczno\u015b\u0107 cesarskich wojsk &#8211; Gotfrieda von Pappenheima. Dow\u00f3dztwo po nim obj\u0105\u0142 podpu\u0142kownik Hofkirchen, protestant, kt\u00f3ry w obliczu nacieraj\u0105cego wroga wyda\u0142 swoim ludziom rozkaz odwrotu. Kiedy z pola zacz\u0119li zje\u017cd\u017ca\u0107 kirasjerzy uciek\u0142o te\u017c kilka kompani piechoty no i w og\u00f3le zacz\u0119\u0142a si\u0119 panika. Hofkirchen powt\u00f3rzy\u0142 ten dziwny manewr dwa razy. Po raz pierwszy na pocz\u0105tku bitwy, a potem tu\u017c po \u015bmierci Gustawa Adolfa. W czeskich ksi\u0105\u017ckach pisz\u0105, \u017ce uczyni\u0142 tak, poniewa\u017c mia\u0142 brata w armii szwedzkiej i ba\u0142 si\u0119, \u017ce przyjdzie im si\u0119 spotka\u0107 w polu. No i w ten spos\u00f3b zamykaj\u0105 temat. My go jednak nie zamykamy, bo wypadki te m\u00f3wi\u0105 nam kogo prze\u015bladowa\u0142 cesarz i go\u0142ym okiem wida\u0107, \u017ce nie chodzi\u0142o o to kto jakiego jest wyznania, ale kto jakiemu dworowi s\u0142u\u017cy. Protestanci lojalni wobec korony robili kariery i pe\u0142nili odpowiedzialne funkcje, ci kt\u00f3rzy wybrali s\u0142u\u017cb\u0119 dla wroga musieli ucieka\u0107 za granic\u0119. Czesi eliminuj\u0105 ze swojej legendy moment udzia\u0142u obcych pot\u0119g w wojnie trzydziestoletniej i podkre\u015blaj\u0105 jedynie bohaterstwo swojej szlachty oraz pod\u0142o\u015b\u0107 Habsburg\u00f3w.<\/p>\r\n<p style=\"margin-bottom: 0cm; text-align: LEFT;\">Wr\u00f3\u0107my jednak do tego podpu\u0142kownika nazwiskiem Hofkirchen. Bitwa by\u0142a w listopadzie, a do lutego Wallenstein wy\u0142apa\u0142 wszystkich dezerter\u00f3w oraz tych, kt\u00f3rzy na dezerter\u00f3w wygl\u0105dali, wytoczy\u0142 im sprawy przed s\u0105dami dora\u017anymi i bez wi\u0119kszych ceregieli kaza\u0142 wszystkich po\u015bcina\u0107 na praskim rynku. Czy pomi\u0119dzy tymi nieszcz\u0119\u015bnikami by\u0142 podpu\u0142kownik Hofkirchen? Cz\u0142owiek, kt\u00f3ry stch\u00f3rzy\u0142 w obliczu wroga? Nic o tym nie ma w czeskich ksi\u0105\u017ckach, a skoro nie ma to znaczy, \u017ce go tam nie by\u0142o. W przeciwnym razie zosta\u0142by og\u0142oszony protestanckim \u015bwi\u0119tym.<\/p>\r\n<p style=\"margin-bottom: 0cm; text-align: LEFT;\">Mamy wi\u0119c z jednej strony protestant\u00f3w w s\u0142u\u017cbie katolickiego cesarza, a z drugiej ca\u0142kowit\u0105 anihilacj\u0119 Ko\u015bcio\u0142a w krajach protestanckich. W Szwecji nie ma ju\u017c ani jednej katolickiej \u015bwi\u0105tyni, bo postara\u0142 si\u0119 o to ju\u017c dawno herszt nad hersztami, czyli szwedzki bohater narodowy kr\u00f3l Gustaw Waza, Nikodem Skotarczak zarania doby nowo\u017cytnej.<\/p>\r\n<p style=\"margin-bottom: 0cm; text-align: LEFT;\">Mamy te\u017c \u015bwi\u0119tego Andrzeja Bobol\u0119, z kt\u00f3rego powinni\u015bmy si\u0119 wed\u0142ug niekt\u00f3rych t\u0142umaczy\u0107 przed prawos\u0142awnymi, tak jakby &#8211; powtarzam &#8211; mordercy \u015bwi\u0119tego reprezentowali cerkiew. Je\u015bli prawos\u0142awni tak uwa\u017caj\u0105, to maj\u0105 wielki problem, kt\u00f3rego my tutaj na pewno nie rozwi\u0105\u017cemy. I nikt go nie rozwi\u0105\u017ce je\u015bli b\u0119dziemy m\u00f3wi\u0107 o takich kwestiach pozbawiaj\u0105c je kt\u00f3rego\u015b z kontekst\u00f3w &#8211; albo duchowego, albo politycznego.<\/p>\r\n<p style=\"margin-bottom: 0cm; text-align: LEFT;\">No, ale wr\u00f3\u0107my do samego Lutra, nikomu nieznany zakonnik Augustianin przybija na drzwiach ko\u015bcio\u0142a tezy i od tego wywraca si\u0119 ca\u0142y porz\u0105dek w Europie. To nam chc\u0105 wm\u00f3wi\u0107. Najgorsze jest, \u017ce zgod\u0119 na to k\u0142amstwo firmuje Watykan. W historii Lutra nieobecne s\u0105 w\u0105tki polityczne, nie ma wcale mowy o pieni\u0105dzach, nie ma te\u017c mowy o rodzinie Hohenzollern, ani o tym w jaki spos\u00f3b reformacja wp\u0142yn\u0119\u0142a na upadek W\u0119gier. To s\u0105 sprawy nie daj\u0105ce si\u0119 po\u0142\u0105czy\u0107 wed\u0142ug krzewicieli dialogu i p\u00f3\u0142prawd. Ja nie wiem co zrobi\u0107 w tej sytuacji. My\u015bl\u0119, \u017ce trzeba to b\u0119dzie przeczeka\u0107. Zobaczymy co to b\u0119dzie&#8230;..<\/p>\r\n<p style=\"margin-bottom: 0cm; text-align: LEFT;\"><strong><em>Coryllus<\/em><\/strong><\/p>\r\n<p><span style=\"font-size: 8pt;\">Zapraszam na stron\u0119 <a href=\"http:\/\/www.coryllus.pl\/\">www.coryllus.pl<\/a> i przypominam, \u017ce za tydzie\u0144 mam spotkanie w Krakowie. Poniedzia\u0142ek 23 czerwca, sala kryszta\u0142owa w Hotelu Europejskim, godzina 17.30. Zapraszam.<\/span><\/p>\r\n<blockquote>\r\n<p><strong>KOMENTARZ <em>BIBU\u0141Y<\/em><\/strong>: Troch\u0119 dziwi nas zdziwienie Corrylusa na wie\u015b\u0107 o tym, \u017ce w 2017 roku Watykan z heretykami lutera\u0144skimi szykuj\u0105 wsp\u00f3lne \u015bwi\u0119towanie. A przecie\u017c mo\u017cna by\u0142o o\u015bwieci\u0107 si\u0119 wcze\u015bniej, cho\u0107by 8 lat temu czytaj\u0105c <em>BIBU\u0141\u0118<\/em>&#8230; Zobacz tekst: <a href=\"http:\/\/www.bibula.com\/?p=457\"><strong><span style=\"text-decoration: underline;\">Zjednoczenie Ko\u015bcio\u0142a katolickiego z heretykami lutera\u0144skimi w 2017 roku?&#8221;<\/span><\/strong><\/a><\/p>\r\n<\/blockquote>","protected":false},"excerpt":{"rendered":"Na wczorajszym spotkaniu w Bia\u0142ymstoku us\u0142ysza\u0142em co\u015b naprawd\u0119 szokuj\u0105cego. Pono\u0107 w 2017 roku szykuj\u0105 si\u0119 wsp\u00f3lne &#8211; watyka\u0144sko-lutera\u0144skie &#8211; obchody 500 rocznicy wyst\u0105pienia Marcina Lutra. Nie wiem czy to prawda, ale skoro m\u00f3wi o tym ksi\u0105dz, to co\u015b musi by\u0107 na rzeczy. Zacznijmy jednak od pocz\u0105tku. Obejrzeli\u015bmy sobie wczoraj wsp\u00f3lnie z mieszka\u0144cami Bia\u0142egostoku film o [&hellip;]","protected":false},"author":1,"featured_media":0,"comment_status":"closed","ping_status":"closed","sticky":false,"template":"","format":"standard","meta":{"_acf_changed":false,"_monsterinsights_skip_tracking":false,"_monsterinsights_sitenote_active":false,"_monsterinsights_sitenote_note":"","_monsterinsights_sitenote_category":0,"ngg_post_thumbnail":0,"footnotes":"","_wp_rev_ctl_limit":""},"categories":[9],"tags":[132,196,238,33],"acf":[],"_links":{"self":[{"href":"https:\/\/www.bibula.com\/index.php?rest_route=\/wp\/v2\/posts\/75083"}],"collection":[{"href":"https:\/\/www.bibula.com\/index.php?rest_route=\/wp\/v2\/posts"}],"about":[{"href":"https:\/\/www.bibula.com\/index.php?rest_route=\/wp\/v2\/types\/post"}],"author":[{"embeddable":true,"href":"https:\/\/www.bibula.com\/index.php?rest_route=\/wp\/v2\/users\/1"}],"replies":[{"embeddable":true,"href":"https:\/\/www.bibula.com\/index.php?rest_route=%2Fwp%2Fv2%2Fcomments&post=75083"}],"version-history":[{"count":1,"href":"https:\/\/www.bibula.com\/index.php?rest_route=\/wp\/v2\/posts\/75083\/revisions"}],"predecessor-version":[{"id":118800,"href":"https:\/\/www.bibula.com\/index.php?rest_route=\/wp\/v2\/posts\/75083\/revisions\/118800"}],"wp:attachment":[{"href":"https:\/\/www.bibula.com\/index.php?rest_route=%2Fwp%2Fv2%2Fmedia&parent=75083"}],"wp:term":[{"taxonomy":"category","embeddable":true,"href":"https:\/\/www.bibula.com\/index.php?rest_route=%2Fwp%2Fv2%2Fcategories&post=75083"},{"taxonomy":"post_tag","embeddable":true,"href":"https:\/\/www.bibula.com\/index.php?rest_route=%2Fwp%2Fv2%2Ftags&post=75083"}],"curies":[{"name":"wp","href":"https:\/\/api.w.org\/{rel}","templated":true}]}}