{"id":74977,"date":"2014-06-10T10:02:15","date_gmt":"2014-06-10T14:02:15","guid":{"rendered":"http:\/\/www.bibula.com\/?p=74977"},"modified":"2014-06-10T10:02:15","modified_gmt":"2014-06-10T14:02:15","slug":"przemysl-i-ziemia-przemyska-pustoszeja-coraz-mniej-ludnosci-katolickiej","status":"publish","type":"post","link":"https:\/\/www.bibula.com\/?p=74977","title":{"rendered":"Przemy\u015bl i ziemia przemyska pustoszej\u0105. Coraz mniej ludno\u015bci katolickiej"},"content":{"rendered":"<p><strong>Od 2004 roku brak pracy wygoni\u0142 z Podkarpacia a\u017c 10 proc. katolickiej ludno\u015bci &#8211; wynika ze statystyk archidiecezji przemyskiej.<\/strong><\/p>\r\n<p>O sytuacji w po\u0142udniowo-wschodnim rejonie Polski informuje <span style=\"text-decoration: underline;\"><a href=\"http:\/\/www.rp.pl\/artykul\/17,1116642-Podkarpacie-pustoszeje.html\">\u201eRzeczpospolita\u201d<\/a>.<\/span><\/p>\r\n<p>Diecezja przemyska obejmuje swoim zasi\u0119giem 11 z 21 powiat\u00f3w ziemskich i dwa z czterech miast na prawie powiatu w ca\u0142ym wojew\u00f3dztwie podkarpackim.<\/p>\r\n<p>Gdy Polska wchodzi\u0142a do UE, region ten zamieszkiwa\u0142o ok. 822 tys. os\u00f3b, w tym ok. 794 tys. katolik\u00f3w.<\/p>\r\n<p>Teraz mieszka\u0144c\u00f3w jest\u00a0 812 tys. os\u00f3b, w tym 783 tys. to katolicy. Oznacza to, \u017ce w ci\u0105gu dziesi\u0119ciu lat og\u00f3lna liczba mieszka\u0144c\u00f3w spad\u0142a w sumie o 10 tys., ale liczba katolik\u00f3w zmniejszy\u0142a si\u0119 o 11 tys.<\/p>\r\n<p>Ze statystyk wynika, \u017ce tylko w ci\u0105gu jednego roku same miasta w obr\u0119bie archidiecezji, kt\u00f3rych jest 22, straci\u0142y a\u017c 916 mieszka\u0144c\u00f3w. Najwi\u0119cej Przemy\u015bl &#8211; 422 osoby, oraz Jaros\u0142aw &#8211; 281 os\u00f3b. Dalej s\u0105 \u0141a\u0144cut i Ustrzyki Dolne (po 56 os\u00f3b) oraz Nowa Sarzyna (41 os\u00f3b).<\/p>\r\n<p>Faktycznie jednak ten rejon Podkarpacia zamieszkuje jeszcze mniej os\u00f3b. Z 783 tys. katolik\u00f3w a\u017c 72 tys. wybra\u0142o tzw. emigracj\u0119 czasow\u0105. W por\u00f3wnaniu z pocz\u0105tkiem 2004 r., gdy czasowo za granic\u0105 by\u0142o ok. 31 tys. os\u00f3b, jest to wzrost o ponad 130 proc. Najwi\u0119cej &#8211; prawie 24 proc. katolickiej ludno\u015bci &#8211; straci\u0142 dekanat Sanok I (obejmuje 12 parafii). Wyjecha\u0142o stamt\u0105d 3,9 tys. ludzi. Z dekanatu Sanok II (dziesi\u0119\u0107 parafii) wyjecha\u0142o 19,25 proc. os\u00f3b. Z kolei\u00a0 licz\u0105cy w sumie ok. 7 tys. mieszka\u0144c\u00f3w dekanat Kalwaria Pac\u0142awska (sze\u015b\u0107 parafii) opu\u015bci\u0142o ponad 1300 os\u00f3b (19 proc.).<\/p>\r\n<p>&#8211; Sytuacja rzeczywi\u015bcie jest dramatyczna &#8211; powiedzia\u0142 \u201eRzeczpospolitej&#8221; ks. Zbigniew Ko\u0142odziej, dziekan dekanatu Kalwaria Pac\u0142awska i jednocze\u015bnie proboszcz parafii Kormanice. &#8211; Moja parafia liczy w sumie 2 tysi\u0105ce os\u00f3b. Oko\u0142o 500 pracuje w tej chwili za granic\u0105. Praktycznie w ka\u017cdej rodzinie nie ma jednej lub kilku os\u00f3b &#8211; dodaje.<\/p>\r\n<p>&#8211; B\u0119dzie jeszcze gorzej. Wielu ludzi z mojej parafii nigdy nie wr\u00f3ci. Po prostu za\u0142o\u017cyli rodziny za granic\u0105 i ich dzieci zamiast w Polsce rodz\u0105 si\u0119 tam &#8211; m\u00f3wi smutno ks. Ko\u0142odziej. &#8211; Za kilka lat Podkarpacie opustoszeje.<\/p>\r\n<p><span style=\"text-decoration: underline;\"><a href=\"http:\/\/www.rp.pl\/artykul\/17,1116642-Podkarpacie-pustoszeje.html\">&#8222;Rzeczospolita&#8221;<\/a><\/span><\/p>","protected":false},"excerpt":{"rendered":"Od 2004 roku brak pracy wygoni\u0142 z Podkarpacia a\u017c 10 proc. katolickiej ludno\u015bci &#8211; wynika ze statystyk archidiecezji przemyskiej. O sytuacji w po\u0142udniowo-wschodnim rejonie Polski informuje \u201eRzeczpospolita\u201d. Diecezja przemyska obejmuje swoim zasi\u0119giem 11 z 21 powiat\u00f3w ziemskich i dwa z czterech miast na prawie powiatu w ca\u0142ym wojew\u00f3dztwie podkarpackim. Gdy Polska wchodzi\u0142a do UE, region [&hellip;]","protected":false},"author":1,"featured_media":0,"comment_status":"closed","ping_status":"closed","sticky":false,"template":"","format":"standard","meta":{"_acf_changed":false,"_monsterinsights_skip_tracking":false,"_monsterinsights_sitenote_active":false,"_monsterinsights_sitenote_note":"","_monsterinsights_sitenote_category":0,"ngg_post_thumbnail":0,"footnotes":"","_wp_rev_ctl_limit":""},"categories":[8],"tags":[152,92],"acf":[],"_links":{"self":[{"href":"https:\/\/www.bibula.com\/index.php?rest_route=\/wp\/v2\/posts\/74977"}],"collection":[{"href":"https:\/\/www.bibula.com\/index.php?rest_route=\/wp\/v2\/posts"}],"about":[{"href":"https:\/\/www.bibula.com\/index.php?rest_route=\/wp\/v2\/types\/post"}],"author":[{"embeddable":true,"href":"https:\/\/www.bibula.com\/index.php?rest_route=\/wp\/v2\/users\/1"}],"replies":[{"embeddable":true,"href":"https:\/\/www.bibula.com\/index.php?rest_route=%2Fwp%2Fv2%2Fcomments&post=74977"}],"version-history":[{"count":0,"href":"https:\/\/www.bibula.com\/index.php?rest_route=\/wp\/v2\/posts\/74977\/revisions"}],"wp:attachment":[{"href":"https:\/\/www.bibula.com\/index.php?rest_route=%2Fwp%2Fv2%2Fmedia&parent=74977"}],"wp:term":[{"taxonomy":"category","embeddable":true,"href":"https:\/\/www.bibula.com\/index.php?rest_route=%2Fwp%2Fv2%2Fcategories&post=74977"},{"taxonomy":"post_tag","embeddable":true,"href":"https:\/\/www.bibula.com\/index.php?rest_route=%2Fwp%2Fv2%2Ftags&post=74977"}],"curies":[{"name":"wp","href":"https:\/\/api.w.org\/{rel}","templated":true}]}}