{"id":74964,"date":"2014-06-09T13:27:53","date_gmt":"2014-06-09T17:27:53","guid":{"rendered":"http:\/\/www.bibula.com\/?p=74964"},"modified":"2014-06-11T10:11:45","modified_gmt":"2014-06-11T14:11:45","slug":"polska-sfinansuje-emerytury-50-tys-zydow","status":"publish","type":"post","link":"https:\/\/www.bibula.com\/?p=74964","title":{"rendered":"Polska sfinansuje emerytury 50 tys. \u017byd\u00f3w"},"content":{"rendered":"<p><strong>Polski rz\u0105d znowelizowa\u0142 prawo, kt\u00f3re pozwoli ponad 50 tys. ocala\u0142ym \u017bydom, ich ma\u0142\u017conkom, a nawet dzieciom zamieszkuj\u0105cym poza naszym krajem, pobiera\u0107 emerytury z tytu\u0142u szk\u00f3d doznanych ze strony nazist\u00f3w i bolszewik\u00f3w na ziemiach polskich w czasie wojny i okresu stalinowskiego. \u00a0 <br \/><\/strong><\/p><p>O emerytury w wysoko\u015bci 470 ILS (oko\u0142o 100 euro) b\u0119dzie mog\u0142o ubiega\u0107 si\u0119 blisko 50 tys. Izraelczyk\u00f3w polskiego pochodzenia: ofiary nazistowskich i sowieckich represji. Pierwsze \u015bwiadczenia pop\u0142yn\u0105 do Izraela na koszt \u00a0polskiego podatnika latem przysz\u0142ego roku.<\/p><p>Gazeta \u201eThe Times of Israel\u201d poda\u0142a jako pierwsza informacj\u0119 o zmianach w przepisach, kt\u00f3re wprowadzi\u0142 polski rz\u0105d, by umo\u017cliwi\u0107 Polskiemu Biuro ds. Kombatant\u00f3w i Os\u00f3b Represjonowanych przesy\u0142anie \u015bwiadcze\u0144 dla os\u00f3b kwalifikuj\u0105cych si\u0119 do emerytur, kt\u00f3re mieszkaj\u0105 poza granicami Polski i nie maj\u0105 dost\u0119pu do rachunku bankowego w naszym kraju.<\/p><p>Przed nowelizacj\u0105 osoby polskiego pochodzenia, kt\u00f3re zosta\u0142y uznane za kombatant\u00f3w lub ofiary represji mog\u0142y otrzymywa\u0107 miesi\u0119czn\u0105 emerytur\u0119 tylko wtedy, gdy mia\u0142y konto w Polsce, albo upowa\u017cni\u0142y dan\u0105 osob\u0119 polskiego pochodzenia do dokonywania przelew\u00f3w uposa\u017cenia na ich konta za granic\u0105. Gazeta twierdzi, \u017ce niewiele os\u00f3b mieszkaj\u0105cych poza granicami Polski &#8211; pono\u0107 mniej ni\u017c 50 &#8211; korzysta\u0142o z tej formy pomocy.<\/p><p>Po nowelizacji prawa emerytury b\u0119dzie mog\u0142o pobiera\u0107 oko\u0142o 50 tys. os\u00f3b z Izraela. Jak t\u0142umaczy Sebastian Rejak, specjalny wys\u0142annik ds. stosunk\u00f3w z diaspor\u0105 \u017cydowsk\u0105 w polskim MSZ: &#8211; <em>Nowo\u015bci\u0105 tych przepis\u00f3w jest to, \u017ce polskie w\u0142adze &#8211; w szczeg\u00f3lno\u015bci instytucje zabezpieczenia spo\u0142ecznego &#8211; b\u0119d\u0105 w stanie przesy\u0142a\u0107 \u015bwiadczenia kombatantom znajduj\u0105cym si\u0119 w dowolnym miejscu na \u015bwiecie, kosztem polskich w\u0142adz. \u00a0 <br \/><\/em><\/p><p>By zakwalifikowa\u0107 si\u0119 do emerytury kombatanckiej wystarczy po\u015bwiadczy\u0107, \u017ce dana osoba mieszka w Izraelu (niekoniecznie bezpo\u015brednia ofiara, ale tak\u017ce ma\u0142\u017conek ofiary oraz dzieci) i cierpia\u0142a represje w czasie II wojny \u015bwiatowej pod okupacj\u0105 niemieck\u0105 i \/ lub sowieck\u0105. Uposa\u017cenie b\u0119dzie bezpo\u015brednio przelewane przez polskie instytucje na konta uprawnionych do pobierania emerytury kombatanckiej.<\/p><p>Rejak udzielaj\u0105c wywiadu izraelskiej gazecie w Jerozolimie t\u0142umaczy\u0142, \u017ce do polskich w\u0142adz dociera\u0142o wiele sygna\u0142\u00f3w od ludzi z ca\u0142ego \u015bwiata, kt\u00f3rzy ju\u017c od dawna byli zainteresowani nabyciem statusu kombatant\u00f3w lub os\u00f3b represjonowanych, ale przeszkod\u0105, z ich punktu widzenia, by\u0142a kwestia rachunk\u00f3w bankowych i przelew\u00f3w. <em>&#8211; Stara procedura by\u0142a niewygodna dla wielu potencjalnych wnioskodawc\u00f3w, dlatego polski rz\u0105d zdecydowa\u0142 si\u0119 wzi\u0105\u0107 na siebie obci\u0105\u017cenie finansowe z tytu\u0142u operacji bankowych dokonywanych w celu przes\u0142ania pieni\u0119dzy i znie\u015b\u0107 konieczno\u015b\u0107 fizycznego adresu w Polsce &#8211; <\/em>m\u00f3wi\u0142.<\/p><p>Nowe przepisy, kt\u00f3re zosta\u0142y ju\u017c zatwierdzone przez polski parlament i prezydenta Bronis\u0142awa Komorowskiego, wejd\u0105 w \u017cycie w pa\u017adzierniku br. dla mieszka\u0144c\u00f3w Unii Europejskiej, a dla mieszka\u0144c\u00f3w reszty \u015bwiata &#8211; w kwietniu 2015 roku.<\/p><p>Ze zmian cieszy si\u0119 Bobby Brown, by\u0142y dyrektor projektu HEART (grupy zadaniowej ds. restytucji mienia \u017cydowskiego z okresu Holocaustu). Brown powiedzia\u0142, \u017ce to wsp\u00f3lna inicjatywa rz\u0105du Izraela i Agencji \u017bydowskiej, kt\u00f3ra niedawno zamkn\u0119\u0142a drzwi ze wzgl\u0119du na brak funduszy. <em>&#8211; Mam wra\u017cenie, \u017ce Holokaust jest pod wieloma wzgl\u0119dami wsp\u00f3lnym do\u015bwiadczeniem. Chocia\u017c Polacy nie s\u0105 odpowiedzialni za to, co si\u0119 sta\u0142o, maj\u0105 obowi\u0105zek dba\u0107 o tych, kt\u00f3rzy cierpieli w ich kraju<\/em> &#8211; przekonuje.<\/p><p>Brown, kt\u00f3ry pracowa\u0142 razem z izraelskimi i polskimi w\u0142adzami w tej sprawie pochwali\u0142 zaanga\u017cowanie Uriacha Orbacha, ministra ds. uposa\u017ce\u0144 emerytalnych. Doda\u0142, \u017ce emerytury b\u0119d\u0105 mogli otrzymywa\u0107 nie tylko bezpo\u015brednie ofiary nazist\u00f3w i sowiet\u00f3w, ale tak\u017ce ich ma\u0142\u017conkowie i dzieci, kt\u00f3re nie maj\u0105 polskiego obywatelstwa, lecz urodzi\u0142y si\u0119 np. w rodzinie polskiej w komunistycznej Rosji.<\/p><p>Rejak powiedzia\u0142, \u017ce dla udowodnienia, i\u017c dana osoba kwalifikuje si\u0119 do \u015bwiadczenia b\u0119d\u0105 brane pod uwag\u0119 zapisy archiwalne muzeum Holocaustu Yad Vashem i zeznania \u015bwiadk\u00f3w.<\/p><p>&#8211; <em>Polski rz\u0105d zamierza odda\u0107 sprawiedliwo\u015b\u0107 tym, kt\u00f3rzy cierpieli w czasie wojny<\/em> &#8211; t\u0142umaczy Rejak. Urz\u0119dnik podkre\u015bli\u0142, \u017ce chocia\u017c nowe przepisy odnosz\u0105 si\u0119 do wszystkich os\u00f3b uciskanych bez wzgl\u0119du na kryteria etniczne, to jednak zmiany dokonano przede wszystkim ze wzgl\u0119du na ofiary Holokaustu. <em>&#8211; Polska na pewno ma szczeg\u00f3ln\u0105 sympati\u0119 dla ocala\u0142ych z Holokaustu<\/em> &#8211; m\u00f3wi\u0142. &#8211; <em>Ofiary \u017cydowskie nale\u017cy potraktowa\u0107 ze szczeg\u00f3ln\u0105 uwag\u0105. To jest oczywiste. To kwestia wra\u017cliwo\u015bci<\/em> &#8211; dodawa\u0142.<\/p><p><em>&#8211; Uwa\u017camy, \u017ce polski przyk\u0142ad b\u0119dzie precedensem dla innych kraj\u00f3w. A my zrobimy wszystko, aby upewni\u0107 si\u0119, \u017ce inne kraje p\u00f3jd\u0105 za polskim przyk\u0142adem<\/em> &#8211; powiedzia\u0142 Brown.<\/p><p>Brown twierdzi, \u017ce chcia\u0142by, aby tak\u017ce Instytut Yad Vashen rozpocz\u0105\u0142 wyp\u0142acanie emerytur dla &#8222;Sprawiedliwych W\u015br\u00f3d Narod\u00f3w \u015awiata,&#8221; by sp\u0142aci\u0107 d\u0142ug wdzi\u0119czno\u015bci za ocalenie \u017cycia.<\/p><p>&#8211; <em>Gdyby rz\u0105d izraelski, w pewnym momencie w przysz\u0142o\u015bci, podj\u0105\u0142 decyzj\u0119 dot. wyp\u0142aty emerytur dla Polak\u00f3w, kt\u00f3rzy ratowali \u017byd\u00f3w w czasie Holokaustu<\/em> &#8211; m\u00f3wi\u0142 Rejak &#8211; <em>to by\u0142by hojny gest. <br \/><\/em><\/p><p>\u0179r\u00f3d\u0142o: timesofisrael.com, AS.<\/p><p class=\"zrodlo\">Za: <a href=\"http:\/\/www.pch24.pl\/polska-sfinansuje-emerytury-50-tys--zydow,23463,i.html\">Polonia Christiana &#8211; pch24.pl (2014-06-09)<\/a><\/p><blockquote><p><strong>KOMENTARZ <em>BIBU\u0141Y<\/em><\/strong>: Jak wida\u0107 z powy\u017cszego, PO i PiS, wraz z innymi partiami, w kluczowych sprawach zgadzaj\u0105 si\u0119 g\u0142osuj\u0105c przeciwko interesom Polski i Polak\u00f3w. Oto jak rozk\u0142ada\u0142o si\u0119 g\u0142osowanie w tej bulwersuj\u0105cej i uw\u0142aczaj\u0105cej Polakom sprawie. Zwr\u00f3cmy uwag\u0119, \u017ce <strong>tylko 2 pos\u0142\u00f3w sprzeciwi\u0142o si\u0119 ustawie (pose\u0142 Wojciech Szarama &#8211; PiS i pose\u0142 niezrzeszony &#8211; Przemys\u0142aw Wipler<\/strong>).<\/p><p>[pdf &#8222;http:\/\/www.bibula.com\/images\/74964\/glos_59_79.pdf&#8221;]<\/p><p>\u0179r\u00f3d\u0142o: <a href=\"http:\/\/orka.sejm.gov.pl\/Glos7.nsf\/nazwa\/59_79\/$file\/glos_59_79.pdf\">http:\/\/orka.sejm.gov.pl\/Glos7.nsf\/nazwa\/59_79\/$file\/glos_59_79.pdf<\/a><\/p><\/blockquote><hr \/><blockquote><h4>Polskie odszkodowania za Holokaust. Prawdy i p\u00f3\u0142prawdy<\/h4><p><strong>Czy rz\u0105d polski zap\u0142aci odszkodowania za Holokaust blisko 50 tysi\u0105com Izraelczyk\u00f3w? Zdaniem \u201eTimes of Israel\u201d tak. Ale czy na pewno?<\/strong><\/p><p>9 czerwca Internet obieg\u0142a informacja, \u017ce w Polsce podpisano ustaw\u0119 zgodnie z kt\u00f3r\u0105 Polska zap\u0142aci odszkodowania za Holokaust ocalonym z tego nazistowskiego horroru mieszka\u0144com Izraela. Trzeba przyzna\u0107, \u017ce na pierwszy rzut oka sprawa wygl\u0105da je\u017celi nie bulwersuj\u0105co, to co najmniej podejrzanie. Niby dlaczego Polska mia\u0142a by p\u0142aci\u0107 odszkodowania, kiedy Niemcy tego nie robi\u0105? Internet zawrza\u0142, portale spo\u0142eczno\u015bciowe zawrza\u0142y. A jak jest w rzeczywisto\u015bci?<\/p><p><span id=\"more-42652\"><\/span>Burza zacz\u0119\u0142a si\u0119 od artyku\u0142u zamieszczonego przez \u201eTimes of Israel\u201d, w kt\u00f3rym pochwalono polskie w\u0142adze za to, \u017ce wyp\u0142ac\u0105 odszkodowania obywatelom Izraela kt\u00f3rzy prze\u017cyli Holokaust. W swoim tek\u015bcie powo\u0142ywali si\u0119 na tekst znowelizowanej uchwa\u0142y z dnia 14 marca 2014 r. o \u201ezmianie ustawy o kombatantach oraz niekt\u00f3rych osobach b\u0119d\u0105cych ofiarami represji wojennych i okresu powojennego oraz niekt\u00f3rych innych ustaw\u201d.<br \/> Zdaniem autora artyku\u0142u w \u201eToI\u201d dzi\u0119ki zmianie ustawy nawet pi\u0119\u0107dziesi\u0119ciu tysi\u0105com obywateli Izraela b\u0119dzie wyp\u0142acana comiesi\u0119czna renta w wysoko\u015bci 100 euro. Pieni\u0105dze mieli by dosta\u0107 wszyscy ci, kt\u00f3rzy doznali szkody podczas II wojny \u015bwiatowej na terenach dzisiejszej Polski.<\/p><p>Gazeta powo\u0142uje si\u0119 mi\u0119dzy innymi na Sebastiana Rejaka, specjalnego wys\u0142annika MSZ ds. kontakt\u00f3w z diaspor\u0105 \u017cydowsk\u0105, kt\u00f3ry podczas rozmowy z \u201eTimes of Israel\u201d mia\u0142 zaprezentowa\u0107 zmiany ustawy. Delegat wspomnia\u0142 r\u00f3wnie\u017c, \u017ce w Izraelu \u017cyje przynajmniej kilka tysi\u0119cy os\u00f3b uprawnionych do \u015bwiadcze\u0144 tego typu.<\/p><p>Izraelska gazeta przytoczy\u0142a r\u00f3wnie\u017c s\u0142owa Bobby\u2019ego Browna z Holocaust Era Asset Restitution Taskforce (organizacji zajmuj\u0105cej si\u0119 restytucj\u0105 mienia \u017cydowskiego zagrabionego podczas II wojny \u015bwiatowej), kt\u00f3ry w superlatywach wypowiedzia\u0142 si\u0119 o zmianach.<\/p><p>Rzeczywi\u015bcie, stosowna ustawa zosta\u0142a przeg\u0142osowana przez Sejm a potem podpisana przez prezydenta w maju bie\u017c\u0105cego roku. Projekt zmian poparli solidarnie cz\u0142onkowie wszystkich klub poselskich zar\u00f3wno tych z prawa, jak i z lewa.<\/p><p>Sama ustawa mia\u0142a usprawni\u0107 przyznawanie rent i zwi\u0119kszenie zni\u017cek dla kombatant\u00f3w etc. Tym co zaintrygowa\u0142o dziennikarzy \u201eToI\u201d jest zmiana w artykule 24a:<\/p><p style=\"padding-left: 30px;\">1. Na wniosek kombatanta lub innej osoby uprawnionej, zamieszka\u0142ych za granic\u0105 w pa\u0144stwie cz\u0142onkowskim Unii Europejskiej, pa\u0144stwie cz\u0142onkowskim Europejskiego Porozumienia o Wolnym Handlu (EFTA) lub w pa\u0144stwie, z kt\u00f3rym Rzeczpospolit\u0105 Polsk\u0105 \u0142\u0105czy umowa mi\u0119dzynarodowa w dziedzinie ubezpiecze\u0144 spo\u0142ecznych przewiduj\u0105ca transfer emerytur lub rent, \u015bwiadczenia pieni\u0119\u017cne, dodatek kompensacyjny oraz rycza\u0142t energetyczny, wyp\u0142aca si\u0119 wraz z emerytur\u0105, rent\u0105, uposa\u017ceniem w stanie spoczynku lub innymi \u015bwiadczeniami, w pa\u0144stwie zamieszkania, na rachunek bankowy tej osoby za granic\u0105 lub w innej formie wskazanej przez organ emerytalny lub rentowy, w terminach i trybie ustalonym przez ten organ. Wyp\u0142ata dokonywana jest w walucie wymienialnej<\/p><p><strong>G\u0142owna r\u00f3\u017cnic\u0105 jest to, \u017ce osoba kt\u00f3ra odbiera rent\u0119 i nie mieszka w Polsce, nie musi ju\u017c posiada\u0107 otwartego rachunku bankowego w naszym kraju.<\/strong> W tek\u015bcie nie ma jednak mowy o dok\u0142adnej wysoko\u015bci tej renty. Co wi\u0119cej: sama ustawa nie zmieni\u0142a przepis\u00f3w reguluj\u0105cych kto mo\u017ce by\u0107 uznany z kombatanta a kto nie, zmieni\u0142a jedynie przepisy dotycz\u0105ce formy wyp\u0142acania rent.<\/p><p>Wiadomo natomiast, \u017ce istniej\u0105 konkretne przepisy reguluj\u0105ce zasady jej przyznawania, z kt\u00f3rych jednym z istotniejszych jest stan maj\u0105tkowy osoby poszkodowanej. Nie dotyczy rzecz jasna tylko \u017byd\u00f3w, ale wszystkich polskich obywateli kt\u00f3rzy ucierpieli w czasie II wojny \u015bwiatowej, a kt\u00f3rzy mieszkaj\u0105 za granic\u0105. Co wi\u0119cej: liczba pi\u0119\u0107dziesi\u0119ciu tysi\u0119cy wydaje si\u0119 co najmniej niesprawdzona.<\/p><p>Niemniej sprawa ca\u0142y czas jest niejasna, a Ministerstwo Spraw Zagranicznych do tej pory jej nie skomentowa\u0142o.<\/p><p><em>\u0179r\u00f3d\u0142a:, \u201e<a href=\"http:\/\/www.timesofisrael.com\/for-first-time-poland-to-pay-pensions-to-survivors\/\">Times of Israe<\/a>l\u201d, <a href=\"http:\/\/wgospodarce.pl\/informacje\/13851-polska-wyplaci-zasilki-za-holocaust-polska-a-nie-niemcy\" target=\"_blank\">wGospodarce.pl<\/a>, <a href=\"http:\/\/natemat.pl\/105567,times-of-israel-polska-wyplaci-zapomogi-50-tys-ocalalych-z-holokaustu-wipler-chce-wyjasnien-msz-to-przeszacowane-liczby\" target=\"_blank\">naTemat.pl<\/a>.<\/em><br \/> <em><a href=\"http:\/\/histmag.org\/Polskie-odszkodowania-za-Holokaust.-Prawdy-i-polprawdy.-9588\" target=\"_blank\">http:\/\/histmag.org<\/a><\/em><\/p><p style=\"text-align: center;\">* \u00a0 \u00a0 \u00a0 \u00a0 \u00a0 \u00a0 \u00a0 \u00a0 \u00a0 \u00a0 \u00a0 \u00a0 \u00a0 \u00a0* \u00a0 \u00a0 \u00a0 \u00a0 \u00a0 \u00a0 \u00a0 \u00a0 \u00a0 \u00a0 \u00a0 \u00a0 \u00a0 \u00a0*<\/p><h4><strong>Polscy urz\u0119dnicy dementuj\u0105 \u201eodszkodowania za Holokaust\u201d<\/strong><\/h4><p>Wielkie nieporozumienie &#8211; tak komentuj\u0105 polscy urz\u0119dnicy rewelacje niekt\u00f3rych medi\u00f3w na temat rzekomych \u015bwiadcze\u0144, kt\u00f3re Polska mia\u0142aby wyp\u0142aci\u0107 obywatelom Izraela za Holokaust. Zadali\u015bmy wi\u0119c proste pytanie: O co tak naprawd\u0119 tutaj chodzi?<\/p><p>Zrobi\u0142o si\u0119 jakie\u015b wielkie nieporozumienie. Tymczasem w ca\u0142ej sprawie nie chodzi o \u017cadne odszkodowanie za Holokaust, o \u017cadne emerytury, renty, czy dodatkowe odszkodowania &#8211; m\u00f3wi\u0105 portalowi Histmag.org przedstawiciele Urz\u0119du do Spraw Kombatant\u00f3w i Os\u00f3b Represjonowanych. Okazuje si\u0119, \u017ce to w\u0142a\u015bnie ten urz\u0105d jest w\u0142adny do wypowiadania si\u0119 w tej kwestii. Takie zapewnienie us\u0142yszeli\u015bmy od rzecznik\u00f3w Ministerstwa Spraw Zagranicznych i Ministerstwa Pracy.<\/p><p>O sprawie rzekomych \u015bwiadcze\u0144, kt\u00f3re Polska mia\u0142aby wyp\u0142aci\u0107 obywatelom Izraela pisali\u015bmy <a href=\"http:\/\/histmag.org\/Polskie-odszkodowania-za-Holokaust.-Prawdy-i-polprawdy.-9588\" target=\"_blank\">tutaj<\/a>. Przypomnijmy, chodzi\u0142o o niedawny artyku\u0142 z \u201eTimes of Israel\u201d i burz\u0119, jak\u0105 ten materia\u0142 wywo\u0142a\u0142 w przynajmniej niekt\u00f3rych polskich mediach.<\/p><p>Urz\u0119dnicy zapewniaj\u0105, \u017ce sprawa dotyczy niewielkiej nowelizacji ustawy o kombatantach.<\/p><p>&#8211; Chodzi tutaj tylko o techniczn\u0105 zmian\u0119: osoby, kt\u00f3re maj\u0105 uprawnienia kombatanckie, bez wzgl\u0119du gdzie mieszkaj\u0105, b\u0119d\u0105 mog\u0142y dostawa\u0107 pieni\u0105dze na konto w swoim kraju. Do tej pory by\u0142o tak, \u017ce te osoby musia\u0142y mie\u0107 konto bankowe w Polsce, lub odbiera\u0107 \u015bwiadczenia przez pe\u0142nomocnika &#8211; t\u0142umacz\u0105 przedstawiciele UdSKiOR.<br \/> Jak t\u0142umacz\u0105 urz\u0119dnicy, wielu kombatant\u00f3w zamieszka\u0142ych za granic\u0105 sygnalizowa\u0142o, \u017ce dotychczasowe zasady wyp\u0142aty stanowi\u0142y dla nich zasadnicze utrudnienie w dost\u0119pie do nale\u017cnych im \u015bwiadcze\u0144 &#8211; St\u0105d ta nowelizacja. Nie ma tu \u017cadnej sensacji &#8211; dodaj\u0105 reprezentanci UdSKiOR.<\/p><p>Dzisiaj oko\u0142o godziny 18. Urz\u0105d do Spraw Kombatant\u00f3w i Os\u00f3b Represjonowanych wyda\u0142 w ca\u0142ej sprawie oficjalny komunikat. Czytamy w nim m.in.:<\/p><p style=\"padding-left: 30px;\">Uchwalona w dniu 14 marca br. ustawa o zmianie ustawy o kombatantach oraz niekt\u00f3rych osobach b\u0119d\u0105cych ofiarami represji wojennych i okresu powojennego oraz niekt\u00f3rych innych ustaw (Dz. U. poz. 496) nie wprowadza \u017cadnych nowych zasad przyznawania uprawnie\u0144 z tytu\u0142u dzia\u0142alno\u015bci kombatanckiej czy te\u017c doznanych represji. Tym samym ka\u017cda osoba, kt\u00f3ra w ramach dotychczasowego prawa nie mog\u0142a uzyska\u0107 uprawnie\u0144 kombatanckich, nie b\u0119dzie mog\u0142a ich uzyska\u0107 r\u00f3wnie\u017c obecnie. Nowelizacja dotyczy natomiast technicznego aspektu wyp\u0142aty \u015bwiadcze\u0144 kombatanckich uprawnionym osobom mieszkaj\u0105cym za granic\u0105(\u2026)<\/p><p>Ca\u0142y komunikat znale\u017a\u0107 mo\u017cna <a href=\"http:\/\/udskior.gov.pl\/Komunikat,Urzedu,do,Spraw,Kombatantow,i,Osob,Represjonowanych,w,sprawie,informacji,prasowych,dotyczacych,transferu,swiadczen,kombatanckich,za,granice,960.html#content\" target=\"_blank\">tuta<\/a>j.<\/p><p>Przepisy, kt\u00f3re reguluj\u0105 nowe zasady transferu uprawnie\u0144 kombatanckich wejd\u0105 w \u017cycie w dw\u00f3ch terminach. Jak czytamy w cytowanym wy\u017cej komunikacie:<\/p><p style=\"padding-left: 30px;\">1) w dniu 18 pa\u017adziernika 2014 r. &#8211; odno\u015bnie do kombatant\u00f3w zamieszka\u0142ych za granic\u0105 w pa\u0144stwach Unii Europejskiej, pa\u0144stwach Europejskiego Porozumienia o Wolnym Handlu (EFTA), tj. Liechtensteinie, Islandii, Norwegii oraz Szwajcarii oraz pa\u0144stwach, z kt\u00f3rymi Rzeczpospolit\u0105 Polsk\u0105 \u0142\u0105czy umowa mi\u0119dzynarodowa w dziedzinie ubezpiecze\u0144 spo\u0142ecznych, przewiduj\u0105ca transfer emerytur lub rent (Stany Zjednoczone Ameryki, Kanada, Australia, Korea Po\u0142udniowa, Macedonia, Bo\u015bnia i Hercegowina, Serbia, Czarnog\u00f3ra, Ukraina);<br \/> 2) w dniu 18 kwietnia 2015 r. &#8211; odno\u015bnie do kombatant\u00f3w zamieszka\u0142ych za granic\u0105 w pa\u0144stwach, z kt\u00f3rymi Rzeczpospolitej Polskiej nie \u0142\u0105czy umowa mi\u0119dzynarodowa w dziedzinie ubezpiecze\u0144 spo\u0142ecznych, przewiduj\u0105ca transfer emerytur lub rent (m.in. Izrael).<\/p><p><em>Przeczytaj tak\u017ce\u00a0<a href=\"http:\/\/histmag.org\/Polskie-odszkodowania-za-Holokaust.-Prawdy-i-polprawdy.-9588\">jak wygl\u0105da\u0142a sama ustawa i jak o niej pisano<\/a><\/em><\/p><p><em><a href=\"http:\/\/histmag.org\/Polscy-urzednicy-dementuja-odszkodowania-za-Holokaust-9593\" target=\"_blank\">http:\/\/histmag.org<\/a><\/em><\/p><p class=\"zrodlo\">Za: <a href=\"http:\/\/marucha.wordpress.com\/2014\/06\/11\/polskie-odszkodowania-za-holokaust-prawdy-i-polprawdy\/\">Dziennik gajowego Maruchy (2014-06-11)<\/a><\/p><\/blockquote>","protected":false},"excerpt":{"rendered":"Polski rz\u0105d znowelizowa\u0142 prawo, kt\u00f3re pozwoli ponad 50 tys. ocala\u0142ym \u017bydom, ich ma\u0142\u017conkom, a nawet dzieciom zamieszkuj\u0105cym poza naszym krajem, pobiera\u0107 emerytury z tytu\u0142u szk\u00f3d doznanych ze strony nazist\u00f3w i bolszewik\u00f3w na ziemiach polskich w czasie wojny i okresu stalinowskiego. \u00a0 O emerytury w wysoko\u015bci 470 ILS (oko\u0142o 100 euro) b\u0119dzie mog\u0142o ubiega\u0107 si\u0119 blisko [&hellip;]","protected":false},"author":1,"featured_media":0,"comment_status":"closed","ping_status":"closed","sticky":false,"template":"","format":"standard","meta":{"_acf_changed":false,"_monsterinsights_skip_tracking":false,"_monsterinsights_sitenote_active":false,"_monsterinsights_sitenote_note":"","_monsterinsights_sitenote_category":0,"ngg_post_thumbnail":0,"footnotes":"","_wp_rev_ctl_limit":""},"categories":[8],"tags":[22,92,61,53],"acf":[],"_links":{"self":[{"href":"https:\/\/www.bibula.com\/index.php?rest_route=\/wp\/v2\/posts\/74964"}],"collection":[{"href":"https:\/\/www.bibula.com\/index.php?rest_route=\/wp\/v2\/posts"}],"about":[{"href":"https:\/\/www.bibula.com\/index.php?rest_route=\/wp\/v2\/types\/post"}],"author":[{"embeddable":true,"href":"https:\/\/www.bibula.com\/index.php?rest_route=\/wp\/v2\/users\/1"}],"replies":[{"embeddable":true,"href":"https:\/\/www.bibula.com\/index.php?rest_route=%2Fwp%2Fv2%2Fcomments&post=74964"}],"version-history":[{"count":0,"href":"https:\/\/www.bibula.com\/index.php?rest_route=\/wp\/v2\/posts\/74964\/revisions"}],"wp:attachment":[{"href":"https:\/\/www.bibula.com\/index.php?rest_route=%2Fwp%2Fv2%2Fmedia&parent=74964"}],"wp:term":[{"taxonomy":"category","embeddable":true,"href":"https:\/\/www.bibula.com\/index.php?rest_route=%2Fwp%2Fv2%2Fcategories&post=74964"},{"taxonomy":"post_tag","embeddable":true,"href":"https:\/\/www.bibula.com\/index.php?rest_route=%2Fwp%2Fv2%2Ftags&post=74964"}],"curies":[{"name":"wp","href":"https:\/\/api.w.org\/{rel}","templated":true}]}}