{"id":74730,"date":"2014-05-19T15:25:22","date_gmt":"2014-05-19T19:25:22","guid":{"rendered":"http:\/\/www.bibula.com\/?p=74730"},"modified":"2014-05-19T15:25:22","modified_gmt":"2014-05-19T19:25:22","slug":"uczniowie-obowiazkowo-w-spodnicach-sa-protesty","status":"publish","type":"post","link":"https:\/\/www.bibula.com\/?p=74730","title":{"rendered":"Uczniowie obowi\u0105zkowo w sp\u00f3dnicach? S\u0105 protesty!"},"content":{"rendered":"<p><strong>W dwudziestu siedmiu szko\u0142ach podleg\u0142ych kuratorium w Nantes zorganizowano genderow\u0105 akcj\u0119 pod nazw\u0105 \u201eZnaczenie sp\u00f3dnicy\u201d. Wspiera j\u0105 ministerstwo edukacji narodowej. Wszyscy uczniowie maj\u0105 przyj\u015b\u0107 na lekcje ubrani w sp\u00f3dnice lub z pomalowanymi ustami.<\/strong><\/p>\r\n<p>Inicjatorem akcji by\u0142o liceum Cl\u00c3\u00a9menceau w Nantes. Zdaniem dyrekcji plac\u00f3wki, tego typu manifestacja ma na celu walk\u0119 z seksizmem. W opinii kuratorium \u201echodzi zasadniczo o czas na dyskusj\u0119 i zamanifestowanie protestu przeciwko dyskryminacji seksualnej i znalezienie \u015brodk\u00f3w walki z ni\u0105 w \u017cyciu szko\u0142y\u201d. Dla francuskich obro\u0144c\u00f3w \u017cycia jest to ewidentny spos\u00f3b szerzenia ideologii gender i deprawacji m\u0142odzie\u017cy.<\/p>\r\n<p>Przewodnicz\u0105ca La Manif Pour Tous Loudovine de la Roch\u00c3\u00a9re o\u015bwiadczy\u0142a, \u017ce \u201echodzi o form\u0119 transwestytyzmu, a wi\u0119c negacji identyfikacji seksualnej ch\u0142opc\u00f3w\u201d. Deputowany z Unii na Rzecz Ruchu Ludowego (UMP) Jacques Bompart o\u015bwiadczy\u0142, \u017ce \u201ejest to u\u017cywanie szko\u0142y, od przedszkola do liceum, by zniszczy\u0107 dziedzictwo kulturalne i chrze\u015bcija\u0144skie warto\u015bci, kt\u00f3re zosta\u0142y nam przekazane\u201d.<\/p>\r\n<p>Przed liceum Cl\u00c3\u00a9manceau zebra\u0142o si\u0119 kilkaset os\u00f3b protestuj\u0105cych przeciw akcji \u201eZnaczenie sp\u00f3dnicy\u201d. Trzymano transparenty z napisami \u201eNie dla gender\u201d, \u201eGender to nie jest m\u00f3j rodzaj\u201d. Lewacy zorganizowali kontrmanifestacj\u0119, atakuj\u0105c rodzic\u00f3w jako \u201efaszyst\u00f3w\u201d i \u201eprzeciwnik\u00f3w r\u00f3wno\u015bci\u201d.<\/p>\r\n<p>FLC <\/p>","protected":false},"excerpt":{"rendered":"W dwudziestu siedmiu szko\u0142ach podleg\u0142ych kuratorium w Nantes zorganizowano genderow\u0105 akcj\u0119 pod nazw\u0105 \u201eZnaczenie sp\u00f3dnicy\u201d. Wspiera j\u0105 ministerstwo edukacji narodowej. Wszyscy uczniowie maj\u0105 przyj\u015b\u0107 na lekcje ubrani w sp\u00f3dnice lub z pomalowanymi ustami. Inicjatorem akcji by\u0142o liceum Cl\u00c3\u00a9menceau w Nantes. Zdaniem dyrekcji plac\u00f3wki, tego typu manifestacja ma na celu walk\u0119 z seksizmem. W opinii kuratorium [&hellip;]","protected":false},"author":1,"featured_media":0,"comment_status":"closed","ping_status":"closed","sticky":false,"template":"","format":"standard","meta":{"_acf_changed":false,"_monsterinsights_skip_tracking":false,"ngg_post_thumbnail":0,"footnotes":"","_wp_rev_ctl_limit":""},"categories":[6],"tags":[191,314,20],"acf":[],"_links":{"self":[{"href":"https:\/\/www.bibula.com\/index.php?rest_route=\/wp\/v2\/posts\/74730"}],"collection":[{"href":"https:\/\/www.bibula.com\/index.php?rest_route=\/wp\/v2\/posts"}],"about":[{"href":"https:\/\/www.bibula.com\/index.php?rest_route=\/wp\/v2\/types\/post"}],"author":[{"embeddable":true,"href":"https:\/\/www.bibula.com\/index.php?rest_route=\/wp\/v2\/users\/1"}],"replies":[{"embeddable":true,"href":"https:\/\/www.bibula.com\/index.php?rest_route=%2Fwp%2Fv2%2Fcomments&post=74730"}],"version-history":[{"count":0,"href":"https:\/\/www.bibula.com\/index.php?rest_route=\/wp\/v2\/posts\/74730\/revisions"}],"wp:attachment":[{"href":"https:\/\/www.bibula.com\/index.php?rest_route=%2Fwp%2Fv2%2Fmedia&parent=74730"}],"wp:term":[{"taxonomy":"category","embeddable":true,"href":"https:\/\/www.bibula.com\/index.php?rest_route=%2Fwp%2Fv2%2Fcategories&post=74730"},{"taxonomy":"post_tag","embeddable":true,"href":"https:\/\/www.bibula.com\/index.php?rest_route=%2Fwp%2Fv2%2Ftags&post=74730"}],"curies":[{"name":"wp","href":"https:\/\/api.w.org\/{rel}","templated":true}]}}