{"id":74538,"date":"2014-05-05T08:34:57","date_gmt":"2014-05-05T12:34:57","guid":{"rendered":"http:\/\/www.bibula.com\/?p=74538"},"modified":"2014-05-05T08:47:07","modified_gmt":"2014-05-05T12:47:07","slug":"kto-sie-boi-mowic-o-masonach","status":"publish","type":"post","link":"https:\/\/www.bibula.com\/?p=74538","title":{"rendered":"Kto si\u0119 boi m\u00f3wi\u0107 o masonach?"},"content":{"rendered":"<p><strong>Zapowiadana od jesieni zesz\u0142ego roku przez wroc\u0142awski Oddzia\u0142 IPN konferencja naukowa o masonerii zosta\u0142a odwo\u0142ana. Nie wiadomo, jakie powody sta\u0142y za odwo\u0142aniem konferencji, kt\u00f3ra ze wzgl\u0119du na liczb\u0119 prelegent\u00f3w mia\u0142a trwa\u0107 a\u017c dwa dni.<br \/><\/strong><\/p>\r\n<p><strong>W sekretariacie IPN we Wroc\u0142awiu dowiedzieli\u015bmy si\u0119 tylko tyle, \u017ce impreza nie dojdzie do skutku, poniewa\u017c nie zgodzi\u0142 si\u0119 na ni\u0105 dyrektor.<\/strong><\/p>\r\n<p>Informacja o konferencji pt. \u201ePolskiego wolnomularstwa dzieje najnowsze\u201d, kt\u00f3ra mia\u0142a odby\u0107 si\u0119 w dniach 15-16 maja we Wroc\u0142awiu, wzbudzi\u0142a ogromne zainteresowanie jeszcze zanim pojawi\u0142a si\u0119 wst\u0119pna lista prelegent\u00f3w. Pomys\u0142odawcami konferencji byli dr Norbert W\u00f3jtowicz i Agnieszka Klarman, pracownicy Oddzia\u0142owego Biura Edukacji Publicznej IPN we Wroc\u0142awiu. Dr W\u00f3jtowicz wolnomularstwem zajmuje si\u0119 od wielu lat, jest autorem wielu ciekawych tekst\u00f3w naukowych i popularno-naukowych po\u015bwi\u0119conych tej tematyce. Szybko zdoby\u0142 sobie uznanie tak\u017ce w \u015brodowiskach maso\u0144skich, czego dowodem by\u0142o nagrodzenie go \u201eZ\u0142otym Pi\u00f3rem Wolnomularza Polskiego\u201d.<\/p>\r\n<p>Organizatorzy wroc\u0142awskiej konferencji przekonywali, i\u017c \u201ecz\u0119sto wiedza na temat wolnomularstwa bywa ograniczona, to w ocenie spo\u0142ecznej wolnomularze maj\u0105 udzia\u0142 nie tylko w sprawowaniu w\u0142adzy i realizowaniu plan\u00f3w i program\u00f3w politycznych, ale tak\u017ce w tworzeniu koncepcji ideologicznych za\u0142o\u017ce\u0144, kt\u00f3re nale\u017c\u0105 do my\u015bli politycznej. Wszystko to sprawia, \u017ce problematyka ta wymaga rzeczowej dyskusji, pozwalaj\u0105cej na uporz\u0105dkowanie wiedzy po\u015bwi\u0119conej dziejom najnowszym polskiego wolnomularstwa w kraju i na \u015bwiecie\u201d.<\/p>\r\n<p>Wst\u0119pny program konferencji wskazywa\u0142, \u017ce by\u0142aby to interesuj\u0105ca impreza &#8211; referaty mieli wyg\u0142asza\u0107 badacze, kt\u00f3rych mo\u017cna z du\u017c\u0105 doz\u0105 prawdopodobie\u0144stwa podejrzewa\u0107 o zwi\u0105zki z masoneri\u0105. W jednym z referat\u00f3w mia\u0142a by\u0107 przedstawiona posta\u0107 jednego z mistrz\u00f3w maso\u0144skich i wa\u017cnej postaci lewicy laickiej, Jana J\u00f3zefa Lipskiego. Interesuj\u0105co zapowiada\u0142 si\u0119 temat dotycz\u0105cy lo\u017cy \u201eKopernik\u201d i Komitetu Obrony Robotnik\u00f3w oraz lo\u017cy \u201eKopernik\u201d dzia\u0142aj\u0105cej w Pary\u017cu (do kt\u00f3rej nale\u017ca\u0142 m.in. Bronis\u0142aw Wildstein) czy te\u017c o polskich wolnomularzach dzia\u0142aj\u0105cych w Nowym Jorku. Znany m.in. z \u0142am\u00f3w \u201eNaszej Polski\u201d dr Krzysztof Kaczmarski z rzeszowskiego Oddzia\u0142u IPN mia\u0142 wyg\u0142osi\u0107 referat pt. \u201eUB wobec wolnomularstwa w pierwszym okresie powojennym\u201d. Ciekawie zapowiada\u0142 si\u0119 temat zmaga\u0144 z UB Roberta Waltera, znanego okultysty z Komorowa pod Warszaw\u0105, posiadacza jednej z najwi\u0119kszych bibliotek maso\u0144skich w PRL i \u201eojca duchowego\u201d niedawno zmar\u0142ej aktorki Niny Andrycz. Nie mog\u0142o na takiej konferencji zabrakn\u0105\u0107 r\u00f3wnie\u017c czo\u0142owego propagatora masonerii, prof. Tadeusza Cegielskiego z Uniwersytetu Warszawskiego, by\u0142ego Wielkiego Mistrza, a obecnie Honorowego Mistrza Wielkiej Lo\u017cy Narodowej Polski, kt\u00f3ry mia\u0142 wyg\u0142osi\u0107 referat pt. \u201eOdrodzenie si\u0119 struktur Wielkiej Lo\u017cy Narodowej Polski\u201d.<\/p>\r\n<p>&#8211; Program konferencji zapowiada\u0142 si\u0119 bardzo ciekawie. Na konferencji mia\u0142o pojawi\u0107 si\u0119 sporo os\u00f3b zajmuj\u0105cych si\u0119 t\u0105 tematyk\u0105, nie tylko pracownik\u00f3w IPN, a w\u015br\u00f3d historyk\u00f3w, badaczy tego tematu i publicyst\u00f3w dostrzeg\u0142em te\u017c kilka os\u00f3b, kt\u00f3re publicznie afiszuj\u0105 si\u0119 ze swoj\u0105 przynale\u017cno\u015bci\u0105 do masonerii, np. prof. Cegielskiego &#8211; m\u00f3wi \u201eNaszej Polsce\u201d re\u017cyser Grzegorz Braun, kt\u00f3ry mia\u0142 wyg\u0142osi\u0107 referat pt. \u201eMasoneria w transformacji &#8211; fakty i hipotezy\u201d.<\/p>\r\n<p>Zapytany przez nas o powody odwo\u0142ania konferencji, Grzegorz Braun m\u00f3wi: &#8211; Nie wiem, dlaczego konferencja si\u0119 nie odb\u0119dzie. Pojawi\u0142y si\u0119 dwie r\u00f3\u017cne wersje odwo\u0142ania imprezy. Organizator poinformowa\u0142 mnie o problemach finansowych i organizacyjnych, stwierdzi\u0142, \u017ce konferencja odb\u0119dzie si\u0119 w innym terminie, by\u0107 mo\u017ce jesiennym. Dotar\u0142a do mnie r\u00f3wnie\u017c informacja, \u017ce zgody na konferencj\u0119 nie wyda\u0142 kt\u00f3ry\u015b z dyrektor\u00f3w, by\u0107 mo\u017ce dyrektor Oddzia\u0142u IPN we Wroc\u0142awiu. Jest to dziwne, zwa\u017cywszy na to, \u017ce wydarzenie by\u0142o zaplanowane od wielu miesi\u0119cy, a termin zg\u0142osze\u0144 referat\u00f3w up\u0142ywa\u0142 w grudniu ub.r. By\u0142o wi\u0119c sporo czasu na odwo\u0142anie imprezy, a nie robienie tego w ostatniej chwili, kiedy uczestnicy mieli wykupione bilety lub zarezerwowane noclegi we Wroc\u0142awiu. Pozostaje mi liczy\u0107, \u017ce b\u0119d\u0119 m\u00f3g\u0142 moje ustalenia i przemy\u015blenia zreferowa\u0107 w innym terminie.<\/p>\r\n<p><em><strong>Mateusz Rawicz<\/strong><\/em><\/p>\r\n<p>\u00a0Artyku\u0142 ukaza\u0142 si\u0119 w najnowszym numerze tygodnika &#8222;Nasza Polska&#8221; Nr 19 \u00a0(962) z 22 kwietnia 2014 r.<\/p>\r\n<blockquote>\r\n<p><strong>KOMENTARZ <em>BIBU\u0141Y<\/em><\/strong>: Na zadane w tytule pytanie, nale\u017ca\u0142oby odpowiedzie\u0107 nieco szerzej: <strong>Boi si\u0119 obecnie r\u00f3wnie\u017c i Radio Maryja<\/strong>. Od pewnego czasu bowiem &#8211; a dok\u0142adnie od czasu przyznania koncesji na 'multiplexie&#8217; &#8211; zmieni\u0142 si\u0119 ton nadawanych temat\u00f3w: znikn\u0119\u0142y audycje o masonach, o problemach \u017cydowskich, zwyczajnie wyrzucono z anteny prof. Jerzego Roberta Nowaka, itp, itd. W to miejsce mamy lansowanie przez o.Dyrektora i jego zesp\u00f3\u0142 holokaustycznych program\u00f3w &#8222;o ratowaniu \u017byd\u00f3w&#8221; i apele o sk\u0142adanie ofiar na jakie\u015b wota czy tablice pami\u0105tkowe dla tych &#8222;co ratowali&#8221;. Bo Holokaust to dzisiaj temat najwa\u017cniejszy w ca\u0142ej historii, no i &#8211; my\u015bli przebiegle o.Dyrektor &#8211; \u015bwietna przykrywka na zarzuty o antysemityzm rozg\u0142o\u015bni. My\u015bli naiwnie, \u017ce tym sposobem przechytrzy lisy, \u017ce dadz\u0105 mu spok\u00f3j&#8230; Ale ta gra mo\u017ce mie\u0107 tylko jedn\u0105 drog\u0119: dalsze taplanie si\u0119 w tym b\u0142ocie i w konsekwencji utopienie si\u0119 w nim.<\/p>\r\n<\/blockquote>","protected":false},"excerpt":{"rendered":"Zapowiadana od jesieni zesz\u0142ego roku przez wroc\u0142awski Oddzia\u0142 IPN konferencja naukowa o masonerii zosta\u0142a odwo\u0142ana. Nie wiadomo, jakie powody sta\u0142y za odwo\u0142aniem konferencji, kt\u00f3ra ze wzgl\u0119du na liczb\u0119 prelegent\u00f3w mia\u0142a trwa\u0107 a\u017c dwa dni. W sekretariacie IPN we Wroc\u0142awiu dowiedzieli\u015bmy si\u0119 tylko tyle, \u017ce impreza nie dojdzie do skutku, poniewa\u017c nie zgodzi\u0142 si\u0119 na ni\u0105 [&hellip;]","protected":false},"author":1,"featured_media":0,"comment_status":"closed","ping_status":"closed","sticky":false,"template":"","format":"standard","meta":{"_acf_changed":false,"_monsterinsights_skip_tracking":false,"_monsterinsights_sitenote_active":false,"_monsterinsights_sitenote_note":"","_monsterinsights_sitenote_category":0,"ngg_post_thumbnail":0,"footnotes":"","_wp_rev_ctl_limit":""},"categories":[8],"tags":[16,131,92],"acf":[],"_links":{"self":[{"href":"https:\/\/www.bibula.com\/index.php?rest_route=\/wp\/v2\/posts\/74538"}],"collection":[{"href":"https:\/\/www.bibula.com\/index.php?rest_route=\/wp\/v2\/posts"}],"about":[{"href":"https:\/\/www.bibula.com\/index.php?rest_route=\/wp\/v2\/types\/post"}],"author":[{"embeddable":true,"href":"https:\/\/www.bibula.com\/index.php?rest_route=\/wp\/v2\/users\/1"}],"replies":[{"embeddable":true,"href":"https:\/\/www.bibula.com\/index.php?rest_route=%2Fwp%2Fv2%2Fcomments&post=74538"}],"version-history":[{"count":0,"href":"https:\/\/www.bibula.com\/index.php?rest_route=\/wp\/v2\/posts\/74538\/revisions"}],"wp:attachment":[{"href":"https:\/\/www.bibula.com\/index.php?rest_route=%2Fwp%2Fv2%2Fmedia&parent=74538"}],"wp:term":[{"taxonomy":"category","embeddable":true,"href":"https:\/\/www.bibula.com\/index.php?rest_route=%2Fwp%2Fv2%2Fcategories&post=74538"},{"taxonomy":"post_tag","embeddable":true,"href":"https:\/\/www.bibula.com\/index.php?rest_route=%2Fwp%2Fv2%2Ftags&post=74538"}],"curies":[{"name":"wp","href":"https:\/\/api.w.org\/{rel}","templated":true}]}}