{"id":73790,"date":"2014-03-11T08:21:46","date_gmt":"2014-03-11T12:21:46","guid":{"rendered":"http:\/\/www.bibula.com\/?p=73790"},"modified":"2014-03-11T08:21:46","modified_gmt":"2014-03-11T12:21:46","slug":"serbski-przepis-dla-ukrainy","status":"publish","type":"post","link":"https:\/\/www.bibula.com\/?p=73790","title":{"rendered":"Serbski przepis dla Ukrainy"},"content":{"rendered":"<p><strong>CO PISZ\u0104 INNI: Serbska publicystka Milena Cmilani\u0107 tak por\u00f3wnuje obecne szanse Ukrainy z do\u015bwiadczeniami Serbii:<\/strong><br \/>\u00a0<br \/>Nieszcz\u0119\u015bciem prezydent\u00f3w Ukrainy i Serbii, Wiktora Janukowycza i Slobodana Milo\u0161evicia, by\u0142o to, \u017ce odm\u00f3wili Zachodowi.<br \/>\u00a0<br \/>Nied\u0142ugo po tym obydwaj stali si\u0119 przest\u0119pcami. Jeden zako\u0144czy\u0142 swoje \u017cycie w Hadze, a co grozi drugiemu, tego nie wiemy. 12 lutego pose\u0142 Parlamentu Europejskiego ze S\u0142owenii w wywiadzie dla telewizji Bo\u015bni i Hercegowiny BXT1 grozi\u0142: Je\u015bli \u015bledzicie rozw\u00f3j wydarze\u0144 na Ukrainie, to w ci\u0105gu tygodnia-dw\u00f3ch zobaczycie, co robimy z nieodpowiedzialn\u0105 elit\u0105 polityczn\u0105. B\u0119dzie to r\u00f3wnie\u017c sygna\u0142 dla waszej elity politycznej.<\/p>\r\n<p>Nale\u017cy przyzna\u0107, \u017ce ten polityk ma dobre rozeznanie. Mo\u017ce i nie ma on du\u017cych wp\u0142yw\u00f3w w \u015brodowiskach politycznych w Brukseli, lecz ju\u017c aktywnie uczestniczy\u0142 w rozwalaniu przynajmniej jednego kraju &#8211; Jugos\u0142awii, wi\u0119c wie, jak to si\u0119 robi i wie co m\u00f3wi.<br \/>Kiedy dosz\u0142o do gwa\u0142townego zaostrzenia si\u0119 sytuacji w Kijowie? W dniu, w kt\u00f3rym\u00a0 Rosja og\u0142osi\u0142a gotowo\u015b\u0107 przekazania Ukrainie kolejnej transzy w wysoko\u015bci 2 mld dolar\u00f3w. Wygl\u0105da na to, \u017ce by\u0142 to sygna\u0142 do rozpocz\u0119cia decyduj\u0105cej fazy dzia\u0142a\u0144. Sztab Prawego Sektora wyst\u0105pi\u0142 z wezwaniem do mobilizacji na serwisie spo\u0142eczno\u015bciowym vkontakte, a lider Swobody O\u0142eh Tiahnybok wezwa\u0142 wszystkich do marszu na Kij\u00f3w.<\/p>\r\n<p>O podpisaniu porozumienia mi\u0119dzy Wiktorem Janukowyczem a opozycj\u0105 &#8211; przypadkowo czy nie &#8211; poinformowa\u0142 nie sam prezydent czy inny ukrai\u0144ski polityk, tylko minister spraw zagranicznych Polski, Rados\u0142aw Sikorski. Tego samego wieczora prezydent uciek\u0142 z Kijowa, a jego Partia Region\u00f3w popad\u0142a w kryzys i posz\u0142a w rozsypk\u0119. Partia zrezygnowa\u0142a ze swojego lidera. Podobny los spotka\u0142 r\u00f3wnie\u017c Milo\u0161evicia i jego Parti\u0119 Socjalistyczn\u0105 Serbii. Tu trzeba zaznaczy\u0107,\u00a0 \u017ce Miloszevi\u0107 odda\u0142 w\u0142adz\u0119 sam, bez wyra\u017anej interwencji si\u0142 zagranicznych.<\/p>\r\n<p>Janukowycz m\u00f3wi\u0142, \u017ce podczas rozm\u00f3w zagwarantowano mu bezpiecze\u0144stwo. By\u0107 mo\u017ce tak i by\u0142o, ale ju\u017c nast\u0119pnego dnia informacje te zdementowa\u0142 polski minister Sikorski. Teraz Janukowyczowi grozi Trybuna\u0142 Karny w Hadze. Nowy prezydent Vojislav Kosztunica r\u00f3wnie\u017c solennie obieca\u0142 Slobodanowi Milo\u0161eviciowi, \u017ce nie wyda go do Hagi. A co si\u0119 sta\u0142o? Dziewi\u0119\u0107 miesi\u0119cy p\u00f3\u017aniej praktycznie zosta\u0142 pojmany i potajemnie wys\u0142any do Hagi, z kt\u00f3rej powr\u00f3ci\u0142 w trumnie.<\/p>\r\n<p>Co natomiast czeka Ukrain\u0119? Julia Tymoszenko, kt\u00f3ra dopiero co wysz\u0142a z wi\u0119zienia, powiedzia\u0142a zgromadzonym na Majdanie, \u017ce Ukraina przyst\u0105pi do UE i wszystkie problemy zostan\u0105 rozwi\u0105zane. Marz\u0105cy o takiej przysz\u0142o\u015bci, Ukrai\u0144cy powinni zwr\u00f3ci\u0107 uwag\u0119 na Serbi\u0119 i na jej europejsk\u0105 drog\u0119. Serbscy politycy (w\u00f3wczas by\u0142a to jeszcze Jugos\u0142awia) po rewolucji 2000 roku te\u017c wszystkim\u00a0 obiecali, \u017ce Serbia ju\u017c w 2004 roku do\u0142\u0105czy do UE. Mamy obecnie 2014 rok, a Serbia znajduje si\u0119 dopiero na pocz\u0105tku drogi. W tym czasie dzi\u0119ki pomocy \u201eprzyjaci\u00f3\u0142\u201d z USA i UE, Jugos\u0142awia rozpad\u0142a si\u0119 na dwie cz\u0119\u015bci, a Serbia straci\u0142a 15% swoich terytori\u00f3w.<\/p>\r\n<p>Z powodu krytycznej sytuacji finansowej na Ukrainie, Ministerstwo Finans\u00f3w i Bank Narodowy tego kraju zwr\u00f3ci\u0142y si\u0119 mi\u0119dzy innymi do Polski i USA z pro\u015bb\u0105 o przyznanie Ukrainie w ci\u0105gu najbli\u017cszego tygodnia -dw\u00f3ch kredytu w wysoko\u015bci 35 mld dolar\u00f3w na lata 2014-2015, zwo\u0142uj\u0105c w tym celu konferencj\u0119 kredytodawc\u00f3w. 29 czerwca 2001 roku odby\u0142a si\u0119 taka sama konferencja r\u00f3wnie\u017c w sprawie Jugos\u0142awii, gdzie kraj \u201eotrzyma\u0142\u201d oko\u0142o 1,2 mld dolar\u00f3w. \u00d3wczesny premier Zoran Djindjic napisa\u0142 o tej pomocy w spos\u00f3b nast\u0119puj\u0105cy:<br \/>\u00a0Pierwsza transza mia\u0142a wynie\u015b\u0107 oko\u0142o 300 mln dolar\u00f3w. Jednak nagle powiedziano nam, \u017ce 225 mln zostanie wydanych na sp\u0142acenie d\u0142ug\u00f3w, kt\u00f3re pozosta\u0142y z czas\u00f3w Tito. Dwie trzecie tej kwoty stanowi\u0142y grzywny, poniewa\u017c Milo\u0161evi\u0107 w ci\u0105gu 10 lat odmawia\u0142 sp\u0142acenia kredyt\u00f3w. Zosta\u0142o nam jedynie 75 mln.<\/p>\r\n<p>W ci\u0105gu 13 lat \u201eeuropejskiego kursu\u201d do Serbii wp\u0142yn\u0119\u0142o z Zachodu jedynie 15 mld dolar\u00f3w w formie kredyt\u00f3w i inwestycji, ale w tym czasie z kraju wyp\u0142yn\u0119\u0142o ponad 60 mld dolar\u00f3w. Serbia straci\u0142a oko\u0142o p\u00f3\u0142 miliona miejsc pracy, a jej d\u0142ug pa\u0144stwowy wzr\u00f3s\u0142 trzykrotnie. W tym czasie robili\u015bmy dos\u0142ownie wszystko, czego domaga\u0142y si\u0119 od nas UE i Stany Zjednoczone. I oto taki mamy bilans naszej polityki prozachodniej.<\/p>\r\n<p>A wi\u0119c, bracia Ukrai\u0144cy, witajcie na naszym wsp\u00f3lnym europejskim \u201eTitanicu\u201d!<\/p>\r\n<p><strong><em>Bogus\u0142aw Jeznach<\/em><\/strong><\/p>","protected":false},"excerpt":{"rendered":"CO PISZ\u0104 INNI: Serbska publicystka Milena Cmilani\u0107 tak por\u00f3wnuje obecne szanse Ukrainy z do\u015bwiadczeniami Serbii:\u00a0Nieszcz\u0119\u015bciem prezydent\u00f3w Ukrainy i Serbii, Wiktora Janukowycza i Slobodana Milo\u0161evicia, by\u0142o to, \u017ce odm\u00f3wili Zachodowi.\u00a0Nied\u0142ugo po tym obydwaj stali si\u0119 przest\u0119pcami. Jeden zako\u0144czy\u0142 swoje \u017cycie w Hadze, a co grozi drugiemu, tego nie wiemy. 12 lutego pose\u0142 Parlamentu Europejskiego ze S\u0142owenii [&hellip;]","protected":false},"author":1,"featured_media":0,"comment_status":"closed","ping_status":"closed","sticky":false,"template":"","format":"standard","meta":{"_acf_changed":false,"_monsterinsights_skip_tracking":false,"_monsterinsights_sitenote_active":false,"_monsterinsights_sitenote_note":"","_monsterinsights_sitenote_category":0,"ngg_post_thumbnail":0,"footnotes":"","_wp_rev_ctl_limit":""},"categories":[6],"tags":[23,106,52,285,20,167,221],"acf":[],"_links":{"self":[{"href":"https:\/\/www.bibula.com\/index.php?rest_route=\/wp\/v2\/posts\/73790"}],"collection":[{"href":"https:\/\/www.bibula.com\/index.php?rest_route=\/wp\/v2\/posts"}],"about":[{"href":"https:\/\/www.bibula.com\/index.php?rest_route=\/wp\/v2\/types\/post"}],"author":[{"embeddable":true,"href":"https:\/\/www.bibula.com\/index.php?rest_route=\/wp\/v2\/users\/1"}],"replies":[{"embeddable":true,"href":"https:\/\/www.bibula.com\/index.php?rest_route=%2Fwp%2Fv2%2Fcomments&post=73790"}],"version-history":[{"count":0,"href":"https:\/\/www.bibula.com\/index.php?rest_route=\/wp\/v2\/posts\/73790\/revisions"}],"wp:attachment":[{"href":"https:\/\/www.bibula.com\/index.php?rest_route=%2Fwp%2Fv2%2Fmedia&parent=73790"}],"wp:term":[{"taxonomy":"category","embeddable":true,"href":"https:\/\/www.bibula.com\/index.php?rest_route=%2Fwp%2Fv2%2Fcategories&post=73790"},{"taxonomy":"post_tag","embeddable":true,"href":"https:\/\/www.bibula.com\/index.php?rest_route=%2Fwp%2Fv2%2Ftags&post=73790"}],"curies":[{"name":"wp","href":"https:\/\/api.w.org\/{rel}","templated":true}]}}