{"id":73713,"date":"2014-03-07T09:20:10","date_gmt":"2014-03-07T14:20:10","guid":{"rendered":"http:\/\/www.bibula.com\/?p=73713"},"modified":"2014-03-07T09:20:10","modified_gmt":"2014-03-07T14:20:10","slug":"oswiadczenie-usopal-w-sprawie-ukrainy","status":"publish","type":"post","link":"https:\/\/www.bibula.com\/?p=73713","title":{"rendered":"O\u015bwiadczenie USOPA\u0141 w sprawie Ukrainy"},"content":{"rendered":"<p>W komunikatach USOPA\u0141 przesy\u0142ali\u015bmy r\u00f3\u017cne, bie\u017c\u0105ce wiadomo\u015bci, w wi\u0119kszo\u015bci otrzymywane od patriot\u00f3w polskich, katolik\u00f3w, na temat problem\u00f3w i proces\u00f3w politycznych zachodz\u0105cych na Ukrainie. Przyszed\u0142 czas, aby i nasza organizacja ustosunkowa\u0142a si\u0119 do bie\u017c\u0105cych wydarze\u0144 za wschodni\u0105 granic\u0105 Polski.Nie jest to proste z uwagi na ci\u0105g\u0142e ewoluowanie zaognionej politycznie sytuacji oraz sprzeczne informacje nap\u0142ywaj\u0105ce do opinii publicznej zale\u017cnie od opcji politycznej, jak\u0105 reprezentuj\u0105 poszczeg\u00f3lne media.<\/p>\r\n<p>Ja, b\u0119d\u0105c z Wo\u0142ynia, mam si\u0142\u0105 rzeczy bardziej osobiste i ostrzejsze spojrzenie i na to, co tam si\u0119 dzieje oraz w\u0142asne wyobra\u017cenia jak powinno by\u0107. Ale mo\u017ce o wielu rzeczach i zadra\u017cnieniach z uwagi na dyplomatyczn\u0105 pow\u015bci\u0105gliwo\u015b\u0107 nie trzeba by teraz pisa\u0107, a tylko ustosunkowywa\u0107 si\u0119 powierzchownie i czeka\u0107 na dalszy rozw\u00f3j wypadk\u00f3w\u2026?<\/p>\r\n<p><span class=\"pullquote\"><!-- Moja opinia jest nast\u0119puj\u0105ca: Polska nie powinna opowiada\u0107 si\u0119 w spos\u00f3b kategoryczny po \u017cadnej ze stron --><\/span>Jednak\u017ce nie ulega kwestii, \u017ce sprawa utraconych Kres\u00f3w to by\u0142a i jest tragedia narodu polskiego ostatniego stulecia. I dzisiaj, kiedy zaistnia\u0142o nieporozumienie mi\u0119dzy potomkami nacjonalist\u00f3w ukrai\u0144skich, kt\u00f3rzy mordowali Polak\u00f3w, a Rosj\u0105, kt\u00f3ra prawie od 200 lat (czy to carat, czy komunizm) sama by\u0142a naszym gn\u0119bicielem, trzeba si\u0119 do tej nieoczekiwanej sytuacji odnosi\u0107 rozwa\u017cnie.<br \/> Przede wszystkim nale\u017cy pami\u0119ta\u0107, \u017ce to Rosja dawa\u0142a zawsze pow\u00f3d do tworzenia stanu wojennego mi\u0119dzy naszymi dwoma s\u0142owia\u0144skimi narodami &#8211; Polakami i Ukrai\u0144cami. Naturalnie dzi\u015b by\u0142by ju\u017c czas, \u017ceby narody s\u0142owia\u0144skie, tak jak inne nacje europejskie, dosz\u0142y do porozumienia. Mamy przyk\u0142ad dw\u00f3ch historycznych wrog\u00f3w, takich jak Niemcy i Francja, kt\u00f3re obecnie \u017cyj\u0105 w wielkiej przyja\u017ani politycznej i ekonomicznej. Mamy nadziej\u0119, \u017ce to samo jest mo\u017cliwe mi\u0119dzy narodami s\u0142owia\u0144skimi jednak wiemy tak\u017ce, \u017ce taka zgoda i jedno\u015b\u0107 nie jest na r\u0119k\u0119 mo\u017cnym dzisiejszego \u015bwiata.<\/p>\r\n<p>Cz\u0119\u015b\u0107 narodowc\u00f3w ukrai\u0144skich, kt\u00f3rzy maj\u0105 g\u0142\u00f3wn\u0105 siedzib\u0119 we Lwowie i prze\u0142o\u017cenie w Kijowie, chcia\u0142aby mie\u0107 pa\u0144stwo stricte nacjonalistyczne. Jak wiadomo liderk\u0105 tej opcji jest Pani Julia Tymoszenko, kt\u00f3ra jest g\u0142\u00f3wn\u0105 przedstawicielk\u0105 linii nacjonalistycznej ukrai\u0144skiej UPA, tj. tej organizacji, kt\u00f3ra zawsze trzyma\u0142a z wrogami narodu polskiego i w czasie II wojny \u015bwiatowej wsp\u00f3\u0142pracowa\u0142a z hitlerowcami walcz\u0105c u boku nazist\u00f3w. Bardzo z\u0142owrogo i tragicznie wpisali si\u0119 oni w histori\u0119 naszej Ojczyzny bestialsko morduj\u0105c Polak\u00f3w, w niekt\u00f3rych miejscach ca\u0142e wsie i rodziny z dzie\u0107mi, zw\u0142aszcza kobiety w ci\u0105\u017cy. Szacuje si\u0119, \u017ce ofiarami banderowc\u00f3w pad\u0142o ok. 200 tys. Polak\u00f3w.<\/p>\r\n<p>Sta\u0142o si\u0119 tragedi\u0105 dla Polski, \u017ce kiedy po ostatniej wojnie ustanawiano granice w sowieckim pa\u0144stwie, ca\u0142y Wo\u0142y\u0144, Polesie i inne regiony Polski by\u0142y w\u0142\u0105czone w Ukrain\u0119 sowieck\u0105. A w momencie, gdy rozpada\u0142o si\u0119 imperium ZSRR, nie zosta\u0142y przywr\u00f3cone granice sprzed II wojny \u015bwiatowej. (By\u0142y wyznaczone w znanym porozumieniu i za wsp\u00f3ln\u0105 zgod\u0105 pomi\u0119dzy wodzem Polski marsza\u0142kiem Pi\u0142sudskim i przyw\u00f3dc\u0105 nacjonalist\u00f3w ukrai\u0144skich, atamanem Petlur\u0105, kt\u00f3rzy ustalili, \u017ce Lw\u00f3w i Wo\u0142y\u0144 b\u0119d\u0105 nale\u017ca\u0142y do Polski.) Nieszcz\u0119\u015bciem dla Polski by\u0142 w 1989 r. minister spraw zagranicznych Krzysztof Skubiszewski &#8211; stary agent \u017cydokomunistyczny, TW \u201eKosk\u201d -o czym dobrze wiedzia\u0142o pa\u0144stwo niemieckie-, kt\u00f3re po rozpadzie Zwi\u0105zku Radzieckiego zrobi\u0142o wszystko, \u017ceby przyj\u0105\u0142 on w imieniu Polski obecne granice wschodnie, trac\u0105c po raz drugi w XX w. Lw\u00f3w i Wo\u0142y\u0144.<\/p>\r\n<p>Niemcy, jak wiadomo, od oko\u0142o 100 lat s\u0105 mocno zwi\u0105zane politycznie i ekonomicznie z Ukrain\u0105 i chcia\u0142y w ten spos\u00f3b pom\u00f3c tamtejszym nacjonalistom. Dzisiaj Niemcy, kt\u00f3re s\u0105 g\u0142\u00f3wn\u0105 pot\u0119g\u0105 ekonomiczn\u0105 w UE, maj\u0105 nie tylko wspomniane sympatie, ale i interes, \u017ceby poszerzy\u0107 sw\u00f3j rynek eksportowy. Nie dziwi, \u017ce chc\u0105 odbi\u0107 Ukrain\u0119 od Rosji i o ile nie mo\u017cna ca\u0142ej, to podzieli\u0107 j\u0105 na dwie cz\u0119\u015bci. Nie dziwi te\u017c to, \u017ce rz\u0105d Donalda Tuska tak zaanga\u017cowa\u0142 si\u0119 po stronie Berlina. Jedna cz\u0119\u015b\u0107 podzielonego pa\u0144stwa ukrai\u0144skiego to by\u0142aby ta po\u0142a\u0107 kraju, kt\u00f3ra produkuje zbo\u017ca i wiele innych produkt\u00f3w rolnych, ze stolic\u0105 w Kijowie. Druga &#8211; o wiele wi\u0119ksza, to ta, gdzie \u017cyj\u0105 Ukrai\u0144cy, kt\u00f3rzy od wielu lat czuj\u0105 si\u0119 zwi\u0105zani z Rosj\u0105. Wi\u0119kszo\u015b\u0107 z nich nie m\u00f3wi po ukrai\u0144sku i czuje si\u0119 Rosjanami. W tej cz\u0119\u015bci przewa\u017ca przemys\u0142 ci\u0119\u017cki, zbrojeniowy, a to wszystko jest po\u0142\u0105czone z kooperantem rosyjskim.<\/p>\r\n<p>Jest tak\u017ce zapalna ko\u015b\u0107 niezgody &#8211; autonomiczny p\u00f3\u0142wysep Krym. Tam mieszka obecnie prawie p\u00f3\u0142 miliona (12%) Tatar\u00f3w, kt\u00f3rzy wyznaj\u0105 islam, a zasiedlili te tereny przed setkami lat. W czasach bolszewickich Stalin wi\u0119ksz\u0105 cz\u0119\u015b\u0107 z nich si\u0142\u0105 przesiedli\u0142 daleko w g\u0142\u0105b Rosji. Gdy powsta\u0142y nowe granice Ukrainy pozwolono im wr\u00f3ci\u0107; oni te\u017c maj\u0105 ambicje utworzenia samodzielnego pa\u0144stwa tatarskiego &#8211; co jest, jak si\u0119 z dzisiejszej perspektywy wydaje du\u017c\u0105 fantazj\u0105.<br \/> My Polacy byli\u015bmy niszczeni, mordowani zar\u00f3wno przez carsk\u0105 Rosj\u0119 (zsy\u0142ki na Syberi\u0119, wyprzeda\u017c za bezcen maj\u0105tk\u00f3w patriot\u00f3w polskich \u017bydom), jak i p\u00f3\u017aniej, w okresie komunizmu i bolszewizmu, gdy zn\u00f3w powt\u00f3rzy\u0142o si\u0119 mordowanie setek tysi\u0119cy Polak\u00f3w przez wojska sowieckie, wyw\u00f3zki na Sybir, zag\u0142odzenie Kres\u00f3w. Z tego okresu czasu znana jest nam wszystkim historia Katynia, kt\u00f3r\u0105 w czasie II wojny \u015bwiatowej bolszewicy chcieli przypisa\u0107 Niemcom. Zgin\u0119\u0142o z r\u0105k sowieckich morderc\u00f3w ponad 20 tys. oficer\u00f3w i inteligencji m.in. r\u00f3wnie\u017c z Wo\u0142ynia i Lwowa. I tutaj zn\u00f3w sw\u00f3j udzia\u0142 mieli \u017bydzi, gdy\u017c prawie wszyscy oficerowie NKWD, kt\u00f3rzy strzelali do Polak\u00f3w w Katyniu, byli \u017bydami wybranymi przez Stalina.<\/p>\r\n<p>Moja opinia jest nast\u0119puj\u0105ca: Polska nie powinna opowiada\u0107 si\u0119 w spos\u00f3b kategoryczny po \u017cadnej ze stron. To nie jest nasza wojna i tutaj nie chodzi o nasz\u0105 kresow\u0105 mniejszo\u015b\u0107. Jeste\u015bmy dzi\u015b gn\u0119bieni przez obce narodowo\u015bci, kt\u00f3re dysponuj\u0105 silnym lobby w polskim parlamencie i rz\u0105dzie, od czego powinni\u015bmy si\u0119 uwolni\u0107 w przysz\u0142ych wyborach. Przyk\u0142adem dla nas winni by\u0107 W\u0119grzy, kt\u00f3rzy oficjalnie przyj\u0119li tak\u0105 lini\u0119 post\u0119powania &#8211; neutralno\u015b\u0107 wobec zdarze\u0144 na kijowskim Majdanie i Krymie. Jest kompromitacj\u0105, \u017ce w imieniu polski wys\u0142ano tam ministra spraw zagranicznych Sikorskiego, kt\u00f3ry jest kameleonem politycznym, i antypolakiem. To wstyd, \u017ceby taki bufon i fircyk reprezentowa\u0142 Warszaw\u0119 w tak trudnej, skomplikowanej i niezr\u0119cznej dla naszej racji stanu sytuacji. Jak si\u0119 przekonali\u015bmy, porozumienie zawarte w Kijowie z jego udzia\u0142em nie przetrwa\u0142o nawet jednej doby, co jest rekordem \u015bwiata, je\u017celi chodzi o dyplomatyczn\u0105 i polityczn\u0105 g\u0142upot\u0119.<\/p>\r\n<p>Coraz wi\u0119cej mamy ju\u017c informacji, \u017ce kijowski Majdan prokurowali wys\u0142annicy oraz najemnicy z zewn\u0105trz, tak\u017ce \u017cydowskiego pochodzenia i za pieni\u0105dze z mi\u0119dzynarodowej lichwy, stawiaj\u0105c na tryzubowsk\u0105 nacjonalistyczn\u0105 opcj\u0119 w przeformowywaniu ustroju pa\u0144stwa. Wykorzystano przy tym niezadowolenie ludno\u015bci ze sposobu sprawowania w\u0142adzy &#8211; powszechnej korupcji, stagnacji gospodarczej, biedy, braku perspektyw dla m\u0142odych. Podsycono pragnienie wolno\u015bci i przybli\u017cono realnie szanse uwolnienia si\u0119 spod wasalizmu wobec Kremla. Czy te s\u0142uszne marzenia i perspektywy maj\u0105 szans\u0119 si\u0119 zi\u015bci\u0107? Banderowskie zakorzenienie tej rewolucji nie wr\u00f3\u017cy stronie polskiej dobros\u0105siedzkiego wsp\u00f3\u0142istnienia. Nie mo\u017cna jednak ca\u0142kowicie wykluczy\u0107 element\u00f3w spontaniczno\u015bci i prawdziwo\u015bci buntu Ukrai\u0144c\u00f3w. \u015awiadczy o tym cho\u0107by ch\u0142odne przyj\u0119cie przez zgromadzonych na majdanie i przy akompaniamencie gwizd\u00f3w, uwolnionej z wi\u0119zienia Julii Tymoszenko.<\/p>\r\n<p>Dlatego bacznie obserwujmy sytuacj\u0119 na Ukrainie oraz ostro\u017cnie i z ch\u0142odn\u0105 g\u0142ow\u0105 reagujmy na kolejne posuni\u0119cia graczy rozgrywaj\u0105cych t\u0119 geopolityczn\u0105 parti\u0119 szach\u00f3w. Najwa\u017cniejsze to nie da\u0107 sobie za\u0142o\u017cy\u0107 na oczy ani niemieckich ani rosyjskich ani \u017cydowskich okular\u00f3w. Patrzmy po polsku.<\/p>\r\n<p>Mo\u017cna chyba bez zbytniego rozmini\u0119cia si\u0119 z prawd\u0105 powiedzie\u0107, \u017ce ta tworz\u0105ca si\u0119 na naszych oczach nowa historia Ukrainy to s\u0105 dzi\u015b fa\u0142szywe przes\u0142anki maj\u0105ce przy pomocy polityczno-medialnej propagandy ukry\u0107 rabunkowe interesy mocarstw i lichwiarskiej mi\u0119dzynarod\u00f3wki z\u0142odziei.<\/p>\r\n<p>Z powa\u017caniem<\/p>\r\n<p><strong><em>Jan Kobyla\u0144ski<\/em><\/strong><br \/> Prezes USOPA\u0141<\/p>\r\n<p>P.S. Do wiadomo\u015bci USOPA\u0141, Fundacji J. Kobyla\u0144skiego i os\u00f3b zainteresowanych.<\/p>","protected":false},"excerpt":{"rendered":"W komunikatach USOPA\u0141 przesy\u0142ali\u015bmy r\u00f3\u017cne, bie\u017c\u0105ce wiadomo\u015bci, w wi\u0119kszo\u015bci otrzymywane od patriot\u00f3w polskich, katolik\u00f3w, na temat problem\u00f3w i proces\u00f3w politycznych zachodz\u0105cych na Ukrainie. Przyszed\u0142 czas, aby i nasza organizacja ustosunkowa\u0142a si\u0119 do bie\u017c\u0105cych wydarze\u0144 za wschodni\u0105 granic\u0105 Polski.Nie jest to proste z uwagi na ci\u0105g\u0142e ewoluowanie zaognionej politycznie sytuacji oraz sprzeczne informacje nap\u0142ywaj\u0105ce do opinii [&hellip;]","protected":false},"author":1,"featured_media":0,"comment_status":"closed","ping_status":"closed","sticky":false,"template":"","format":"standard","meta":{"_acf_changed":false,"_monsterinsights_skip_tracking":false,"_monsterinsights_sitenote_active":false,"_monsterinsights_sitenote_note":"","_monsterinsights_sitenote_category":0,"ngg_post_thumbnail":0,"footnotes":"","_wp_rev_ctl_limit":""},"categories":[129],"tags":[92,167],"acf":[],"_links":{"self":[{"href":"https:\/\/www.bibula.com\/index.php?rest_route=\/wp\/v2\/posts\/73713"}],"collection":[{"href":"https:\/\/www.bibula.com\/index.php?rest_route=\/wp\/v2\/posts"}],"about":[{"href":"https:\/\/www.bibula.com\/index.php?rest_route=\/wp\/v2\/types\/post"}],"author":[{"embeddable":true,"href":"https:\/\/www.bibula.com\/index.php?rest_route=\/wp\/v2\/users\/1"}],"replies":[{"embeddable":true,"href":"https:\/\/www.bibula.com\/index.php?rest_route=%2Fwp%2Fv2%2Fcomments&post=73713"}],"version-history":[{"count":0,"href":"https:\/\/www.bibula.com\/index.php?rest_route=\/wp\/v2\/posts\/73713\/revisions"}],"wp:attachment":[{"href":"https:\/\/www.bibula.com\/index.php?rest_route=%2Fwp%2Fv2%2Fmedia&parent=73713"}],"wp:term":[{"taxonomy":"category","embeddable":true,"href":"https:\/\/www.bibula.com\/index.php?rest_route=%2Fwp%2Fv2%2Fcategories&post=73713"},{"taxonomy":"post_tag","embeddable":true,"href":"https:\/\/www.bibula.com\/index.php?rest_route=%2Fwp%2Fv2%2Ftags&post=73713"}],"curies":[{"name":"wp","href":"https:\/\/api.w.org\/{rel}","templated":true}]}}