{"id":73516,"date":"2014-02-25T11:09:10","date_gmt":"2014-02-25T16:09:10","guid":{"rendered":"http:\/\/www.bibula.com\/?p=73516"},"modified":"2014-02-25T11:09:10","modified_gmt":"2014-02-25T16:09:10","slug":"dunska-prasa-brzoza-nie-mogla-byc-przyczyna-katastrofy-smolenskiej","status":"publish","type":"post","link":"https:\/\/www.bibula.com\/?p=73516","title":{"rendered":"Du\u0144ska prasa: \u201ebrzoza nie mog\u0142a by\u0107 przyczyn\u0105 katastrofy smole\u0144skiej&#8221;"},"content":{"rendered":"<p><strong>W du\u0144skiej gazecie \u201eIngeni\u00c3\u00b8ren\u201d ukaza\u0142 si\u0119 artyku\u0142 prezentuj\u0105cy wyniki bada\u0144 in\u017c. Glenna J\u00c3\u00b8rgensena. Autor jednoznacznie stwierdza, \u017ce \u201ebrzoza nie mog\u0142a by\u0107 przyczyn\u0105 katastrofy polskiego samolotu z prezydentem na pok\u0142adzie, cztery lata temu, podczas l\u0105dowania w Rosji\u201d. <br \/><\/strong><\/p>\r\n<p>In\u017c. Glenn J\u00c3\u00b8rgensen bra\u0142 udzia\u0142 w konferencjach, zwi\u0105zanych z tematyk\u0105 tej katastrofy, prowadzi\u0142 dyskusje z czo\u0142owymi polskimi ekspertami badaj\u0105cymi t\u0119 katastrof\u0119 oraz pod koniec stycznia zaprezentowa\u0142 sw\u00f3j raport i odpowiada\u0142 na pytania na posiedzeniu Sejmowej Komisji Parlamentarnej wyja\u015bniaj\u0105cej przyczyny katastrofy &#8211; donosi serwis niezalezna.pl.<\/p>\r\n<p>Sam J\u00c3\u00b8rgensen w rozmowie z \u201eIngeni\u00c3\u00b8ren\u201d podkre\u015bla, \u017ce jego analiza nie pokazuje co spowodowa\u0142o katastrof\u0119, tylko udowadnia \u017ce powody by\u0142y inne, ni\u017c te opisane w raporcie komisji MAK. Du\u0144ski in\u017cynier przyznaje r\u00f3wnie\u017c, \u017ce nie odrzuca jednak mo\u017cliwo\u015bci zamachu i spisku.<\/p>\r\n<p>&#8211; <em>Je\u017celi ja mia\u0142bym za zadanie dokona\u0107 ataku na samolot tak aby wygl\u0105da\u0142 jak najzwyklejszy wypadek, to u\u017cy\u0142bym \u0142adunk\u00f3w wybuchowych na niskiej wysoko\u015bci<\/em> &#8211; m\u00f3wi w rozmowie z \u201eIngeni\u00c3\u00b8ren\u201d Glenn J\u00c3\u00b8rgensen.<\/p>\r\n<p>Glenn J\u00c3\u00b8rgensen zakupi\u0142 r\u00f3wnie\u017c zdj\u0119cia satelitarne pokazuj\u0105ce \u015blady na ziemi spowodowane t\u0105 katastrof\u0105. Jak podkre\u015bla du\u0144ska gazeta, po oko\u0142o 500 godzinach pracy zgodzi\u0142 si\u0119 z wnioskami prof. Biniendy, \u017ce wskazywanie na brzoz\u0119 jako przyczyn\u0119 katastrofy jest b\u0142\u0119dne.<\/p>\r\n<p>\u0179r\u00f3d\u0142o: niezalezna.pl<\/p>\r\n<p>kra<\/p>\r\n<blockquote>\r\n<p><strong>KOMENTARZ <em>BIBU\u0141Y<\/em><\/strong>: Po 4 latach, r\u00f3\u017cnego rodzaju eksperci dochodz\u0105 do oczywistego wniosku, \u017ce wyimaginowana brzoza nie mog\u0142a byc przyczyn\u0105 &#8222;katastrofy&#8221;. Jednak wi\u0119kszo\u015b\u0107 z nich dalej brnie w zupe\u0142nie nieprawdopodobn\u0105 wersj\u0119 &#8211; bowiem <em>\u017cadne<\/em> fakty na to nie wskazuj\u0105<strong> &#8211; <\/strong>jakoby w lasku smole\u0144skim rozbi\u0142 si\u0119 samolot z polsk\u0105 prezydenck\u0105 delegacj\u0105 na pok\u0142adzie. Mo\u017ce trzeba poczeka\u0107 jeszcze ze 4 lata aby obudzi\u0107 ich &#8211; i wspieraj\u0105ce je media &#8211; my\u015blenie?<\/p>\r\n<\/blockquote>","protected":false},"excerpt":{"rendered":"W du\u0144skiej gazecie \u201eIngeni\u00c3\u00b8ren\u201d ukaza\u0142 si\u0119 artyku\u0142 prezentuj\u0105cy wyniki bada\u0144 in\u017c. Glenna J\u00c3\u00b8rgensena. Autor jednoznacznie stwierdza, \u017ce \u201ebrzoza nie mog\u0142a by\u0107 przyczyn\u0105 katastrofy polskiego samolotu z prezydentem na pok\u0142adzie, cztery lata temu, podczas l\u0105dowania w Rosji\u201d. In\u017c. Glenn J\u00c3\u00b8rgensen bra\u0142 udzia\u0142 w konferencjach, zwi\u0105zanych z tematyk\u0105 tej katastrofy, prowadzi\u0142 dyskusje z czo\u0142owymi polskimi ekspertami badaj\u0105cymi [&hellip;]","protected":false},"author":1,"featured_media":0,"comment_status":"closed","ping_status":"closed","sticky":false,"template":"","format":"standard","meta":{"_acf_changed":false,"_monsterinsights_skip_tracking":false,"_monsterinsights_sitenote_active":false,"_monsterinsights_sitenote_note":"","_monsterinsights_sitenote_category":0,"ngg_post_thumbnail":0,"footnotes":"","_wp_rev_ctl_limit":""},"categories":[139],"tags":[137],"acf":[],"_links":{"self":[{"href":"https:\/\/www.bibula.com\/index.php?rest_route=\/wp\/v2\/posts\/73516"}],"collection":[{"href":"https:\/\/www.bibula.com\/index.php?rest_route=\/wp\/v2\/posts"}],"about":[{"href":"https:\/\/www.bibula.com\/index.php?rest_route=\/wp\/v2\/types\/post"}],"author":[{"embeddable":true,"href":"https:\/\/www.bibula.com\/index.php?rest_route=\/wp\/v2\/users\/1"}],"replies":[{"embeddable":true,"href":"https:\/\/www.bibula.com\/index.php?rest_route=%2Fwp%2Fv2%2Fcomments&post=73516"}],"version-history":[{"count":0,"href":"https:\/\/www.bibula.com\/index.php?rest_route=\/wp\/v2\/posts\/73516\/revisions"}],"wp:attachment":[{"href":"https:\/\/www.bibula.com\/index.php?rest_route=%2Fwp%2Fv2%2Fmedia&parent=73516"}],"wp:term":[{"taxonomy":"category","embeddable":true,"href":"https:\/\/www.bibula.com\/index.php?rest_route=%2Fwp%2Fv2%2Fcategories&post=73516"},{"taxonomy":"post_tag","embeddable":true,"href":"https:\/\/www.bibula.com\/index.php?rest_route=%2Fwp%2Fv2%2Ftags&post=73516"}],"curies":[{"name":"wp","href":"https:\/\/api.w.org\/{rel}","templated":true}]}}