{"id":73348,"date":"2014-02-18T10:29:02","date_gmt":"2014-02-18T15:29:02","guid":{"rendered":"http:\/\/www.bibula.com\/?p=73348"},"modified":"2014-02-18T10:29:02","modified_gmt":"2014-02-18T15:29:02","slug":"prof-nowak-to-swiadczy-zle-o-panstwie","status":"publish","type":"post","link":"https:\/\/www.bibula.com\/?p=73348","title":{"rendered":"Prof. Nowak: to \u015bwiadczy \u017ale o pa\u0144stwie"},"content":{"rendered":"<p><strong><em>Rozmowa z prof. Andrzejem Nowakiem, historykiem z UJ.<\/em> <\/strong><\/p>\r\n<p><strong>Stefczyk.info: W zwi\u0105zku z obchodami Narodowego Dnia \u0179o\u0142nierzy Wykl\u0119tych w ca\u0142ym kraju maj\u0105 si\u0119 odby\u0107 kwesty na rzecz prac identyfikacyjnych ofiar stalinowskiego terroru. Jak wskazuje \u201eRzeczpospolita\u201d wci\u0105\u017c brakuje \u015brodk\u00f3w na te prace. Jak ocenia\u0107 fakt, \u017ce takie kwesty s\u0105 organizowane?<\/strong><\/p>\r\n<p><strong>Prof. Andrzej Nowak: <\/strong>Wydaj\u0119 mi si\u0119, \u017ce w organizowaniu spo\u0142ecznej akcji finansowego wsparcia dla przywracania pami\u0119ci o ofiarach zbrodni komunistycznych nie ma nic z\u0142ego. To jest spos\u00f3b na mobilizowanie \u015bwiadomo\u015bci narodowej, to pokazanie, \u017ce warto, \u017ce to jest nasza sprawa, a nie jaka\u015b obca, realizowana przez anonimowych urz\u0119dnik\u00f3w. To sygna\u0142, \u017ce nam na tym zale\u017cy, \u017ce na tym zale\u017cy konkretnym osobom, kt\u00f3re daj\u0105 pieni\u0105dze na ten cel.<\/p>\r\n<p><strong>Jednak to pa\u0144stwo powinno finansowa\u0107 takie prace.<\/strong><\/p>\r\n<p><span class=\"pullquote\"><!--  Jest w Polsce \u015brodowisko, kt\u00f3re na nienawi\u015bci do polsko\u015bci buduje swoj\u0105 to\u017csamo\u015b\u0107. To jest \u015brodowisko tych, kt\u00f3rzy s\u0142u\u017cyli Moskwie w latach 40. \u015arodowisko ich rodzin, wychowank\u00f3w --><\/span>Oczywi\u015bcie, ta sytuacja nie \u015bwiadczy dobrze o identyfikacji tego pa\u0144stwa, jakie w tej chwili mamy, z tradycjami walki o wolno\u015b\u0107, niepodleg\u0142o\u015b\u0107. Najwyra\u017aniej te tradycje nie s\u0105 wystarczaj\u0105co wa\u017cne dla tego pa\u0144stwa, by ten elementarny obowi\u0105zek uhonorowania bohater\u00f3w walki, przywr\u00f3cenia ich grobom i doczesnym szcz\u0105tkom nale\u017cnej czci by\u0142 finansowany ze \u015brodk\u00f3w publicznych, czyli z naszych podatk\u00f3w, kt\u00f3re tak czy inaczej dajemy pa\u0144stwu. To jest z\u0142a strona tej sytuacji. To pokazuje z\u0142y stan obecnego pa\u0144stwa.<\/p>\r\n<p><strong>Dlaczego prace identyfikacyjne budz\u0105 taki op\u00f3r? Wiele os\u00f3b mo\u017ce dziwi\u0107 fakt, \u017ce bohaterowie walcz\u0105cy o woln\u0105 Polsk\u0119 przed dekadami wci\u0105\u017c s\u0105 jako\u015b niewygodni.<\/strong><\/p>\r\n<p>Mnie to nie dziwi, mi to nie trudno zrozumie\u0107. Gdy widz\u0119, \u017ce po raz kolejny farb\u0105 zosta\u0142 oblany pomnik p\u0142k. Ryszarda Kukli\u0144skiego, kiedy widz\u0119, z jak\u0105 dawk\u0105 nienawi\u015bci i jadu spotyka si\u0119 w internecie ka\u017cda wzmianka dotycz\u0105ca patriotyzmu polskiego, tradycji niepodleg\u0142o\u015bciowych, to wiem, \u017ce jest w Polsce \u015brodowisko &#8211; chyba nie ma\u0142o liczne, kt\u00f3re na nienawi\u015bci do polsko\u015bci, wolno\u015bci, niepodleg\u0142o\u015bci buduje swoj\u0105 to\u017csamo\u015b\u0107.<\/p>\r\n<p><strong>Co to za \u015brodowisko?<\/strong><\/p>\r\n<p>To jest \u015brodowisko tych, kt\u00f3rzy s\u0142u\u017cyli Moskwie w latach 40., dla kt\u00f3rych Moskwa zdoby\u0142a pozycje sowieckich namiestnik\u00f3w, pozycj\u0119 kolaborant\u00f3w moskiewskiego re\u017cimu, dokonuj\u0105cego masowych zbrodni na narodzie polskim. Przypomnienie walki z tym re\u017cimem, przypomnienie walki o wolno\u015b\u0107 jest po prostu oskar\u017ceniem wobec roli, jak\u0105 pe\u0142nili \u017co\u0142nierze KBW, a przede wszystkim ich zwierzchnicy, jak mjr Bauman, prokuratorzy stalinowscy, wszyscy, kt\u00f3rzy przyczyniali si\u0119 do mordowania ludzi walcz\u0105cych o wolno\u015b\u0107. To jest r\u00f3wnie\u017c \u015brodowisko urz\u0119dniczego aparatu stalinowskiej Polski, kt\u00f3re ma swoich wci\u0105\u017c \u017cyj\u0105cych reprezentant\u00f3w, a przede wszystkim swoich dziedzic\u00f3w, kontynuator\u00f3w.<\/p>\r\n<p><strong>M\u00f3wi pan o nast\u0119pnych pokoleniach? Czy o wychowankach?<\/strong><\/p>\r\n<p>Tradycji rodzinnych lekcewa\u017cy\u0107 nie mo\u017cna, cho\u0107 nale\u017cy pami\u0119ta\u0107, \u017ce i przeciwko nim mo\u017cna si\u0119 zbuntowa\u0107. Wiemy jednak, \u017ce cz\u0119sto wi\u0119zy rodzinne maj\u0105 znaczenie. Gdy wychowuje si\u0119 dzieci w poczuciu nienawi\u015bci do polsko\u015bci, polskiego patriotyzmu, wolno\u015bci, to przynosi cz\u0119ste rezultaty w postaci kontynuacji tego zbioru antywarto\u015bci. To jest zjawisko, z kt\u00f3rym spotykamy si\u0119 wsp\u00f3\u0142cze\u015bnie.<\/p>\r\n<p><strong><em>Rozmawia\u0142 Stanis\u0142aw \u0179aryn<\/em><\/strong><\/p>\r\n","protected":false},"excerpt":{"rendered":"Rozmowa z prof. Andrzejem Nowakiem, historykiem z UJ. Stefczyk.info: W zwi\u0105zku z obchodami Narodowego Dnia \u0179o\u0142nierzy Wykl\u0119tych w ca\u0142ym kraju maj\u0105 si\u0119 odby\u0107 kwesty na rzecz prac identyfikacyjnych ofiar stalinowskiego terroru. Jak wskazuje \u201eRzeczpospolita\u201d wci\u0105\u017c brakuje \u015brodk\u00f3w na te prace. Jak ocenia\u0107 fakt, \u017ce takie kwesty s\u0105 organizowane? Prof. Andrzej Nowak: Wydaj\u0119 mi si\u0119, \u017ce [&hellip;]","protected":false},"author":1,"featured_media":0,"comment_status":"closed","ping_status":"closed","sticky":false,"template":"","format":"standard","meta":{"_acf_changed":false,"_monsterinsights_skip_tracking":false,"ngg_post_thumbnail":0,"footnotes":"","_wp_rev_ctl_limit":""},"categories":[8],"tags":[66,92],"acf":[],"_links":{"self":[{"href":"https:\/\/www.bibula.com\/index.php?rest_route=\/wp\/v2\/posts\/73348"}],"collection":[{"href":"https:\/\/www.bibula.com\/index.php?rest_route=\/wp\/v2\/posts"}],"about":[{"href":"https:\/\/www.bibula.com\/index.php?rest_route=\/wp\/v2\/types\/post"}],"author":[{"embeddable":true,"href":"https:\/\/www.bibula.com\/index.php?rest_route=\/wp\/v2\/users\/1"}],"replies":[{"embeddable":true,"href":"https:\/\/www.bibula.com\/index.php?rest_route=%2Fwp%2Fv2%2Fcomments&post=73348"}],"version-history":[{"count":0,"href":"https:\/\/www.bibula.com\/index.php?rest_route=\/wp\/v2\/posts\/73348\/revisions"}],"wp:attachment":[{"href":"https:\/\/www.bibula.com\/index.php?rest_route=%2Fwp%2Fv2%2Fmedia&parent=73348"}],"wp:term":[{"taxonomy":"category","embeddable":true,"href":"https:\/\/www.bibula.com\/index.php?rest_route=%2Fwp%2Fv2%2Fcategories&post=73348"},{"taxonomy":"post_tag","embeddable":true,"href":"https:\/\/www.bibula.com\/index.php?rest_route=%2Fwp%2Fv2%2Ftags&post=73348"}],"curies":[{"name":"wp","href":"https:\/\/api.w.org\/{rel}","templated":true}]}}