{"id":73280,"date":"2014-02-12T15:04:52","date_gmt":"2014-02-12T20:04:52","guid":{"rendered":"http:\/\/www.bibula.com\/?p=73280"},"modified":"2014-02-12T15:04:52","modified_gmt":"2014-02-12T20:04:52","slug":"sarajewo-biskup-ostrzega-przed-najgorszym-i-apeluje-do-wspolnoty-miedzynarodowej-o-pomoc","status":"publish","type":"post","link":"https:\/\/www.bibula.com\/?p=73280","title":{"rendered":"Sarajewo: biskup ostrzega przed najgorszym i apeluje do wsp\u00f3lnoty mi\u0119dzynarodowej o pomoc"},"content":{"rendered":"<p><strong>Bo\u015bni\u0105 i Hercegowin\u0105 nie da si\u0119 normalnie rz\u0105dzi\u0107, nawet gdyby\u015bmy mieli dobrych i uczciwych polityk\u00f3w &#8211; uwa\u017ca biskup pomocniczy Sarajewa Pero Sudar. Nawi\u0105zuj\u0105c do trwaj\u0105cych w kraju zamieszek, ostrzega on, \u017ce sytuacja jest bardzo napi\u0119ta. \u201eNa szcz\u0119\u015bcie nie jeste\u015bmy ju\u017c w stanie wywo\u0142a\u0107 wojny, ale mo\u017ce si\u0119 sta\u0107 najgorsze\u201d &#8211; powiedzia\u0142 Radiu Watyka\u0144skiemu bp Sudar. W jego przekonaniu niezb\u0119dna jest inicjatywa wsp\u00f3lnoty mi\u0119dzynarodowej, bo to ona ponosi odpowiedzialno\u015b\u0107 za kszta\u0142t porozumie\u0144 pokojowych z Dayton.<\/strong><\/p>\r\n<p>\u201eNapi\u0119cia trwaj\u0105 od 20 lat. To chore, powa\u017cnie zranione przez wojn\u0119 pa\u0144stwo otrzyma\u0142o chybion\u0105 terapi\u0119 w Dayton i od tamtej pory stale s\u0142abnie. Pierwsze tego przejawy mo\u017cna by\u0142o zobaczy\u0107 w gospodarce. Zamkni\u0119to wiele przedsi\u0119biorstw. Ludzie pozostali bez pracy. A ci, kt\u00f3rzy pracuj\u0105, nie otrzymuj\u0105 wynagrodzenia. Sytuacja jest bardzo z\u0142o\u017cona. Wida\u0107, \u017ce pa\u0144stwo sobie z ni\u0105 nie radzi. Oczekujemy, \u017ce wsp\u00f3lnota mi\u0119dzynarodowa, na czele ze Stanami Zjednoczonymi, naprawi t\u0119 niesprawiedliwo\u015b\u0107, kt\u00f3r\u0105 narzucono nam w Dayton, czyli podzia\u0142 kraju na dwa pa\u0144stwa. Tylko Unia Europejska, dobrze przemy\u015blanymi krokami, mo\u017ce nam pom\u00f3c i nakre\u015bli\u0107 pozytywn\u0105 perspektyw\u0119 przed mieszka\u0144cami Bo\u015bni i Hercegowiny. Tego pragniemy, ale nie wiem, czy mo\u017cemy mie\u0107 na to nadziej\u0119\u201d &#8211; powiedzia\u0142 bp Sudar.<\/p>\r\n<p>kb\/ rv<\/p>","protected":false},"excerpt":{"rendered":"Bo\u015bni\u0105 i Hercegowin\u0105 nie da si\u0119 normalnie rz\u0105dzi\u0107, nawet gdyby\u015bmy mieli dobrych i uczciwych polityk\u00f3w &#8211; uwa\u017ca biskup pomocniczy Sarajewa Pero Sudar. Nawi\u0105zuj\u0105c do trwaj\u0105cych w kraju zamieszek, ostrzega on, \u017ce sytuacja jest bardzo napi\u0119ta. \u201eNa szcz\u0119\u015bcie nie jeste\u015bmy ju\u017c w stanie wywo\u0142a\u0107 wojny, ale mo\u017ce si\u0119 sta\u0107 najgorsze\u201d &#8211; powiedzia\u0142 Radiu Watyka\u0144skiemu bp Sudar. [&hellip;]","protected":false},"author":1,"featured_media":0,"comment_status":"closed","ping_status":"closed","sticky":false,"template":"","format":"standard","meta":{"_acf_changed":false,"_monsterinsights_skip_tracking":false,"_monsterinsights_sitenote_active":false,"_monsterinsights_sitenote_note":"","_monsterinsights_sitenote_category":0,"ngg_post_thumbnail":0,"footnotes":"","_wp_rev_ctl_limit":""},"categories":[6],"tags":[70,285],"acf":[],"_links":{"self":[{"href":"https:\/\/www.bibula.com\/index.php?rest_route=\/wp\/v2\/posts\/73280"}],"collection":[{"href":"https:\/\/www.bibula.com\/index.php?rest_route=\/wp\/v2\/posts"}],"about":[{"href":"https:\/\/www.bibula.com\/index.php?rest_route=\/wp\/v2\/types\/post"}],"author":[{"embeddable":true,"href":"https:\/\/www.bibula.com\/index.php?rest_route=\/wp\/v2\/users\/1"}],"replies":[{"embeddable":true,"href":"https:\/\/www.bibula.com\/index.php?rest_route=%2Fwp%2Fv2%2Fcomments&post=73280"}],"version-history":[{"count":0,"href":"https:\/\/www.bibula.com\/index.php?rest_route=\/wp\/v2\/posts\/73280\/revisions"}],"wp:attachment":[{"href":"https:\/\/www.bibula.com\/index.php?rest_route=%2Fwp%2Fv2%2Fmedia&parent=73280"}],"wp:term":[{"taxonomy":"category","embeddable":true,"href":"https:\/\/www.bibula.com\/index.php?rest_route=%2Fwp%2Fv2%2Fcategories&post=73280"},{"taxonomy":"post_tag","embeddable":true,"href":"https:\/\/www.bibula.com\/index.php?rest_route=%2Fwp%2Fv2%2Ftags&post=73280"}],"curies":[{"name":"wp","href":"https:\/\/api.w.org\/{rel}","templated":true}]}}