{"id":73276,"date":"2014-02-12T14:50:17","date_gmt":"2014-02-12T19:50:17","guid":{"rendered":"http:\/\/www.bibula.com\/?p=73276"},"modified":"2014-02-12T14:50:17","modified_gmt":"2014-02-12T19:50:17","slug":"trwaja-watykansko-izraelskie-negocjacje-nad-porozumieniem-w-sprawach-majatkowych-kosciola-w-izraelu","status":"publish","type":"post","link":"https:\/\/www.bibula.com\/?p=73276","title":{"rendered":"Trwaj\u0105 watyka\u0144sko-izraelskie negocjacje nad porozumieniem w sprawach maj\u0105tkowych Ko\u015bcio\u0142a w Izraelu"},"content":{"rendered":"<p><strong>Kwestie, kt\u00f3re pozosta\u0142y jeszcze do uzgodnienia w negocjacjach przygotowuj\u0105cych nowy wsp\u00f3lny dokumentem watyka\u0144sko-izraelski, s\u0105 ju\u017c \u201enieliczne\u201d. Takim s\u0142owem okre\u015blono je w komunikacie z sesji plenarnej Sta\u0142ej Dwustronnej Komisji Roboczej mi\u0119dzy Stolic\u0105 Apostolsk\u0105 a Izraelem. Odby\u0142o si\u0119 ono wczoraj w jednym z jerozolimskich hoteli. Spotkaniu przewodniczyli izraelski wiceminister spraw zagranicznych Ze\u2019ev Elkin i watyka\u0144ski podsekretarz ds. relacji z pa\u0144stwami, ks. Antoine Camilleri.<\/strong><\/p>\r\n<p>Komunikat informuje, \u017ce celem wczorajszego spotkania by\u0142y dalsze negocjacje w oparciu o art. 10 Porozumienia Podstawowego, kt\u00f3re Stolica Apostolska podpisa\u0142a z pa\u0144stwem izraelskim pod koniec 1993 r. Wspomniany artyku\u0142 dotyczy praw Ko\u015bcio\u0142a katolickiego do posiadania w\u0142asno\u015bci w Izraelu. Przewiduje, \u017ce szczeg\u00f3\u0142owe kwestie w\u0142asno\u015bciowe zostan\u0105 uj\u0119te w osobnym dokumencie, uzgodnionym przez Sta\u0142\u0105 Komisj\u0119 Dwustronn\u0105 przy pomocy podkomisji ekspert\u00f3w.<\/p>\r\n<p>Negocjacje te trwaj\u0105 ju\u017c od 20 lat. Jak podaje wczorajszy komunikat, obie strony \u201eodnotowa\u0142y w refleksyjnej, konstruktywnej atmosferze post\u0119py, jakie zosta\u0142y poczynione od czasu poprzedniej sesji plenarnej\u201d, kt\u00f3ra odby\u0142a si\u0119 w czerwcu ub. r. Ustali\u0142y te\u017c dalsze kroki, jakie nale\u017cy podj\u0105\u0107 z my\u015bl\u0105 o nast\u0119pnej sesji plenarnej. Planuje si\u0119 j\u0105 w czerwcu tego roku w Watykanie.<\/p>\r\n<p>ak\/ rv<\/p>","protected":false},"excerpt":{"rendered":"Kwestie, kt\u00f3re pozosta\u0142y jeszcze do uzgodnienia w negocjacjach przygotowuj\u0105cych nowy wsp\u00f3lny dokumentem watyka\u0144sko-izraelski, s\u0105 ju\u017c \u201enieliczne\u201d. Takim s\u0142owem okre\u015blono je w komunikacie z sesji plenarnej Sta\u0142ej Dwustronnej Komisji Roboczej mi\u0119dzy Stolic\u0105 Apostolsk\u0105 a Izraelem. Odby\u0142o si\u0119 ono wczoraj w jednym z jerozolimskich hoteli. Spotkaniu przewodniczyli izraelski wiceminister spraw zagranicznych Ze\u2019ev Elkin i watyka\u0144ski podsekretarz ds. [&hellip;]","protected":false},"author":1,"featured_media":0,"comment_status":"closed","ping_status":"closed","sticky":false,"template":"","format":"standard","meta":{"_acf_changed":false,"_monsterinsights_skip_tracking":false,"_monsterinsights_sitenote_active":false,"_monsterinsights_sitenote_note":"","_monsterinsights_sitenote_category":0,"ngg_post_thumbnail":0,"footnotes":"","_wp_rev_ctl_limit":""},"categories":[3],"tags":[61,41],"acf":[],"_links":{"self":[{"href":"https:\/\/www.bibula.com\/index.php?rest_route=\/wp\/v2\/posts\/73276"}],"collection":[{"href":"https:\/\/www.bibula.com\/index.php?rest_route=\/wp\/v2\/posts"}],"about":[{"href":"https:\/\/www.bibula.com\/index.php?rest_route=\/wp\/v2\/types\/post"}],"author":[{"embeddable":true,"href":"https:\/\/www.bibula.com\/index.php?rest_route=\/wp\/v2\/users\/1"}],"replies":[{"embeddable":true,"href":"https:\/\/www.bibula.com\/index.php?rest_route=%2Fwp%2Fv2%2Fcomments&post=73276"}],"version-history":[{"count":0,"href":"https:\/\/www.bibula.com\/index.php?rest_route=\/wp\/v2\/posts\/73276\/revisions"}],"wp:attachment":[{"href":"https:\/\/www.bibula.com\/index.php?rest_route=%2Fwp%2Fv2%2Fmedia&parent=73276"}],"wp:term":[{"taxonomy":"category","embeddable":true,"href":"https:\/\/www.bibula.com\/index.php?rest_route=%2Fwp%2Fv2%2Fcategories&post=73276"},{"taxonomy":"post_tag","embeddable":true,"href":"https:\/\/www.bibula.com\/index.php?rest_route=%2Fwp%2Fv2%2Ftags&post=73276"}],"curies":[{"name":"wp","href":"https:\/\/api.w.org\/{rel}","templated":true}]}}