{"id":73268,"date":"2014-02-11T12:10:14","date_gmt":"2014-02-11T17:10:14","guid":{"rendered":"http:\/\/www.bibula.com\/?p=73268"},"modified":"2014-02-11T12:10:14","modified_gmt":"2014-02-11T17:10:14","slug":"wiedenska-agencja-wskazuje-cel","status":"publish","type":"post","link":"https:\/\/www.bibula.com\/?p=73268","title":{"rendered":"Wiede\u0144ska Agencja wskazuje cel"},"content":{"rendered":"<p><strong><em>&#8211; W \u015brodowiskach \u017cydowskich, a tak\u017ce w\u015br\u00f3d ormowc\u00f3w politycznej poprawno\u015bci, antysemityzm jest nagminnie mylony ze spostrzegawczo\u015bci\u0105 &#8211; pisze Stanis\u0142aw Michalkiewicz w swoim najnowszym felietonie w &#8222;Naszej Polsce&#8221;.<\/em> <\/strong><\/p>\r\n<p><strong>W<\/strong>prawdzie ju\u017c ucich\u0142y echa burzy w szklance wody, jaka si\u0119 rozp\u0119ta\u0142a po napisaniu przeze mnie o \u201echwilowo nieczynnym obozie zag\u0142ady w O\u015bwi\u0119cimiu\u201d, ale dzi\u0119ki \u017cyczliwo\u015bci Czytelnik\u00f3w dopiero teraz zapozna\u0142em si\u0119 z publikacj\u0105 pani Agnieszki Stelmach, kt\u00f3ra na portalu PCh24.pl opublikowa\u0142a artyku\u0142 zatytu\u0142owany \u201e\u017bydzi z optymizmem patrz\u0105 na Polsk\u0119\u201d. Autorka przytacza wyniki bada\u0144 przeprowadzonych w 2012 r. na grupie 5847 \u017byd\u00f3w w wieku powy\u017cej lat 16. Ot\u00f3\u017c 66 proc. indagowanych uwa\u017ca, \u017ce antysemityzm jest \u201epowa\u017cnym problemem\u201d. Do tego stopnia, \u017ce z niekt\u00f3rych kraj\u00f3w, takich jak Francja, bardzo wielu \u017byd\u00f3w ch\u0119tnie by gdzie\u015b wyemigrowa\u0142o, ale &#8211; po pierwsze &#8211; nie bardzo wiadomo gdzie, bo wsz\u0119dzie jest podobnie, a po drugie &#8211; najwi\u0119kszym problemem jest antysemityzm w sieci, a na to \u017cadna emigracja nie pomo\u017ce. \u017bydowscy komentatorzy przytaczaj\u0105 nawet najbardziej skandaliczne antysemickie komentarz z sieci, np. \u017ce \u201e\u017bydzi maj\u0105 zbyt wiele w\u0142adzy w gospodarce, polityce i mediach\u201d albo \u017ce \u201ewykorzystuj\u0105 bycie ofiar\u0105 holokaustu dla w\u0142asnych cel\u00f3w\u201d. Przyk\u0142ady te utwierdzaj\u0105 mnie w przekonaniu, \u017ce w \u015brodowiskach \u017cydowskich, a tak\u017ce w\u015br\u00f3d ormowc\u00f3w politycznej poprawno\u015bci, antysemityzm jest nagminnie mylony ze spostrzegawczo\u015bci\u0105. Mo\u017cliwe, \u017ce z punktu widzenia \u017cydowskich interes\u00f3w by\u0142oby znacznie lepiej, gdyby ludzie nie byli nadmiernie spostrzegawczy, ale czy aby na pewno mo\u017cna od nich tego \u017c\u0105da\u0107?<\/p>\r\n<p>Dotychczas jeszcze nikt tego wyra\u017anie nie potwierdzi\u0142, ale przecie\u017c kiedy\u015b musi by\u0107 ten pierwszy raz &#8211; a skoro musi, no to w\u0142a\u015bnie si\u0119 zdarzy\u0142. Oto wiede\u0144ska Agencja Praw Podstawowych &#8211; paneuropejskie gestapo, utworzone w celu monitorowania mniej warto\u015bciowych europejskich narod\u00f3w, czy si\u0119 przypadkiem nie bisurmani\u0105 w spos\u00f3b nie zatwierdzony przez starszych i m\u0105drzejszych &#8211; poruszona wynikami wspomnianych bada\u0144 wysun\u0119\u0142a pomys\u0142, by pa\u0144stwa cz\u0142onkowskie UE \u201erozszerzy\u0142y podstaw\u0119 prawn\u0105 do \u015bcigania przest\u0119pstw z nienawi\u015bci i przest\u0119pstw pope\u0142nionych z pobudek antysemickich w Internecie\u201d oraz by powo\u0142a\u0142y \u201especjalne jednostki policji, kt\u00f3re by monitorowa\u0142y i \u015bciga\u0142y przest\u0119pstwa z nienawi\u015bci w sieci\u201d, no i oczywi\u015bcie by \u201ewprowadzi\u0107 \u015brodki w celu zach\u0119cenia u\u017cytkownik\u00f3w do zg\u0142aszania na policj\u0119 wszelkich antysemickich tre\u015bci\u201d. A co to s\u0105 \u201eantysemickie tre\u015bci\u201d? Ot\u00f3\u017c jeszcze gdy wiede\u0144ska Agencja praw Podstawowych nazywa\u0142a si\u0119 Europejskim Centrum Monitorowania Rasizmu i Ksenofobii, to znaczy w 2005 r., przygotowa\u0142a now\u0105 definicj\u0119 antysemityzmu, kt\u00f3r\u0105 gazeta \u201eThe Jewish Daily Forward\u201d nazywa \u201erobocz\u0105\u201d. Ta \u201erobocza\u201d definicja obejmuje r\u00f3wnie\u017c wszelk\u0105 krytyk\u0119 Izraela.<\/p>\r\n<p>Skoro Agencja Praw Podstawowych sugeruje nie tylko wspomniane \u201erozszerzenie\u201d, nie tylko powo\u0142anie specjalnych formacji policyjnych do tropienia i zwalczania antysemitnik\u00f3w, ale r\u00f3wnie\u017c wydzielenie \u015brodk\u00f3w gwoli zach\u0119cenia donosicieli do donoszenia, to nie ulega w\u0105tpliwo\u015bci, \u017ce wszystkie te przedsi\u0119wzi\u0119cia musz\u0105 przynie\u015b\u0107 oczekiwane rezultaty &#8211; mo\u017ce nie tyle w postaci z\u0142agodzenia nastroj\u00f3w uznawanych za \u201eantysemickie\u201d &#8211; bo, jak wiadomo, ka\u017cda akcja budzi reakcj\u0119 &#8211; ale z pewno\u015bci\u0105 w postaci rosn\u0105cej gwa\u0142townie liczby skaza\u0144c\u00f3w. Przecie\u017c postulowanej operacji prze\u015bladowczej trzeba b\u0119dzie nada\u0107 jakie\u015b pozory praworz\u0105dno\u015bci, a skoro tak, to bez niezawis\u0142ych s\u0105d\u00f3w si\u0119 nie obejdzie. Z t\u0105 gwa\u0142townie rosn\u0105c\u0105 liczb\u0105 skaza\u0144c\u00f3w &#8211; a w skali Europy mog\u0105 to by\u0107 dziesi\u0105tki, a mo\u017ce nawet setki tysi\u0119cy &#8211; trzeba b\u0119dzie co\u015b przecie\u017c zrobi\u0107, w jakim\u015b miejscu ich izolowa\u0107. Dotychczasowy system penitencjarny mo\u017ce takiej fali nie wch\u0142on\u0105\u0107, a w tej sytuacji trzeba b\u0119dzie zastanowi\u0107 si\u0119 nad jakim\u015b alternatywnym rozwi\u0105zaniem. Takim rozwi\u0105zaniem mog\u0142yby by\u0107 obozy koncentracyjne, kt\u00f3rych rozmiary powinny uwzgl\u0119dnia\u0107 wzrost liczby skazanych za antysemityzm r\u00f3wnie\u017c wskutek pojawienia si\u0119 wspomnianej reakcji na energiczn\u0105 akcj\u0119 delatorsk\u0105, policyjn\u0105 i s\u0105dow\u0105. W sytuacji, gdy Europa znajduje si\u0119 w kryzysie finansowym i gospodarczym, rozpoczynanie urz\u0105dzania nowych oboz\u00f3w koncentracyjnych chyba nie by\u0142oby wskazane zw\u0142aszcza, gdy przy stosunkowo niewielkich nak\u0142adach mo\u017cna by doprowadzi\u0107 do stanu u\u017cywalno\u015bci infrastruktur\u0119 ju\u017c istniej\u0105c\u0105. \u015arodki na ten cel mo\u017cna by pozyskiwa\u0107 ze sprzeda\u017cy mienia skonfiskowanego osobom skazanym za antysemityzm wed\u0142ug nowej, \u201eroboczej\u201d definicji, a tak\u017ce z ich produktywizacji przy rozbudowywaniu wspomnianej infrastruktury sposobami \u201egospodarczymi\u201d. Je\u015bli w dodatku we\u017amiemy pod uwag\u0119 liczb\u0119 i aktywno\u015b\u0107 organizacji pozarz\u0105dowych oraz indywidualnych bojownik\u00f3w przeciwko rasizmowi, ksenofobii, homofobii i antysemityzmowi, to nie ulega najmniejszej w\u0105tpliwo\u015bci, \u017ce r\u00f3wnie\u017c nie by\u0142oby problemu ze skompletowaniem za\u0142\u00f3g, kt\u00f3re z pewno\u015bci\u0105 potrafi\u0142yby utrzyma\u0107 tam po\u017c\u0105dany poziom surowo\u015bci.<\/p>\r\n<p><em><strong>Stanis\u0142aw Michalkiewicz<\/strong><\/em><\/p>\r\n<p>Felieton ukaza\u0142 si\u0119 w najnowszym numerze tygodnika &#8222;Nasza Polska&#8221; Nr 7 (954) z 11 lutego 2014 r.<\/p>","protected":false},"excerpt":{"rendered":"&#8211; W \u015brodowiskach \u017cydowskich, a tak\u017ce w\u015br\u00f3d ormowc\u00f3w politycznej poprawno\u015bci, antysemityzm jest nagminnie mylony ze spostrzegawczo\u015bci\u0105 &#8211; pisze Stanis\u0142aw Michalkiewicz w swoim najnowszym felietonie w &#8222;Naszej Polsce&#8221;. Wprawdzie ju\u017c ucich\u0142y echa burzy w szklance wody, jaka si\u0119 rozp\u0119ta\u0142a po napisaniu przeze mnie o \u201echwilowo nieczynnym obozie zag\u0142ady w O\u015bwi\u0119cimiu\u201d, ale dzi\u0119ki \u017cyczliwo\u015bci Czytelnik\u00f3w dopiero teraz [&hellip;]","protected":false},"author":1,"featured_media":0,"comment_status":"closed","ping_status":"closed","sticky":false,"template":"","format":"standard","meta":{"_acf_changed":false,"_monsterinsights_skip_tracking":false,"ngg_post_thumbnail":0,"footnotes":"","_wp_rev_ctl_limit":""},"categories":[9],"tags":[48,65,16,155,22,53,18,34],"acf":[],"_links":{"self":[{"href":"https:\/\/www.bibula.com\/index.php?rest_route=\/wp\/v2\/posts\/73268"}],"collection":[{"href":"https:\/\/www.bibula.com\/index.php?rest_route=\/wp\/v2\/posts"}],"about":[{"href":"https:\/\/www.bibula.com\/index.php?rest_route=\/wp\/v2\/types\/post"}],"author":[{"embeddable":true,"href":"https:\/\/www.bibula.com\/index.php?rest_route=\/wp\/v2\/users\/1"}],"replies":[{"embeddable":true,"href":"https:\/\/www.bibula.com\/index.php?rest_route=%2Fwp%2Fv2%2Fcomments&post=73268"}],"version-history":[{"count":0,"href":"https:\/\/www.bibula.com\/index.php?rest_route=\/wp\/v2\/posts\/73268\/revisions"}],"wp:attachment":[{"href":"https:\/\/www.bibula.com\/index.php?rest_route=%2Fwp%2Fv2%2Fmedia&parent=73268"}],"wp:term":[{"taxonomy":"category","embeddable":true,"href":"https:\/\/www.bibula.com\/index.php?rest_route=%2Fwp%2Fv2%2Fcategories&post=73268"},{"taxonomy":"post_tag","embeddable":true,"href":"https:\/\/www.bibula.com\/index.php?rest_route=%2Fwp%2Fv2%2Ftags&post=73268"}],"curies":[{"name":"wp","href":"https:\/\/api.w.org\/{rel}","templated":true}]}}