{"id":73263,"date":"2014-02-11T12:06:37","date_gmt":"2014-02-11T17:06:37","guid":{"rendered":"http:\/\/www.bibula.com\/?p=73263"},"modified":"2020-09-19T17:47:05","modified_gmt":"2020-09-19T21:47:05","slug":"polacy-w-czolowce-najzdrowszych-cudzoziemcow-we-wloszech","status":"publish","type":"post","link":"https:\/\/www.bibula.com\/?p=73263","title":{"rendered":"Polacy w czo\u0142\u00f3wce najzdrowszych cudzoziemc\u00f3w we W\u0142oszech"},"content":{"rendered":"<p><strong>Polacy s\u0105 najzdrowsi w\u015br\u00f3d wszystkich cudzoziemc\u00f3w z kraj\u00f3w Unii Europejskiej mieszkaj\u0105cych we W\u0142oszech &#8211; takie wyniki sonda\u017cu opublikowano w raporcie Instytutu Statystycznego Istat. Ponad 88 procent Polak\u00f3w w Italii deklaruje, \u017ce cieszy si\u0119 dobrym zdrowiem.<\/strong><\/p>\r\n<div class=\"cut1\">[&#8230;] <span class=\"podpis_sz\">Ca\u0142y tekst dost\u0119pny w materiale \u017ar\u00f3d\u0142owym<\/span><\/div>\r\n<p>(PAP)<\/p>","protected":false},"excerpt":{"rendered":"Polacy s\u0105 najzdrowsi w\u015br\u00f3d wszystkich cudzoziemc\u00f3w z kraj\u00f3w Unii Europejskiej mieszkaj\u0105cych we W\u0142oszech &#8211; takie wyniki sonda\u017cu opublikowano w raporcie Instytutu Statystycznego Istat. Ponad 88 procent Polak\u00f3w w Italii deklaruje, \u017ce cieszy si\u0119 dobrym zdrowiem. [&#8230;] Ca\u0142y tekst dost\u0119pny w materiale \u017ar\u00f3d\u0142owym (PAP)","protected":false},"author":2,"featured_media":0,"comment_status":"closed","ping_status":"closed","sticky":false,"template":"","format":"standard","meta":{"_acf_changed":false,"_monsterinsights_skip_tracking":false,"_monsterinsights_sitenote_active":false,"_monsterinsights_sitenote_note":"","_monsterinsights_sitenote_category":0,"ngg_post_thumbnail":0,"footnotes":"","_wp_rev_ctl_limit":""},"categories":[129],"tags":[448,152,105,92,207],"acf":[],"_links":{"self":[{"href":"https:\/\/www.bibula.com\/index.php?rest_route=\/wp\/v2\/posts\/73263"}],"collection":[{"href":"https:\/\/www.bibula.com\/index.php?rest_route=\/wp\/v2\/posts"}],"about":[{"href":"https:\/\/www.bibula.com\/index.php?rest_route=\/wp\/v2\/types\/post"}],"author":[{"embeddable":true,"href":"https:\/\/www.bibula.com\/index.php?rest_route=\/wp\/v2\/users\/2"}],"replies":[{"embeddable":true,"href":"https:\/\/www.bibula.com\/index.php?rest_route=%2Fwp%2Fv2%2Fcomments&post=73263"}],"version-history":[{"count":3,"href":"https:\/\/www.bibula.com\/index.php?rest_route=\/wp\/v2\/posts\/73263\/revisions"}],"predecessor-version":[{"id":118222,"href":"https:\/\/www.bibula.com\/index.php?rest_route=\/wp\/v2\/posts\/73263\/revisions\/118222"}],"wp:attachment":[{"href":"https:\/\/www.bibula.com\/index.php?rest_route=%2Fwp%2Fv2%2Fmedia&parent=73263"}],"wp:term":[{"taxonomy":"category","embeddable":true,"href":"https:\/\/www.bibula.com\/index.php?rest_route=%2Fwp%2Fv2%2Fcategories&post=73263"},{"taxonomy":"post_tag","embeddable":true,"href":"https:\/\/www.bibula.com\/index.php?rest_route=%2Fwp%2Fv2%2Ftags&post=73263"}],"curies":[{"name":"wp","href":"https:\/\/api.w.org\/{rel}","templated":true}]}}