{"id":73168,"date":"2014-02-07T11:01:11","date_gmt":"2014-02-07T16:01:11","guid":{"rendered":"http:\/\/www.bibula.com\/?p=73168"},"modified":"2014-02-09T18:36:25","modified_gmt":"2014-02-09T23:36:25","slug":"stanowisko-portalu-kresy-pl-w-sprawie-manipulacji-dawida-wildsteina","status":"publish","type":"post","link":"https:\/\/www.bibula.com\/?p=73168","title":{"rendered":"Stanowisko portalu Kresy.pl w sprawie manipulacji Dawida Wildsteina"},"content":{"rendered":"<p><strong>Dziennikarz portalu Niezalezna.pl &#8211; Dawid Wildstein &#8211; w spos\u00f3b instrumentalny pos\u0142u\u017cy\u0142 si\u0119 Polakami mieszkaj\u0105cymi na dawnych Kresach przedrozbiorowej Rzeczypospolitej. Wildstein opublikowa\u0142 wypowiedzi trzech dzia\u0142aczy kresowych z Winnicy i P\u0142oskirowa, a nast\u0119pnie przedstawi\u0142 ich jako reprezentatywnych dla ca\u0142ej polskiej spo\u0142eczno\u015bci na Kresach.<\/strong><\/p>\r\n<p>Dzia\u0142anie Wildsteina jest tym samym dok\u0142adn\u0105 kopi\u0105 zachowa\u0144 dziennikarzy tzw. \u201eg\u0142\u00f3wnego nurtu\u201d, kt\u00f3rzy wielokrotnie instrumentalnie pos\u0142ugiwali si\u0119 wybranymi rodzinami smole\u0144skimi w celu zdezawuowania dzia\u0142a\u0144 Zespo\u0142u Parlamentarnego Antoniego Macierewicza i odebrania mu moralnej legitymacji do dalszych prac.<\/p>\r\n<p>Charakterystyczne, \u017ce osoby indagowane przez Wildsteina pochodzi\u0142y wy\u0142\u0105cznie z teren\u00f3w, na kt\u00f3rych UPA praktycznie nie dzia\u0142a\u0142a. Wildstein nie spyta\u0142 o zdanie nikogo z Polak\u00f3w mieszkaj\u0105cych na terenach dawnej II RP. Nale\u017cy zreszt\u0105 przypuszcza\u0107, \u017ce gdyby to zrobi\u0142 i tak dobra\u0142by respondent\u00f3w odpowiednich do za\u0142o\u017conej przez siebie tezy. W spisanym przez siebie wywiadzie Wildstein zasugerowa\u0142 r\u00f3wnie\u017c czytelnikom, jakoby portal KRESY.PL utrzymywa\u0142, \u017ce jest \u201eg\u0142osem\u201d Polak\u00f3w mieszkaj\u0105cych na Kresach, zasugerowa\u0142 tak\u017ce, \u017ce KRESY.PL nawo\u0142uj\u0105 do niepopierania Majdanu w obawie o los Polak\u00f3w na Wschodzie. Niniejszym o\u015bwiadczamy, \u017ce s\u0105 to jedynie bezpodstawne insynuacje, maj\u0105ce przedstawi\u0107 nas jako medium nieuczciwe, pragn\u0105ce uchodzi\u0107 za co\u015b, czym w rzeczywisto\u015bci nie jest.<\/p>\r\n<p>Nigdy nie pretendowali\u015bmy do bycia czyimkolwiek \u201eg\u0142osem\u201d, a je\u015bli ju\u017c mieliby\u015bmy nim by\u0107, by\u0142by to \u201eg\u0142os\u201d wy\u0142\u0105cznie os\u00f3b podzielaj\u0105cych lini\u0119 redakcji.<\/p>\r\n<p>Nigdy te\u017c nie opowiedzieli\u015bmy si\u0119 po \u017cadnej ze stron politycznego sporu na Ukrainie, dlatego nie mogli\u015bmy pos\u0142ugiwa\u0107 si\u0119 argumentami, o kt\u00f3rych u\u017cywanie oskar\u017ca nas Wildstein.<\/p>\r\n<p><strong>Protestowali\u015bmy i b\u0119dziemy protestowa\u0107 przeciwko \u015blepemu, bezwarunkowemu popieraniu Majdanu.<\/strong><\/p>\r\n<p><strong>Protestowali\u015bmy, protestujemy i b\u0119dziemy protestowa\u0107 przeciwko relatywizowaniu wsp\u00f3\u0142czesnego odrodzenia banderowskiego na Ukrainie,<\/strong> nie w obawie przed powt\u00f3rk\u0105 ludob\u00f3jstwa, ale ze wzgl\u0119du na to, \u017ce ofiarom Wo\u0142ynia nale\u017cy si\u0119 pami\u0119\u0107 i solidarno\u015b\u0107 nie tylko ze strony ich rodzin, na co lito\u015bciwie si\u0119 dzi\u015b pozwala, ale ze strony wszystkich, kt\u00f3rzy uwa\u017caj\u0105 si\u0119 za Polak\u00f3w, gdy\u017c zmarli zostali zabici w\u0142a\u015bnie ze wzgl\u0119du na swoj\u0105 narodowo\u015b\u0107.<\/p>\r\n<p>Z tego te\u017c powodu protestujemy r\u00f3wnie\u017c przeciwko m\u00f3wieniu o \u201eprzyja\u017ani\u201d polsko-ukrai\u0144skiej. Taka przyja\u017a\u0144 ma prawo dzi\u015b istnie\u0107 wy\u0142\u0105cznie pomi\u0119dzy prywatnymi osobami. Cz\u0142onkowie redakcji portalu KRESY.PL sami maj\u0105 wielu przyjaci\u00f3\u0142 i znajomych w\u015br\u00f3d ludzi, dla kt\u00f3rych Bandera i Szuchewycz s\u0105 bohaterami, jednak w obecnym stanie naszych relacji m\u00f3wienie o przyja\u017ani polsko-ukrai\u0144skiej, a wi\u0119c o przyja\u017ani pomi\u0119dzy dwoma narodami, jest jednocze\u015bnie absurdem i niegodziwo\u015bci\u0105.<\/p>\r\n<p>Protestujemy przeciwko zamienianiu polityki zagranicznej w igrzyska &#8211; przeciwko emocjonalnie zaanga\u017cowanym materia\u0142om dziennikarskim, artyku\u0142om prasowym i internetowym, audycjom radiowym, programom i d\u017cinglom telewizyjnym, maj\u0105cym mobilizowa\u0107 emocje Polak\u00f3w po jednej ze stron politycznego sporu na Ukrainie.<\/p>\r\n<p>Protestujemy w ko\u0144cu przeciwko nieodpowiedzialnym pr\u00f3bom budowania polityki zagranicznej na emocjach.<\/p>\r\n<p><strong><em>Redakcja portalu KRESY.PL<\/em><\/strong><\/p>\r\n<p class=\"zrodlo\">Za: <a href=\"http:\/\/www.kresy.pl\/publicystyka,opinie?zobacz\/stanowisko-portalu-kresypl-w-sprawie-manipulacji-dawida-wildsteina&amp;utm_source=rss&amp;utm_campaign=rss&amp;utm_reader=feedly\">Kresy.pl (07 lutego 2014)<\/a><\/p>\r\n<blockquote>\r\n<h2>Dawida Wildsteina gra Kresowianami<\/h2>\r\n<p><strong>Pod pozorem troski o Polak\u00f3w na Ukrainie uaktywni\u0142 si\u0119 jeden z tych, kt\u00f3rzy przez ca\u0142\u0105 swoj\u0105 dziennikarsk\u0105 \u015bcie\u017ck\u0119 nigdy nie napisali \u017cadnego tekstu po\u015bwi\u0119conego Polakom na Kresach. A\u017c do czasu czwartego tygodnia trwania Majdanu w Kijowie.*<\/strong><\/p>\r\n<p>Dawid Wildstein, bo o t\u0119 posta\u0107 chodzi, postanowi\u0142 pod przymusem wydarze\u0144 i naciskiem opinii publicznej, zniesmaczonej bezrefleksyjnym popieraniem antyrz\u0105dowych wyst\u0105pie\u0144 przez polski establishment, zaj\u0105\u0107 si\u0119 z doskoku kresowymi Polakami. Spos\u00f3b, w jaki to zrobi\u0142, uwydatnia, \u017ce tematyka, za kt\u00f3r\u0105 si\u0119 zabra\u0142, \u00a0jest dla niego \u015bwie\u017ca. By\u0142a to te\u017c okazja do sprzeniewierzenia si\u0119 etosowi dziennikarza, kt\u00f3rej to okazji Dawid Wildstein nie zmarnowa\u0142.<\/p>\r\n<p>W tek\u015bcie przygotowanym przez Wildsteina przewijaj\u0105 si\u0119 wypowiedzi dzia\u0142aczy organizacji polskich z Winnicy oraz P\u0142oskirowa (obecny Chmielnicki). Rzut oka na map\u0119 wskazuje, \u017ce miasta te nie znalaz\u0142y si\u0119 w granicach II Rzeczypospolitej, wcze\u015bniej znajdowa\u0142y si\u0119 w zaborze rosyjskim. Co to oznacza? Oznacza to tyle, \u017ce nacjonalizm ukrai\u0144ski nie mia\u0142 tam racji bytu. Ten rozwin\u0105\u0142 si\u0119 przede wszystkim na obecnej Ukrainie zachodniej &#8211; i to te\u017c nieca\u0142ej, bo wy\u0142\u0105cznie w tej jej cz\u0119\u015bci, kt\u00f3ra wchodzi\u0142a w sk\u0142ad II Rzeczypospolitej, a wi\u0119c bez Zakarpacia (Czechos\u0142owacja \/ W\u0119gry od 1938) i Bukowiny (Rumunia do 1940). \u00a0To w\u0142a\u015bnie na terenach II RP mieli\u015bmy do czynienia z bestialskimi rzeziami, czyli na terenie pa\u0144stwa, kt\u00f3re stwarza\u0142o Ukrai\u0144com najlepsze warunki rozwoju. \u00a0Dzia\u0142alno\u015b\u0107 OUN-UPA na terenach pod administracj\u0105 sowieck\u0105 w\u0142a\u015bciwie nie mia\u0142a miejsca, cho\u0107 to ZSRS by\u0142 \u015bmiertelnym wrogiem narodu ukrai\u0144skiego, a nie Polska.<\/p>\r\n<p>Wynika z tego, \u017ce z powod\u00f3w historycznych problemy banderyzmu i nastroj\u00f3w antypolskich nie dotykaj\u0105 Polak\u00f3w zamieszka\u0142ych na przedwojennym terytorium Ukrai\u0144skiej Socjalistycznej Republiki Sowieckiej.\u00a0 Gdyby Wildstein zapyta\u0142 w takim samym tonie o pami\u0119\u0107 na temat Operacji Polskiej NKWD z 1937 roku, szczeg\u00f3lnie starszego pokolenia, to nikt by mu pod nazwiskiem wypowiedzi nie udzieli\u0142, mimo up\u0142ywu lat i zmiany ustroju. Pami\u0119\u0107 o ludob\u00f3jstwie siedzi w ludziach tak g\u0142\u0119boko, \u017ce czas nie leczy wcale ran, co wi\u0119cej &#8211; rany te (rany na duszy) s\u0105 dziedziczne.<\/p>\r\n<p>Dawid Wildstein nie wie &#8211; bo nie mo\u017ce wiedzie\u0107 &#8211; \u017ce warunki rozwoju wsp\u00f3lnoty polskiej na Kresach przedrozbiorowych i przedwojennych s\u0105 skrajnie r\u00f3\u017cne i to na tyle, \u017ce wyst\u0119puj\u0105 problemy z postrzeganiem tam polsko\u015bci jako warto\u015bci zbiorowej na ca\u0142ym obszarze Ukrainy. Jest to wynik tragicznej dla Polak\u00f3w historii i priorytetem pa\u0144stwa polskiego powinno by\u0107 odwr\u00f3cenie tego procesu.\u00a0<\/p>\r\n<p>Takim przedsi\u0119wzi\u0119ciem by\u0142o otwarcie przez prezydent\u00f3w Juszczenk\u0119 i Kaczy\u0144skiego Domu Polskiego w \u0179ytomierzu. Ten przychylny gest by\u0142 odnotowany w mediach, otwarcie mia\u0142o charakter uroczysty. Dziwnym trafem Juszczenko nigdy nie zdecydowa\u0142 si\u0119 na analogiczny krok we Lwowie, twierdzy banderyzmu, gdzie Polak\u00f3w jest garstka (wi\u0119c zagro\u017cenie polonizacj\u0105 mo\u017ce by\u0107 jedynie wydumane). Dlaczego? Poniewa\u017c nie chcia\u0142 rozczarowa\u0107 banderowskiego elektoratu w tym mie\u015bcie i regionie. Co\u015b jednak musi by\u0107 na rzeczy, skoro nawet rzekomo tak \u201epropolski\u201d prezydent jak Juszczenko unika\u0142 tematu Domu Polskiego we Lwowie. Nawiasem m\u00f3wi\u0105c, przekaza\u0142 go Polakom dopiero jego \u201eprorosyjski\u201d nast\u0119pca, za to przekazanie na poziomie miasta blokowali samorz\u0105dowcy ze Swobody, czym wr\u0119cz chwalili si\u0119 na swoich stronach internetowych, jednocze\u015bnie zarzucaj\u0105c Polsce wszystkie mo\u017cliwe przewiny, 600-letnie polityk\u0119 wynaradawiania Ukrai\u0144c\u00f3w w\u0142\u0105czaj\u0105c. I dzisiaj ta sama partia, kt\u00f3ra na centralnej Ukrainie nie ma silnego poparcia (i oby tak pozosta\u0142o) ma by\u0107 neutralna wobec Polak\u00f3w. Na Ukrainie zachodniej nie b\u0119dzie, tam nastroje antypolskie s\u0105 zbyt silne.<\/p>\r\n<p>I tak na przyk\u0142ad prezes polskiego klubu pi\u0142karskiego Pogo\u0144 Lw\u00f3w, kt\u00f3ry jako jeden z nielicznych m\u00f3wi g\u0142o\u015bno o problemach Polak\u00f3w zachodniej Ukrainy, komentuje dla serwisu sportowefakty.pl atmosfer\u0119 wok\u00f3\u0142 klubu:<\/p>\r\n<p>\u201ePodczas mecz\u00f3w wyjazdowych cz\u0119sto s\u0142ycha\u0107 z trybun &gt;zabierajcie si\u0119 do swojej Polski&lt;\u201d<\/p>\r\n<p>We Lwowie Polacy (czyli rzymscy katolicy) nie odzyskali nigdy \u017cadnego ko\u015bcio\u0142a, a nacjonalistyczna hierarchia grekokatolicka nie spieszy si\u0119 z oddaniem cho\u0107by jednej \u015bwi\u0105tyni, tak samo miasto nie chce odda\u0107 ko\u015bcio\u0142a pw. \u015bw. Marii Magdaleny wiernym, a ko\u015bci\u00f3\u0142 ten sowieci przerobili na sal\u0119 koncertow\u0105 i tak\u0105 rol\u0119 spe\u0142nia do dzi\u015b. Do\u015b\u0107 doda\u0107, \u017ce w zakrystii Ukrai\u0144cy umie\u015bcili portret Stepana Bandery, z kt\u00f3rego sylwetk\u0105 musia\u0142 si\u0119 Wildstein zapozna\u0107, je\u015bli tylko zacz\u0105\u0142 docieka\u0107, jakich \u201eheroj\u00f3w\u201d ma na my\u015bli majda\u0144ski t\u0142um, gdy za ka\u017cdym razem powtarza naczelne has\u0142o rewolucji.\u00a0<\/p>\r\n<p>Nie wie te\u017c Dawid Wildstein, co zrozumia\u0142e, \u017ce na polskiej szkole im. Marii Magdaleny znajduj\u0105cej si\u0119 po drugiej stronie ulicy Sapiehy (a dzi\u015b nazwanej dla uczczenia pojednania polsko-banderowskiego imieniem Stepana Bandery) wmurowane jest popiersie Romana Szuchewycza, kt\u00f3ry jest kolejnym \u201eherojem\u201d, o kt\u00f3rym niezale\u017cny niczym niezale\u017cna.pl dziennikarz musia\u0142 cokolwiek s\u0142ysze\u0107.<\/p>\r\n<p>To, \u017ce Wildstein w og\u00f3le nie zajmowa\u0142 si\u0119 Polakami na Kresach II RP, wskazuje nam sam jego rozm\u00f3wca:<\/p>\r\n<p>\u201eSi\u0119gnijcie po opinie waszych koleg\u00f3w-Polak\u00f3w z Kijowa, Winnicy, dawnego P\u0142oskirowa, czy Kamie\u0144ca Podolskiego\u201d.<\/p>\r\n<p>\u0179adne z tych miast nie znajduje si\u0119 na terytorium II RP i taka refleksja dziennikarzowi chc\u0105cemu uchodzi\u0107 za kompetentnego w temacie Polak\u00f3w na Ukrainie powinna przyj\u015b\u0107 do g\u0142owy natychmiast.<\/p>\r\n<p>Banderyzm, gdy tylko ma okazj\u0119 si\u0119 wykaza\u0107 poza swoim bastionem, staje si\u0119 wobec polsko\u015bci r\u00f3wnie \u201eentuzjastyczny\u201d jak w swoim mateczniku. I tak, \u00a0\u0179ytomierska Obwodowa Organizacja OUN (pod kierownictwem Oleksandra Pryszczepy) wys\u0142a\u0142a list do prezydenta \u0179ytomierza (gdzie mieszka 50 tys. Polak\u00f3w), Wo\u0142odymyra Deboja, w sprawie zaplanowanego postawienia w tym mie\u015bcie pomnika wybitnego polskiego pianisty, Ignacy Paderewskiego, kt\u00f3ry pochodzi\u0142 z \u0179ytomierza. Sprzeciw wobec inicjatywy uzasadniono w charakterystyczny spos\u00f3b:\u00a0<\/p>\r\n<p>\u201eRada Miasta podejmuje decyzje dotycz\u0105ce dzia\u0142aczy innego pa\u0144stwa, kt\u00f3re prowadzi\u0142o okupacyjn\u0105 polityk\u0119 odno\u015bnie Ukrainy w przesz\u0142o\u015bci, a przecie\u017c w\u0142a\u015bnie Paderewski sta\u0142 na czele rz\u0105du Rzeczypospolitej w czasie aneksji Zachodniej Ukrainy w 1919 roku\u201d.<\/p>\r\n<p>Pisa\u0142a o tym gazeta \u201eMonitor Wo\u0142y\u0144ski\u201d zwi\u0105zana z Konsulatem Generalnym RP w \u0141ucku i skierowana m.in. do Polak\u00f3w na Wo\u0142yniu. Jak wida\u0107, ich czujno\u015b\u0107 nie jest tak u\u015bpiona jak u Wildsteina, kt\u00f3ry na dodatek podpuszcza swojego rozm\u00f3wc\u0119 do skrytykowania konkretnego medium, jakim jest portal KRESY.PL. I tak w jednej z odpowiedzi pojawia si\u0119 fraza:\u00a0<\/p>\r\n<p>\u201eJestem pewien, \u017ce nikt z red. nacz<b>. wspomnianych przez Pana medi\u00f3w<\/b> nie by\u0142 na Majdanie w Kijowie\u201d<\/p>\r\n<p>W \u017cadnym wcze\u015bniejszym miejscu w wywiadzie Dawid Wildstein nie wspomina o \u017cadnym konkretnym medium, jednak rozm\u00f3wca dziwnym trafem w dalszej cz\u0119\u015bci wymienia z nazwy portal KRESY.PL, cho\u0107 to Wildstein mia\u0142 go \u201ewspomnie\u0107\u201d. W wywiadzie jednak wzmianka Wildsteina o portalu nie ukazuje si\u0119. Istnieje wi\u0119cej du\u017ce prawdopodobie\u0144stwo, \u017ce \u201eoff the record\u201d Pan Dawid \u017cyczliwie \u201ewyja\u015bni\u0142\u201d, krytyka jakiego medium b\u0119dzie mile widziana.<\/p>\r\n<p>Uczenie Polak\u00f3w na Kresach, jak maj\u0105 by\u0107 Polakami, jest oczywi\u015bcie \u015brednio rozs\u0105dn\u0105 propozycj\u0105, dlatego te\u017c krytykowanie ich z pozycji, \u017ce Unia Europejska nie rozwi\u0105\u017ce ich problem\u00f3w z prawami narodowymi, bo ta z zasady t\u0119pi wszelkie \u201enacjonalizmy\u201d, a prawa narodowe ewentualnie mo\u017ce wpisa\u0107 w uniwersaln\u0105 koncepcj\u0119 praw cz\u0142owieka i liberalnej demokracji, nie przystoi \u017cadnemu rodakowi z Macierzy. Jednak Pan Dawid powinien wiedzie\u0107, czym Unia Europejska nie jest, bo przede wszystkim nie jest instytucj\u0105 dbaj\u0105c\u0105 o rozw\u00f3j to\u017csamo\u015bci narodowej i przyk\u0142ad Polak\u00f3w na Litwie, kt\u00f3rych sytuacja pogarsza si\u0119 z ka\u017cdym dniem cz\u0142onkostwo Litwy w UE, powinien rozwija\u0107 wszelkie w\u0105tpliwo\u015bci. Tak samo demokraci bia\u0142oruscy przestaj\u0105 by\u0107 demokratami, gdy tylko chodzi o prawa narodowe dla Polak\u00f3w na Bia\u0142orusi. Polacy na Ukrainie i Bia\u0142orusi maj\u0105 prawo by\u0107 euroentuzjastami i widzie\u0107 w Zjednoczonej Europie dok\u0142adnie to samo, co my widzieli\u015bmy jeszcze 10 lat temu. Nie ma jednak tego prawa Dawid Wildstein, a tym bardziej nie ma prawa do szerzenia nieprawdy o charakterze Unii Europejskiej. To tylko totalna s\u0142abo\u015b\u0107 III Rzeczypospolitej, kt\u00f3ra przejawi\u0142a si\u0119 m.in. tak\u017ce w nieumiej\u0119tno\u015bci ochrony \u017cycia w\u0142asnego prezydenta w Smole\u0144sku, sprawia, \u017ce Polacy na Kresach &#8211; zamiast formu\u0142owa\u0107 swoje oczekiwania wobec pa\u0144stwa macierzystego &#8211; zwracaj\u0105 si\u0119 ku brukselskiej biurokracji propaguj\u0105cej na dodatek nowinki obyczajowe, kt\u00f3re tamtejszym Polakom, zazwyczaj rzymskim katolikom, na pewno by si\u0119 nie spodoba\u0142y. Tylko \u017ce tego, czego wolno nie wiedzie\u0107 im, tego nie wolno nie wiedzie\u0107 Wildsteinowi.<\/p>\r\n<p>Dawid Wildstein u\u0142atwi\u0142 sobie robot\u0119, w wybi\u00f3rczy spos\u00f3b dobieraj\u0105c sobie rozm\u00f3wc\u00f3w. Ty samym podzieli\u0142 Polak\u00f3w na Ukrainie &#8211; i tak ju\u017c podzielonych przez histori\u0119, zmieniaj\u0105ce si\u0119 granice i r\u00f3\u017cnice mentalne &#8211; w imi\u0119 partykularnego celu, jakim by\u0142o wykazanie, i\u017c jego dotychczasowy brak zainteresowania Polakami na Ukrainie mo\u017ce usprawiedliwi\u0107 przed sob\u0105 samym. Bo to, \u017ce celem wywiadu nie by\u0142o wcale poinformowanie Czytelnika o realnej sytuacji Polak\u00f3w na Ukrainie, wida\u0107 wr\u0119cz jaskrawo. Chyba \u017ce Pan Dawid nie\u00a0 wiedzia\u0142, \u017ce temat, kt\u00f3rym si\u0119 zaj\u0105\u0142, jest bardziej skomplikowany ni\u017c mu si\u0119 to wydawa\u0142o po powierzchownie przeprowadzonym researchu.\u00a0<\/p>\r\n<p>Je\u015bli za\u015b wiedzia\u0142, to tym gorzej o nim \u015bwiadczy.<\/p>\r\n<p><em><b>Marcin Skalski<\/b><\/em><\/p>\r\n<p>*Dawid Wildstein napisa\u0142 kilka miesi\u0119cy temu sw\u00f3j pierwsze esej po\u015bwi\u0119cony nie tyle Polakom na Kresach i ich problemom, co Kresom jako takim, w kt\u00f3rym zosta\u0142y one, w typowy dla polskiego dziennikarstwa spos\u00f3b, sprowadzone do kwestii sentymentalnej, a nie do wyzwa\u0144 dzisiejszej polityki polskiej.<\/p>\r\n<p class=\"zrodlo\">Za: <a href=\"http:\/\/www.kresy.pl\/publicystyka,opinie?zobacz\/dawida-wildsteina-gra-kresowianami\">Kresy.pl (07 lutego 2014)<\/a><\/p>\r\n<\/blockquote>\r\n<h6>\u00a0<\/h6>\r\n<blockquote>\r\n<h2>Wydarzenia na Ukrainie. Jak nas og\u0142upiaj\u0105<\/h2>\r\n<p>Odci\u0119cie od pe\u0142nej informacji, brak rzetelnych analiz, przekazywanie jednolitej (skrajnie nieobiektywnej) oceny wydarze\u0144) &#8211; oto obraz polskich medi\u00f3w. Wszystkich &#8211; nie tylko tych g\u0142\u00f3wnych, rz\u0105dowych. W sprawie wydarze\u0144 na Ukrainie media pro-rz\u0105dowe i propisowskie id\u0105 r\u0119ka w r\u0119k\u0119. O czym to \u015bwiadczy? Jakie b\u0119dzie mia\u0142o, dla nas Polak\u00f3w, skutki? Czy to jest jeszcze demokracja i czy Polska to suwerenny kraj?<\/p>\r\n<p><b>Cenzura nie umar\u0142a<\/b><\/p>\r\n<p>Ogl\u0105dam angloj\u0119zyczne stacje telewizyjne &#8211; BBC, CNN, RT i nie mog\u0119 wyj\u015b\u0107 ze zdumienia. Obraz \u015bwiata, jaki pokazuj\u0105 jest ca\u0142kiem inny od tego czym karmi\u0105 swoich widz\u00f3w nie tylko Polsat, TVN, ale i telewizja publiczna.<\/p>\r\n<p>W \u015brodkowej Afryce trwa wojna, w Indiach protesty przeciwko korupcji &#8211; podobnie jak w Turcji, w kt\u00f3rej wybuch\u0142 skandal rz\u0105dowy, w Tajlandii wybory i masowe protesty opozycji. Tymczasem w polskiej telewizji albo wieje wiatr i \u0142amie s\u0142upy energetyczne, albo nie pada \u015bnieg (albo pada), albo pokazuj\u0105 chore dzieci. Chore dzieci zawsze wzrusz\u0105 i zajm\u0105 uwag\u0119 \u015bl\u0119cz\u0105cego przed ekranem Polaka skutecznie dowodz\u0105c go od my\u015blenia o sprawach publicznych, og\u00f3lnych. Po co Polak ma widzie\u0107 jak tureccy ministrowie bior\u0105 \u0142ap\u00f3wki: jeszcze pomy\u015bli, \u017ce i u nas s\u0105 ministrowie i mo\u017ce oni nie ca\u0142kiem tacy r\u00f3\u017cni od tych Turk\u00f3w.<\/p>\r\n<p>Zach\u0119cam ka\u017cdego, kto cho\u0107 w podstawowym stopniu opanowa\u0142 angielski i ma \u201esatelit\u0119\u201d do obejrzenia informacji jakie dostaje widz stacji innych ni\u017c polskie. Zrozumiecie w\u00f3wczas, \u017ce jeste\u015bmy poddani cenzurze i praniu m\u00f3zgu jeszcze skuteczniejszemu ni\u017c za komuny. O wiele bardziej skutecznemu.<\/p>\r\n<p>Bardziej r\u00f3\u017cnorodne i wolne jest radio, do prawdziwych informacji mo\u017cna dogrzeba\u0107 si\u0119 w Internecie, ale podstawowym medium kszta\u0142tuj\u0105cym widzenie \u015bwiata przez masy jest telewizja i tu mamy og\u0142upianie jakiego \u015bwiat nie widzia\u0142. A wszystko to oczywi\u015bcie podane w atrakcyjnej formie. Bo np. w sprawach muzyki, rozrywki itd. to mamy \u015bwiatowe \u017cycie. Na bie\u017c\u0105co ogl\u0105damy wr\u0119czanie Oscar\u00f3w, Grammy, widzimy co robi\u0105 gwiazdy szo\u0142-biznesu &#8211; wi\u0119c Polak mo\u017ce mie\u0107 z\u0142udzenie, \u017ce i w sprawach publicznych, politycznych informacje, jakie dostarcza mu TV s\u0105 bie\u017c\u0105ce, aktualne i rzetelne. Tymczasem jest dok\u0142adnie odwrotnie.<\/p>\r\n<p><b>Majdan i okolice czyli k\u0142amstwo do pot\u0119gi<\/b><\/p>\r\n<p>Informacje podawane od pocz\u0105tku konfliktu na Ukrainie i komentarze polskich \u201egadaj\u0105cych g\u0142\u00f3w\u201d na ten temat s\u0105 szczeg\u00f3lnie nierzetelne i stronnicze.<\/p>\r\n<p>Oto Polacy dostaj\u0105 ze wszystkich telewizji obraz nast\u0119puj\u0105cy: z\u0142y dyktator Janukowicz, rz\u0105dz\u0105cy w imieniu oligarch\u00f3w prze\u015bladuje pokojow\u0105, demokratyczn\u0105 opozycj\u0119. Ta \u201epokojowa opozycja\u201d zmierza do demokratyzacji Ukrainy, cierpi, i my Polacy musimy jej w tym pomaga\u0107, popiera\u0107, zbiera\u0107 datki, wspiera\u0107 politycznie \u201ebo i nam za Solidarno\u015bci pomagano\u201d.<\/p>\r\n<p>I co by ten Janukowycz nie zrobi\u0142 &#8211; w komentarzach polskich dziennikarzy jest z\u0142e, przewrotne i godne pot\u0119pienia. Nawet jak wykonuje gesty pokojowe. Jak milicja bije demonstrant\u00f3w &#8211; wiadomo &#8211; \u017ale. Ale jak Janukowycz og\u0142asza amnesti\u0119 &#8211; te\u017c okazuje si\u0119, \u017ce \u017ale robi. Proponuje liderom opozycji obj\u0119cie stanowiska premiera, wicepremiera &#8211; te\u017c niedobrze!<\/p>\r\n<p>To, \u017ce nie podpisa\u0142 Janukowycz umowy z Uni\u0105 to bardzo \u017ale. Ale jak podpisa\u0142 korzystn\u0105 dla Ukrainy umow\u0119 z Rosj\u0105, w ramach kt\u00f3rej Ukraina dosta\u0142a tani gaz i 15 mld dolar\u00f3w po\u017cyczki &#8211; to ju\u017c okrutna zbrodnia! No przecie\u017c dostawanie 15 mld dolar\u00f3w to jaka\u015b narodowa zdrada. Wyprzeda\u017c interes\u00f3w w\u0142asnego kraju Putinowi i Rosji.<\/p>\r\n<p>Co innego jak ameryka\u0144scy agenci CIA wr\u0119czaj\u0105 polskim politykom 15 mln dolar\u00f3w w kartonowych pud\u0142ach za wynaj\u0119cie polskiego terytorium do torturowania wi\u0119\u017ani\u00f3w &#8211; aa, to ca\u0142kiem co innego! To jest w porz\u0105dku i cacy. Chwal\u0105 to nie tylko ci, za kt\u00f3rych rz\u0105d\u00f3w 15 mln wzi\u0119li i podzielili &#8211; Kwa\u015bniewski i Miller &#8211; ale i obecny premier i lider opozycji Kaczy\u0144ski. To jest w porz\u0105dku, tu dziennikarze s\u0105 bardzo delikatni. Nie stawiaj\u0105 niewygodnych pyta\u0144, nie m\u00f3wi\u0105 o zdradzie itp. ale Janukowycz za umow\u0119 z Rosj\u0105 to dostaje baty.<\/p>\r\n<p>Za wszystko zreszt\u0105, bo z g\u00f3ry wiadomo, \u017ce Janukowycz jest be, a \u201edemokratyczna opozycja\u201d &#8211; cacy.<\/p>\r\n<p>Jak \u201edemokratyczna opozycja\u201d t\u0142ucze szyby, bije milicjant\u00f3w, zajmuje si\u0142a rz\u0105dowe gmachy, rzuca \u201ekoktajlami Mo\u0142otowa\u201d &#8211; to jest to \u201epokojowy protest\u201d.<\/p>\r\n<p>Ciekaw jestem co by by\u0142o, gdyby polscy kibice zacz\u0119li pali\u0107 opony pod kancelari\u0105 Komorowskiego, zajmowa\u0107 siedziby urz\u0119d\u00f3w wojew\u00f3dzkich i \u017c\u0105da\u0107 ust\u0105pienia \u201eruskiego agenta\u201d? Czy te\u017c by\u0142by to w\u00f3wczas \u201epokojowy protest\u201d?<\/p>\r\n<p>Ale to nie wszystko. W internecie przemyka wiadomo\u015b\u0107, (ale tak chy\u0142kiem), \u017ce oto na Majdanie w Kijowie zaczynaj\u0105 dominowa\u0107 nacjonali\u015bci z organizacji \u201ePrawy Sektor\u201d, nawi\u0105zuj\u0105cy wprost do tradycji Organizacji Ukrai\u0144skich Nacjonalist\u00f3w i Ukrai\u0144skiej Powsta\u0144czej Armii.<\/p>\r\n<p>Przypomnijmy, \u017ce OUN jeszcze przed wojn\u0105 dokonywa\u0142a terrorystycznych zamach\u00f3w na polskich polityk\u00f3w, zabi\u0142a m.in. ministra Pierackiego. OUN mordowa\u0142a tak\u017ce tych polskich polityk\u00f3w, kt\u00f3rzy byli zwolennikami ugody z Ukrai\u0144cami i stworzenia ze wschodnich wojew\u00f3dztw sfederowanego z Polsk\u0105 ukrai\u0144skiego pa\u0144stwa. Takim politykiem by\u0142 m.in. Tadeusz Ho\u0142\u00f3wko, zamordowany przez OUIN. Z r\u0105k terroryst\u00f3w OUN gin\u0119li tak\u017ce Ukrai\u0144cy, kt\u00f3rzy w przedwojennej Polsce byli za wsp\u00f3\u0142prac\u0105 mi\u0119dzy naszymi narodami.<\/p>\r\n<p>W czasie II wojny OUN i jej lider Stepan Bandera, stworzy\u0142o podziemn\u0105 armi\u0119 UPA, kt\u00f3ra walczy\u0142a u boku Niemc\u00f3w z \u201eMoskalami, Lachami i \u017bydami\u201d. Obok UPA &#8211; przy b\u0142ogos\u0142awie\u0144stwie OUN powsta\u0142a tak\u017ce dywizja SS-Galizien\u201d z\u0142o\u017cona z nacjonalist\u00f3w. \u201eSS-Ha\u0142yczyna\u201d, podobnie jak UPA dokona\u0142a szeregu mord\u00f3w na Polakach zamieszkuj\u0105cych Kresy. Szczeg\u00f3lnym okrucie\u0144stwem zaznaczy\u0142y si\u0119 rzezie na Wo\u0142yniu. Wg r\u00f3\u017cnych ocen z pewno\u015bci\u0105 mo\u017cna udokumentowa\u0107 130 tys. ofiar polskiej, cywilnej ludno\u015bci, przy czym s\u0105 szacunki m\u00f3wi\u0105ce o 300 tys. ofiarach. By\u0142a to klasyczna \u201eczystka etniczna\u201d dokonana na cywilnej, bezbronnej ludno\u015bci polskiej.<\/p>\r\n<p>Teraz liderzy nacjonalistycznej partii \u201eSwoboda\u201d, \u201ePrawego Sektora\u201d protestuj\u0105cy na Majdanie, w Kijowie i zajmuj\u0105cy siedziby w\u0142adz obwodowych\u00a0nios\u0105 z sob\u0105 portrety Bandery i wprost powo\u0142uj\u0105 si\u0119 na tradycje OUN-UPA.<\/p>\r\n<p>I polscy politycy &#8211; wszystkich opcji &#8211; jad\u0105 na Majdan, staj\u0105 na tle czerwono-czarnych banderowskich flag wznosz\u0105c okrzyk \u201eS\u0142awa Ukrainie &#8211; s\u0142awa bohaterom\u201d, kt\u00f3ry jest okrzykiem bandzior\u00f3w UPA.<\/p>\r\n<p>Dlaczego tych obraz\u00f3w nie ma?<\/p>\r\n<p>Ogl\u0105dam angloj\u0119zyczne telewizje i widz\u0119 jak na Majdanie stoi ogromny bilbord z Bander\u0105, jak t\u0142um idzie z transparentem z Bander\u0105, pod has\u0142em \u201eTo nasz bohater\u201d. Dlaczego \u017caden z polskich dziennikarzy obecnych w Kijowie i na Ukrainie &#8211; tej sceny nie zauwa\u017ca? Dlaczego nie komentuje faktu, \u017ce protest na Ukrainie dawno ju\u017c dominowali skrajni nacjonali\u015bci ze \u201eSwobody\u201d i z \u201eprawego Sektora\u201d? To oni, a nie jaki\u015b \u015bmieszny Kliczko czy umiarkowany Jaceniuk s\u0105 zwyci\u0119zcami rewolucji. Bo to jest rewolucja &#8211; w kt\u00f3rej chodzi o obalenie urz\u0119duj\u0105cego, legalnie wybranego prezydenta i zdominowanie Ukrainy przez elementy nacjonalistyczne, odwo\u0142uj\u0105ce si\u0119 do tradycji nazistowskiej, nienawidz\u0105ce tak samo Polak\u00f3w, jak i \u201eMoskali\u201d. Je\u015bli ta nacjonalistyczna rewolucja na Ukrainie zwyci\u0119\u017cy, na wsch\u00f3d od naszej granicy powstanie wrogie wobec Polski i Polak\u00f3w pa\u0144stwo.<\/p>\r\n<p>Dlaczego dziennikarze w polskich telewizjach nie m\u00f3wi\u0105 o tym Polakom?<\/p>\r\n<p>Z trudem dogrzebuj\u0119 si\u0119 w czwartek, na Onecie, do informacji o wydarzeniach z ubieg\u0142ego tygodnia, kiedy grupa nacjonalist\u00f3w zatrzyma\u0142a przed Lwowem polski rejsowy autokar i sterroryzowa\u0142a pasa\u017cer\u00f3w. Pijani nacjonali\u015bci kazali Polakom wykrzykiwa\u0107 upowskie has\u0142o: \u201eS\u0142awa Ukrainie, s\u0142awa bohaterom\u201d gro\u017c\u0105c, \u017ce ich spal\u0105 w pal\u0105cych si\u0119 wok\u00f3\u0142 drogi oponach.<\/p>\r\n<p>Dlaczego tej informacji nie zobaczyli\u015bmy w g\u0142\u00f3wnych wydaniach wiadomo\u015bci?<\/p>\r\n<p>Portal kresy.pl zamieszcza wywiad, jaki dla \u201eRzeczpospolitej\u201d udzieli\u0142 Andrij Tarasiuk &#8211; jeden z lider\u00f3w \u201ePrawego Sektora\u201d. Dla niego rzezi na Wo\u0142yniu nie by\u0142o, a Polska powinna odda\u0107 Ukrainie Przemy\u015bl i par\u0119na\u015bcie powiat\u00f3w w Bieszczadach. A w og\u00f3le to ju\u017c nie chodzi o \u017cadn\u0105 tam Uni\u0119 Europejsk\u0105, tylko o stworzenie silnej, jednolitej narodowo Ukrainy.<\/p>\r\n<p>W tym samym czasie O\u015brodek Studi\u00f3w Wschodnich przysy\u0142a mi do redakcji \u201eanaliz\u0119\u201d sytuacji na Ukrainie, w kt\u00f3rej s\u0142owa nie ma o roli nacjonalist\u00f3w w wydarzeniach w tym kraju. Za to jest wniosek, kt\u00f3ry powtarzaj\u0105 wszyscy politycy: \u201enale\u017cy popiera\u0107 protestuj\u0105cych\u201d.<\/p>\r\n<p><b>Kopiemy sobie gr\u00f3b<\/b><\/p>\r\n<p>Polska, r\u0119kami tzw. \u201epolityk\u00f3w\u201d &#8211; wszystkich od Tuska do Kaczy\u0144skiego &#8211; kopie sobie gr\u00f3b popieraj\u0105c nacjonalist\u00f3w ukrai\u0144skich i wywo\u0142anej przez nich rewolucji. Bo oczywi\u015bcie o \u017cadnym tam \u201epokojowym prote\u015bcie\u201d dawno nie ma ju\u017c mowy.<\/p>\r\n<p>Z polskich elit i publicyst\u00f3w nieliczni tylko zachowali rozs\u0105dek. O spo\u0142ecze\u0144stwie nie m\u00f3wi\u0119, bo odci\u0119te od informacji, poddane masowej indoktrynacji &#8211; nie jest w stanie wytworzy\u0107 sobie prawdziwego obrazu sytuacji. Obudzi si\u0119 &#8211; nie daj Bo\u017ce &#8211; z r\u0119k\u0105 w przys\u0142owiowym nocniku, kiedy b\u0119dzie ju\u017c za p\u00f3\u017ano.<\/p>\r\n<p>Tymczasem rozum polityczny nakazuje bezwzgl\u0119dnie w sprawach ukrai\u0144skich &#8211; post\u0119powa\u0107 zupe\u0142nie odwrotnie ni\u017c to robi\u0105 polscy tzw. \u201epolitycy\u201d i media.<\/p>\r\n<p>Dla Polski bezwzgl\u0119dnie korzystna jest w\u0142adza Janukowycza. \u0179e reprezentuje oligarch\u00f3w, \u017ce na Ukrainie jest korupcja? Tak &#8211; jest. Ale na zachodniej Ukrainie, zdominowanej przez nacjonalist\u00f3w te\u017c s\u0105 oligarchowie i te\u017c jest gigantyczna korupcja. Ka\u017cdy, kto przeje\u017cd\u017ca\u0142 granic\u0119 jad\u0105c do Lwowa wie, \u017ce jak nie da \u0142ap\u00f3wki celnikowi to b\u0119dzie tkwi\u0142 na granicy kilka godzin. Ukraina jest krajem skorumpowanym do szpiku ko\u015bci, a jej liderzy nacjonalistyczni nie s\u0105 tu ani o jot\u0119 lepsi od prorosyjskich oligarch\u00f3w ze wschodu. Popieraj\u0105ca neo-banderowc\u00f3w Tymoszenko nie za darmo siedzi w wi\u0119zieniu i \u015bmieszne s\u0105 te ob\u0142udne \u0142zy naszych \u201eobro\u0144c\u00f3w praw cz\u0142owieka\u201d, kt\u00f3rzy \u017c\u0105daj\u0105 jej uwolnienia.<\/p>\r\n<p>Jednak Janukowycz nie popiera nacjonalist\u00f3w i stanowi dla nich przeciwwag\u0119. Podobnie nigdy nie poprze nacjonalist\u00f3w z SS-Galizien Rosja. Dlatego interes rosyjski i polski w sprawie ukrai\u0144skiej si\u0119 zbiega i d\u0105\u017cenie naszych &#8211; po\u017cal si\u0119 Bo\u017ce &#8211; pseudopolityk\u00f3w do os\u0142abiania za wszelk\u0105 cen\u0119 i w ka\u017cdej sytuacji Rosji to wi\u0119cej ni\u017c b\u0142\u0105d. To g\u0142upota.<\/p>\r\n<p>Zreszt\u0105 uwa\u017cam, \u017ce to nie g\u0142upota. To interes ameryka\u0144ski, a \u015bci\u015ble m\u00f3wi\u0105c, pewnych kr\u0119g\u00f3w ameryka\u0144skiej finansjery, kt\u00f3rym Putin da\u0142 po \u0142apach nie pozwalaj\u0105c rozkrada\u0107 swojego pa\u0144stwa. Dlatego to ameryka\u0144ska polityka popiera Majdan i neo-banderowc\u00f3w. A nasze s\u0142ugusy (kt\u00f3rzy bez wyj\u0105tku siedz\u0105 w ameryka\u0144skiej kieszeni) jad\u0105 na Ukrain\u0119 i te\u017c nacjonalist\u00f3w popieraj\u0105. Sam\u0105 g\u0142upot\u0105 tego wyja\u015bni\u0107 si\u0119 nie da. Zreszt\u0105 taki zmasowany front propagandy, jaki obserwujemy w \u201emediach g\u0142\u00f3wnego koryta\u201d nie by\u0142by mo\u017cliwy bez wsparcia &#8211; jak to m\u00f3wi St. Michalkiewicz &#8211; \u201erazwiedki\u201d.<\/p>\r\n<p>Wiem, \u017ce kieruj\u0119 m\u00f3j tekst do czytelnik\u00f3w, kt\u00f3rzy podlegaj\u0105 masowej indoktrynacji i w tej sytuacji moje wnioski b\u0119d\u0105 dla wielu kontrowersyjne. Ale jestem przekonany, \u017ce ju\u017c wkr\u00f3tce zobaczycie, \u017ce to jest w\u0142a\u015bciwy punkt widzenia, oparty na faktach i prawdzie. Pociesza mnie te\u017c i to, \u017ce nie jestem taki ca\u0142kiem odosobniony &#8211; bo i ks. Zaleski, i \u0141ysiak i wielu niezale\u017cnych (cho\u0107 odci\u0119tych od dost\u0119pu do TV) publicyst\u00f3w dok\u0142adnie tak samo widzi te sprawy.<\/p>\r\n<p>Podtrzymuje mnie tak\u017ce na duchu reakcja naszych Czytelnik\u00f3w na moje poprzednie artyku\u0142y na ten temat. Dosta\u0142em wiele telefon\u00f3w od Pa\u0144stwa, kt\u00f3rzy popierali m\u00f3j punkt widzenia. To dla publicysty jest najwy\u017csz\u0105 nagrod\u0105 i serdecznie wszystkim, kt\u00f3rzy tak okazali mi swoje poparcie &#8211; dzi\u0119kuj\u0119.<\/p>\r\n<p>Mam wreszcie nadziej\u0119, \u017ce ten g\u0142os nie p\u00f3jdzie na marne i polska opinia publiczna wreszcie si\u0119 obudzi. Mo\u017cna by rzec: \u201eRodacy nie b\u00f3jcie si\u0119 my\u015ble\u0107!\u201d<\/p>\r\n<p>No i nie dawajcie si\u0119 tak ordynarnie ok\u0142amywa\u0107 specom, kt\u00f3rzy realizuj\u0105 na pewno nie nasze interesy, a kt\u00f3rych mo\u017cna kupi\u0107 za par\u0119 dolar\u00f3w, co niedawno widzieli\u015bmy.<\/p>\r\n<p><em><b>Janusz Sanocki<\/b><\/em><\/p>\r\n<p>\u00a0\u201eNiezale\u017cna Gazeta Obywatelska w Opolu\u201d<\/p>\r\n<p><a href=\"http:\/\/www.ngopole.pl\/2014\/02\/05\/wydarzenia-na-ukrainie-jak-nas-oglupiaja\/\" target=\"_blank\">http:\/\/www.ngopole.pl\/2014\/02\/05\/wydarzenia-na-ukrainie-jak-nas-oglupiaja\/<\/a><\/p>\r\n<p class=\"zrodlo\">Za: <a href=\"http:\/\/www.kresy.pl\/publicystyka,opinie?zobacz\/wydarzenia-na-ukrainie-jak-nas-oglupiaja\">Kresy.pl (06 lutego 2014)<\/a><\/p>\r\n<\/blockquote>\r\n<h6>\u00a0<\/h6>\r\n<blockquote>\r\n<h2 id=\"title\">Dawid Wildstein &#8211; ostateczna kompromitacja<\/h2>\r\n<p><strong>Dawid Wildstein z \u201eGazety Polskiej Codziennie\u201d nie ustaje w atakach na portal KRESY.PL.<\/strong><\/p>\r\n<p>Najpierw zacz\u0105\u0142 nazywa\u0107 nas \u201edonosicielami\u201d, co ju\u017c zreszt\u0105 pozbawi\u0142o go zdolno\u015bci honorowej. Pow\u00f3d? Facebook zbanowa\u0142 mu konto. Przynajmniej on sam tak twierdzi bo nikt inny tego bana nie widzia\u0142, ani nie odczu\u0142. Wildstein uzna\u0142 to za sprawk\u0119 \u201eKres\u00f3w\u201d (sic!) i o\u015bwiadczy\u0142, \u017ce nikomu z\u00a0nas nigdy r\u0119ki ju\u017c nie poda, nigdy si\u0119 z nami spotka (czy kto\u015b w og\u00f3le gdzie\u015b go zaprasza\u0142?) i nie b\u0119dzie si\u0119 wi\u0119cej na nasz temat si\u0119 wypowiada\u0107.\u00a0<\/p>\r\n<p>Naiwnie wzi\u0119li\u015bmy t\u0119 deklaracj\u0119 na powa\u017cnie\u2026<\/p>\r\n<p>Nawiasem m\u00f3wi\u0105c, zarzut donosicielstwa padaj\u0105cy z ust Dawida Wildsteina jest o tyle \u015bmieszny, \u017ce on sam na ten temat m\u00f3g\u0142by si\u0119 bardziej pochwali\u0107. Ot\u00f3\u017c ledwie weszli\u015bmy z nim w merytoryczn\u0105 polemik\u0119, to chwyci\u0142 on za s\u0142uchawk\u0119 i zacz\u0105\u0142 wydzwania\u0107 do naszych wsp\u00f3lnych znajomych w celu tak zwanego obrabiania nam ty\u0142ka. By\u0142 to pocz\u0105tek budowy frontu pot\u0119pienia i pogardy wobec naszego skromnego medium, kt\u00f3re w sprawie Ukrainy odwa\u017ca si\u0119 mie\u0107 w\u0142asne zdanie. Nawet teraz, w\u00a0ka\u017cdym histerycznym wpisie na Facebooku, Wildstein skwapliwie taguje wszystkie znajome postacie dziennikarstwa, aby nikomu nie umkn\u0119\u0142o, jaka jest obecnie linia Salonu B wobec tych \u201eoszo\u0142om\u00f3w\u201d, kt\u00f3rzy w kwestii wydarze\u0144 na Ukrainie najpierw pytaj\u0105 o interes polski, a potem dopiero przejmuj\u0105 si\u0119 nastrojami s\u0105siedniej nacji.<\/p>\r\n<p>Granice kompromitacji moralnej Wildstein ostatecznie przekroczy\u0142 kilka godzin temu. Wykorzystuj\u0105c niedzielny poranek wyszpera\u0142 kilka antysemickich wypowiedzi naszych fan\u00f3w, kt\u00f3rych nie zd\u0105\u017cyli\u015bmy usun\u0105\u0107 (mamy t\u0119 s\u0142abo\u015b\u0107, \u017ce w niedziel\u0119 \u015bpimy do po\u0142udnia;)), lub te\u017c po prostu nie zauwa\u017cyli\u015bmy bo znajdowa\u0142y si\u0119 pod wpisami sprzed paru dni, i o\u015bwiadczy\u0142, \u017ce.. jeste\u015bmy apologetami holocaustu i\u00a0zwolennikami mordowania \u017byd\u00f3w!<\/p>\r\n<p>Nie ma \u017cadnego racjonalnego powodu, aby si\u0119 do tego odnosi\u0107, wielokrotnie prosili\u015bmy naszych fan\u00f3w o zignorowanie zupe\u0142nie nieadekwatnego w tej sytuacji w\u0105tku \u017cydowskiego. By\u0107 mo\u017ce powinni\u015bmy by\u0107 dumni, \u017ce istotna b\u0105d\u017a co b\u0105d\u017a posta\u0107 polskiego dziennikarstwa, si\u0119ga w ataku na nas po \u201eargument ostateczny\u201d poprawno\u015bci politycznej, jakim jest oskar\u017cenie o antysemityzm. \u015awiadczy to o tym, \u017ce Wildstein dochodzi do kresu swoich mo\u017cliwo\u015bci intelektualnych i popada ju\u017c w nerwowo\u015b\u0107 w zwi\u0105zku z przegrywanym sporem o polskie zaanga\u017cowanie na Ukrainie.<\/p>\r\n<p>Na koniec dwa przyk\u0142ady zupe\u0142nej hipokryzji Wildsteina.\u00a0<\/p>\r\n<p>Dziennikarz &#8222;GPC&#8221; przybiera poz\u0119 moralizatora i w swoich manipulatorskich wpisach czyni &#8222;Kresom&#8221; zarzut, \u017ce na naszym facebookowym profilu blokujemy ludzi za nieprzychylne wobec portalu komentarze. Jest to poniek\u0105d prawda. Cz\u0119sto banujemy osoby, kt\u00f3re w spos\u00f3b agresywnie napastliwy atakuj\u0105 nas z powodu linii redakcji wobec konkretnych spraw. Jest to skutek powszechnego w Internecie problemu tzw. &#8222;trollingu&#8221;. Sfrustrowani internauci pr\u00f3buj\u0105 wci\u0105ga\u0107 administrator\u00f3w w nieko\u0144cz\u0105ce si\u0119 spory, zmusza\u0107 do odpowiedzi na bezpodstawne zarzuty, wielokrotnie powtarzaj\u0105 te same oskar\u017cenia i oszczerstwa itd. Czasem rzeczywi\u015bcie lepiej zako\u0144czy\u0107 to jednym przyciskiem &#8222;blokuj&#8221;. Dwulicowo\u015b\u0107 Wildsteina polega tu na tym, \u017ce oskar\u017ca nas o co\u015b, co sam z premedytacj\u0105 robi. Dok\u0142adnie dzi\u015b D. Wildstein zablokowa\u0142 na swojej stronie \u00a0profil naszego sta\u0142ego wsp\u00f3\u0142pracownika Marcina Skalskiego, kt\u00f3ry bardzo umiej\u0119tnie demaskowa\u0142 tam wszystkie jego manipulacje. Wi\u0119c jak to jest panie Wildstein? &#8222;Je\u015bli Kalemu banowa\u0107 &#8211; to \u017ale; jak Kali banowa\u0107 &#8211; to dobrze&#8221;? Jak mo\u017cna tak bezczelnie czyni\u0107 komu\u015b zarzut z tego, co samemu si\u0119 robi?<\/p>\r\n<p>Co wi\u0119cej, Dawid Wildstein, kt\u00f3remu tak przeszkadza &#8222;antysemityzm&#8221; na naszej stronie, sam zupe\u0142nie \u015bwiadomie toleruje wpisy antypolskie i antyklerykalne u siebie. Wystarczy\u0142a chwila by znale\u017a\u0107 u niego takie teksty:<\/p>\r\n<p><i>&#8222;Moim zdaniem, takim, ktorzy mimo grzecznego zaproszenia, nie potrafia na &#8222;S\u0142awa Ukrajini!&#8221; odpowiedzie\u0107: &#8222;Herojam slawa!&#8221;, nale\u017cy si\u0119 w ry\u0142o, za pirze i na powietrze \u015bwi\u017ce. A i to &#8211; w ramach dobroci dla zwierz\u0105t. To nie zadna przemoc, tylko &#8211; pedagogika resocjalizacyjna&#8221;.<br \/><\/i><\/p>\r\n<div>albo:<\/div>\r\n<div>\u00a0<\/div>\r\n<div>\r\n<p>&#8222;<i>B\u0142i\u017csze prawdy wydaje si\u0119: &#8222;by\u0142em na you tube i s\u0142ucha\u0142em modlitwy nawiedzonego klechy Isakowicza-Zaleskiego do Putina w Federacji Rosyjskiej jedynego&#8221;. To jedyne \u017ar\u00f3dlo wiedzy &#8222;narodowca&#8221; o Majdanie<\/i>.&#8221;<\/p>\r\n<\/div>\r\n<div>\r\n<p>&#8222;<i>A ja \u015bledz\u0105c be\u0142kot tych wszystkich Giertych\u00f3w, Isakowicz\u00f3w-Zaleskich, a tak\u017ce &#8222;narodowych&#8221; trolli fajsbukowych, zaczynam \u017ca\u0142owa\u0107, \u017ce polski Piast Ko\u0142odziej nie potrafi\u0142 nauczy\u0107 si\u0119 post\u0119powania ze zdrajcami od (Stefana) Popiela<\/i>.&#8221;<\/p>\r\n<p>Co, pomijaj\u0105c skandaliczne zniewa\u017canie ks. Isakowicz-Zalewskiego i nazywanie go &#8222;zdrajc\u0105&#8221;, jest r\u00f3wnocze\u015bnie po\u015brednim gro\u017ceniem mu \u015bmierci\u0105. Nazwiskiem Stefan Popiel pos\u0142ugiwa\u0142 si\u0119 bowiem krwawy lider OUN Stepan Bandera i to jego autor wpisu ma na my\u015bli, \u017ca\u0142uj\u0105c \u017ce w Polsce ze &#8222;zdrajcami&#8221; nie post\u0119puje si\u0119 metodami banderowc\u00f3w.<\/p>\r\n<\/div>\r\n<div>\u00a0<\/div>\r\n<div>***<\/div>\r\n<p>Przepraszamy naszych Czytelnik\u00f3w, \u017ce ci\u0105gle spamujemy Wildsteinem. To ju\u017c raczej ostatni wpis na temat tej persony, kt\u00f3ra w widoczny dla wszystkich spos\u00f3b zdyskwalifikowa\u0142a si\u0119 jako partner w dyskusji. \u0179yczymy udanego popo\u0142udnia i przypominamy jeszcze raz dla porz\u0105dku t\u0119 rzeteln\u0105 polemik\u0119, kt\u00f3ra to sta\u0142a si\u0119 zaczynem ca\u0142ego sporu i permanentnej nerwicy ukrai\u0144skiej Wildsteina:<\/p>\r\n<p><a href=\"http:\/\/www.kresy.pl\/publicystyka,opinie?zobacz\/czego-nie-rozumie-dawid-wildstein\" target=\"_blank\">http:\/\/www.kresy.pl\/publicystyka,opinie?zobacz\/czego-nie-rozumie-dawid-wildstein<\/a><\/p>\r\n<p class=\"zrodlo\">Za: <a href=\"http:\/\/www.kresy.pl\/publicystyka,felietony?zobacz\/dawid-wildstein-ostateczna-kompromitacja&amp;utm_source=rss&amp;utm_campaign=rss&amp;utm_reader=feedly\">Kresy.pl (09 lutego 2014)<\/a><\/p>\r\n<\/blockquote>","protected":false},"excerpt":{"rendered":"Dziennikarz portalu Niezalezna.pl &#8211; Dawid Wildstein &#8211; w spos\u00f3b instrumentalny pos\u0142u\u017cy\u0142 si\u0119 Polakami mieszkaj\u0105cymi na dawnych Kresach przedrozbiorowej Rzeczypospolitej. Wildstein opublikowa\u0142 wypowiedzi trzech dzia\u0142aczy kresowych z Winnicy i P\u0142oskirowa, a nast\u0119pnie przedstawi\u0142 ich jako reprezentatywnych dla ca\u0142ej polskiej spo\u0142eczno\u015bci na Kresach. Dzia\u0142anie Wildsteina jest tym samym dok\u0142adn\u0105 kopi\u0105 zachowa\u0144 dziennikarzy tzw. \u201eg\u0142\u00f3wnego nurtu\u201d, kt\u00f3rzy wielokrotnie [&hellip;]","protected":false},"author":1,"featured_media":0,"comment_status":"closed","ping_status":"closed","sticky":false,"template":"","format":"standard","meta":{"_acf_changed":false,"_monsterinsights_skip_tracking":false,"_monsterinsights_sitenote_active":false,"_monsterinsights_sitenote_note":"","_monsterinsights_sitenote_category":0,"ngg_post_thumbnail":0,"footnotes":"","_wp_rev_ctl_limit":""},"categories":[9],"tags":[92,53,137,188,20,167,17],"acf":[],"_links":{"self":[{"href":"https:\/\/www.bibula.com\/index.php?rest_route=\/wp\/v2\/posts\/73168"}],"collection":[{"href":"https:\/\/www.bibula.com\/index.php?rest_route=\/wp\/v2\/posts"}],"about":[{"href":"https:\/\/www.bibula.com\/index.php?rest_route=\/wp\/v2\/types\/post"}],"author":[{"embeddable":true,"href":"https:\/\/www.bibula.com\/index.php?rest_route=\/wp\/v2\/users\/1"}],"replies":[{"embeddable":true,"href":"https:\/\/www.bibula.com\/index.php?rest_route=%2Fwp%2Fv2%2Fcomments&post=73168"}],"version-history":[{"count":0,"href":"https:\/\/www.bibula.com\/index.php?rest_route=\/wp\/v2\/posts\/73168\/revisions"}],"wp:attachment":[{"href":"https:\/\/www.bibula.com\/index.php?rest_route=%2Fwp%2Fv2%2Fmedia&parent=73168"}],"wp:term":[{"taxonomy":"category","embeddable":true,"href":"https:\/\/www.bibula.com\/index.php?rest_route=%2Fwp%2Fv2%2Fcategories&post=73168"},{"taxonomy":"post_tag","embeddable":true,"href":"https:\/\/www.bibula.com\/index.php?rest_route=%2Fwp%2Fv2%2Ftags&post=73168"}],"curies":[{"name":"wp","href":"https:\/\/api.w.org\/{rel}","templated":true}]}}