{"id":73147,"date":"2014-02-06T18:15:05","date_gmt":"2014-02-06T23:15:05","guid":{"rendered":"http:\/\/www.bibula.com\/?p=73147"},"modified":"2014-02-06T18:15:05","modified_gmt":"2014-02-06T23:15:05","slug":"lotwa-wizyta-bp-bernarda-fellaya-w-rydze","status":"publish","type":"post","link":"https:\/\/www.bibula.com\/?p=73147","title":{"rendered":"\u0141otwa: Wizyta bp. Bernarda Fellaya w Rydze"},"content":{"rendered":"<p><strong>W dniach 6-7 stycznia br. w Rydze go\u015bci\u0142 bp Bernard Fellay. Prze\u0142o\u017cony generalny Bractwa Kap\u0142a\u0144skiego \u015awi\u0119tego Piusa X przyjecha\u0142 na \u0141otw\u0119, aby po\u015bwi\u0119ci\u0107 now\u0105 kaplic\u0119 i dom pw. \u015bw. Bertolda &#8211; drugiego biskupa Inflant, m\u0119czennika.<\/strong><\/p>\r\n<table class=\"outset\" style=\"width: 314px; height: 447px;\" align=\"left\">\r\n<tbody>\r\n<tr>\r\n<td>\r\n<p><img decoding=\"async\" alt=\"\" src=\"http:\/\/news.fsspx.pl\/wp-content\/uploads\/2014_Zane_Karklina_Photo-3376-XL-300x195.jpg\" \/><\/p>\r\n<\/td>\r\n<\/tr>\r\n<tr>\r\n<td>\r\n<p class=\"zrodlo\">Bp Bernard Fellay w otoczeniu duchownych przyby\u0142ych na uroczysto\u015bci w Rydze<\/p>\r\n<\/td>\r\n<\/tr>\r\n<tr>\r\n<td>\r\n<p><img fetchpriority=\"high\" decoding=\"async\" alt=\"\" src=\"http:\/\/news.fsspx.pl\/wp-content\/uploads\/2014_Zane_Karklina_Photo-3317-XL-300x198.jpg\" width=\"300\" height=\"198\" \/><\/p>\r\n<\/td>\r\n<\/tr>\r\n<tr>\r\n<td>\r\n<p class=\"zrodlo\">ks. \u0141ukasz Weber i o. Walery Svilsts<\/p>\r\n<\/td>\r\n<\/tr>\r\n<\/tbody>\r\n<\/table>\r\n<p>W uroczysto\u015b\u0107 Objawienia Pa\u0144skiego bp Fellay dokona\u0142 po\u015bwi\u0119cenia kaplicy, kt\u00f3ra do momentu wybudowania dwukondygnacyjnego ko\u015bcio\u0142a b\u0119dzie s\u0142u\u017cy\u0107 obu obrz\u0105dkom &#8211; \u0142aci\u0144skiemu i bizantyjskiemu, a nast\u0119pnie ca\u0142ego domu \u015bw. Bertolda, kt\u00f3ry w przysz\u0142o\u015bci zostanie podniesiony do rangi przeoratu. P\u00f3\u017aniej ks. biskup odprawi\u0142 uroczyst\u0105 Msz\u0119 \u015bw. Po jej zako\u0144czeniu uczestnicy &#8211; duchowie\u0144stwo i wierni \u015bwieccy &#8211; wzi\u0119li udzia\u0142 w przyj\u0119ciu w jednej z sal nowego budynku. W kolejnym dniu duchowni Bractwa \u015awi\u0119tego Jana Poprzednika Pa\u0144skiego odprawili Bosk\u0105 Liturgi\u0119, do kt\u00f3rej bp Fellay asystowa\u0142 i udzieli\u0142 swego b\u0142ogos\u0142awie\u0144stwa.<\/p>\r\n<p>W\u015br\u00f3d duchowie\u0144stwa przyby\u0142ego na te uroczysto\u015bci byli: o. Jan Maria, prze\u0142o\u017cony Bractwa Przemienienia Pa\u0144skiego z Merigny; ks. \u0141ukasz Weber, ekonom szwajcarskiego dystryktu FSSPX (bez jego wieloletniego wsparcia nie by\u0142aby mo\u017cliwa realizacja tego projektu); ks. Edmund Naujokaitis, przeor z Gdyni, kt\u00f3ry reprezentowa\u0142 ks. Karola Stehlina &#8211; prze\u0142o\u017conego Domu Autonomicznego FSSPX w Europie \u015arodkowej i Wschodniej; ks. Raivo Kokis z przeoratu w Gdyni; ks. Jan (Shane) Pezutti, przeor kowie\u0144ski; o. Walery Svilsts, prze\u0142o\u017cony miejscowego, niedawno erygowanego Bractwa \u015awi\u0119tego Jana Poprzednika Pa\u0144skiego dla obrz\u0105dku wschodniego, oraz kilku innych duchownych obu obrz\u0105dk\u00f3w z Francji, Litwy i \u0141otwy; obecne by\u0142y r\u00f3wnie\u017c tradycyjne siostry studytki z Rygi (informacja w\u0142asna).<\/p>\r\n<p><strong>Zobacz te\u017c<\/strong>: <a href=\"http:\/\/news.fsspx.pl\/2013\/09\/fidelitier-fsspx-i-lotewscy-grekokatolicy\/\">Fideliter: FSSPX i \u0142otewscy grekokatolicy<\/a><\/p>\r\n<h4><strong><a href=\"http:\/\/news.fsspx.pl\/2014\/02\/lotwa-wizyta-bp-bernarda-fellaya-w-rydze\/nggallery\/slideshow\/\">[Show slideshow]<\/a><\/strong><\/h4>","protected":false},"excerpt":{"rendered":"W dniach 6-7 stycznia br. w Rydze go\u015bci\u0142 bp Bernard Fellay. Prze\u0142o\u017cony generalny Bractwa Kap\u0142a\u0144skiego \u015awi\u0119tego Piusa X przyjecha\u0142 na \u0141otw\u0119, aby po\u015bwi\u0119ci\u0107 now\u0105 kaplic\u0119 i dom pw. \u015bw. Bertolda &#8211; drugiego biskupa Inflant, m\u0119czennika. Bp Bernard Fellay w otoczeniu duchownych przyby\u0142ych na uroczysto\u015bci w Rydze ks. \u0141ukasz Weber i o. Walery Svilsts W uroczysto\u015b\u0107 [&hellip;]","protected":false},"author":1,"featured_media":0,"comment_status":"closed","ping_status":"closed","sticky":false,"template":"","format":"standard","meta":{"_acf_changed":false,"_monsterinsights_skip_tracking":false,"_monsterinsights_sitenote_active":false,"_monsterinsights_sitenote_note":"","_monsterinsights_sitenote_category":0,"ngg_post_thumbnail":0,"footnotes":"","_wp_rev_ctl_limit":""},"categories":[3],"tags":[32],"acf":[],"_links":{"self":[{"href":"https:\/\/www.bibula.com\/index.php?rest_route=\/wp\/v2\/posts\/73147"}],"collection":[{"href":"https:\/\/www.bibula.com\/index.php?rest_route=\/wp\/v2\/posts"}],"about":[{"href":"https:\/\/www.bibula.com\/index.php?rest_route=\/wp\/v2\/types\/post"}],"author":[{"embeddable":true,"href":"https:\/\/www.bibula.com\/index.php?rest_route=\/wp\/v2\/users\/1"}],"replies":[{"embeddable":true,"href":"https:\/\/www.bibula.com\/index.php?rest_route=%2Fwp%2Fv2%2Fcomments&post=73147"}],"version-history":[{"count":0,"href":"https:\/\/www.bibula.com\/index.php?rest_route=\/wp\/v2\/posts\/73147\/revisions"}],"wp:attachment":[{"href":"https:\/\/www.bibula.com\/index.php?rest_route=%2Fwp%2Fv2%2Fmedia&parent=73147"}],"wp:term":[{"taxonomy":"category","embeddable":true,"href":"https:\/\/www.bibula.com\/index.php?rest_route=%2Fwp%2Fv2%2Fcategories&post=73147"},{"taxonomy":"post_tag","embeddable":true,"href":"https:\/\/www.bibula.com\/index.php?rest_route=%2Fwp%2Fv2%2Ftags&post=73147"}],"curies":[{"name":"wp","href":"https:\/\/api.w.org\/{rel}","templated":true}]}}