{"id":73020,"date":"2014-01-29T13:11:36","date_gmt":"2014-01-29T18:11:36","guid":{"rendered":"http:\/\/www.bibula.com\/?p=73020"},"modified":"2014-01-29T13:11:36","modified_gmt":"2014-01-29T18:11:36","slug":"centrum-dialogu-zamiast-tradycyjnego-seminarium","status":"publish","type":"post","link":"https:\/\/www.bibula.com\/?p=73020","title":{"rendered":"Centrum dialogu zamiast\u2026 tradycyjnego seminarium"},"content":{"rendered":"<p><strong>Dawne papieskie seminarium w Cuglieri zostanie przekszta\u0142cone w\u2026 centrum dialogu mi\u0119dzyreligijnego, maj\u0105ce wspiera\u0107 integracj\u0119 imigrant\u00f3w. Nikt si\u0119 opustosza\u0142ym seminarium nie przejmowa\u0142, a\u017c do momentu, w kt\u00f3rym zainteresowali si\u0119 nim tradycjonali\u015bci chc\u0105cy otworzy\u0107 kolejny dom formacji.<\/strong><\/p>\r\n<table class=\"outset\" style=\"width: 261px; height: 231px;\" align=\"left\">\r\n<tbody>\r\n<tr>\r\n<td><img decoding=\"async\" alt=\"\" src=\"http:\/\/www.pch24.pl\/images\/min_mid_big\/mid_20751.jpg\" width=\"251\" height=\"144\" \/><\/td>\r\n<\/tr>\r\n<tr>\r\n<td>\r\n<p class=\"zrodlo\"><strong>Di Muesse (Opera propria)<\/strong><br \/> [GFDL (http:\/\/www.gnu.org\/copyleft\/fdl.html) o CC-BY-3.0 (http:\/\/creativecommons.org\/licenses\/by\/3.0)], attraverso Wikimedia Commons<\/p>\r\n<\/td>\r\n<\/tr>\r\n<\/tbody>\r\n<\/table>\r\n<p>Budynkiem seminarium, kt\u00f3re zosta\u0142o zamkni\u0119te na fali posoborowej \u201eodnowy\u201d, zainteresowa\u0142o si\u0119 kierownictwo Instytutu Chrystus Kr\u00f3la Najwy\u017cszego Kap\u0142ana. Dotychczasowe mi\u0119dzynarodowe seminarium w Gricigliano nie jest w stanie przyj\u0105\u0107 wszystkich ch\u0119tnych. Okazuje si\u0119, \u017ce <strong>pomys\u0142 ponownego rozpocz\u0119cia formacji w murach dawnego seminarium nie przypad\u0142 do gustu biskupom Sardynii.<\/strong><\/p>\r\n<p>Budowa zosta\u0142a sfinansowana przez Stolic\u0119 Apostolsk\u0105, Watykan przekaza\u0142 seminarium lokalnym biskupom w roku 1970. W 1976 lokalna hierarchia sprzeda\u0142a nieruchomo\u015b\u0107 samorz\u0105dowi. Od tego czasu lokalne w\u0142adze poszukiwa\u0142y inwestora, kt\u00f3ry chcia\u0142by przej\u0105\u0107 niszczej\u0105cy kompleks. Potencjalny inwestor pojawi\u0142 si\u0119 dopiero w roku 2012. O ile w\u0142adze przyj\u0119\u0142y ofert\u0119 ze strony Instytutu Chrystusa Kr\u00f3la Najwy\u017cszego Kap\u0142ana z rado\u015bci\u0105, <strong>przeciwko sprzeda\u017cy nieruchomo\u015bci tradycjonalistom opowiedzia\u0142o si\u0119 dw\u00f3ch lokalnych biskup\u00f3w<\/strong>, publicznie krytykuj\u0105cych mo\u017cliwo\u015b\u0107 powstania tradycjonalistycznego seminarium na ich wyspie.<\/p>\r\n<p>Cho\u0107 by\u0142e seminarium niszczeje od dekad, teraz biskupi Sardynii postanowili, \u017ce otworz\u0105 w nim\u2026 centrum dialogu. Ju\u017c podpisali stosowne porozumienie z lokalnymi w\u0142adzami, kt\u00f3rym poprzednio sprzedali nieruchomo\u015b\u0107. Teraz by\u0142e seminarium b\u0119dzie s\u0142u\u017cy\u0107 sprawie \u201epost\u0119pu humanitarnego\u201d, jak podkre\u015bli\u0142 jeden z pra\u0142at\u00f3w.<\/p>\r\n<p>\u0179r\u00f3d\u0142o: eponymousflower.blogspot.com<\/p>\r\n<p>mat<\/p>","protected":false},"excerpt":{"rendered":"Dawne papieskie seminarium w Cuglieri zostanie przekszta\u0142cone w\u2026 centrum dialogu mi\u0119dzyreligijnego, maj\u0105ce wspiera\u0107 integracj\u0119 imigrant\u00f3w. Nikt si\u0119 opustosza\u0142ym seminarium nie przejmowa\u0142, a\u017c do momentu, w kt\u00f3rym zainteresowali si\u0119 nim tradycjonali\u015bci chc\u0105cy otworzy\u0107 kolejny dom formacji. Di Muesse (Opera propria) [GFDL (http:\/\/www.gnu.org\/copyleft\/fdl.html) o CC-BY-3.0 (http:\/\/creativecommons.org\/licenses\/by\/3.0)], attraverso Wikimedia Commons Budynkiem seminarium, kt\u00f3re zosta\u0142o zamkni\u0119te na fali posoborowej [&hellip;]","protected":false},"author":1,"featured_media":0,"comment_status":"closed","ping_status":"closed","sticky":false,"template":"","format":"standard","meta":{"_acf_changed":false,"_monsterinsights_skip_tracking":false,"ngg_post_thumbnail":0,"footnotes":"","_wp_rev_ctl_limit":""},"categories":[3],"tags":[76,207,24,33],"acf":[],"_links":{"self":[{"href":"https:\/\/www.bibula.com\/index.php?rest_route=\/wp\/v2\/posts\/73020"}],"collection":[{"href":"https:\/\/www.bibula.com\/index.php?rest_route=\/wp\/v2\/posts"}],"about":[{"href":"https:\/\/www.bibula.com\/index.php?rest_route=\/wp\/v2\/types\/post"}],"author":[{"embeddable":true,"href":"https:\/\/www.bibula.com\/index.php?rest_route=\/wp\/v2\/users\/1"}],"replies":[{"embeddable":true,"href":"https:\/\/www.bibula.com\/index.php?rest_route=%2Fwp%2Fv2%2Fcomments&post=73020"}],"version-history":[{"count":0,"href":"https:\/\/www.bibula.com\/index.php?rest_route=\/wp\/v2\/posts\/73020\/revisions"}],"wp:attachment":[{"href":"https:\/\/www.bibula.com\/index.php?rest_route=%2Fwp%2Fv2%2Fmedia&parent=73020"}],"wp:term":[{"taxonomy":"category","embeddable":true,"href":"https:\/\/www.bibula.com\/index.php?rest_route=%2Fwp%2Fv2%2Fcategories&post=73020"},{"taxonomy":"post_tag","embeddable":true,"href":"https:\/\/www.bibula.com\/index.php?rest_route=%2Fwp%2Fv2%2Ftags&post=73020"}],"curies":[{"name":"wp","href":"https:\/\/api.w.org\/{rel}","templated":true}]}}