{"id":72907,"date":"2014-01-23T10:01:52","date_gmt":"2014-01-23T15:01:52","guid":{"rendered":"http:\/\/www.bibula.com\/?p=72907"},"modified":"2014-01-23T10:01:52","modified_gmt":"2014-01-23T15:01:52","slug":"zaginiony-swiadek-z-10-04","status":"publish","type":"post","link":"https:\/\/www.bibula.com\/?p=72907","title":{"rendered":"Zaginiony \u015bwiadek z 10-04"},"content":{"rendered":"<p>10 Kwietnia, par\u0119 godzin po \u201ekatastrofie smole\u0144skiej\u201d na antenie rz\u0105dowej telewizji pojawia si\u0119 &#8211; nieco w cieniu jednego z g\u0142\u00f3wnych \u201e\u015bwiadk\u00f3w lotniczego wypadku\u201d, mechanika I. Fomina &#8211; \u015bwiadek-mechanik, kt\u00f3ry przemyka si\u0119 gdzie\u015b na marginesie medialnego przekazu (<a href=\"http:\/\/www.youtube.com\/watch?v=O2p2KqFotlU\">http:\/\/www.youtube.com\/watch?v=O2p2KqFotlU<\/a>). To s\u0142ynny p\u00f3\u017aniej za spraw\u0105 wrze\u015bniowej (2010) <i>Misji<\/i> <i>specjalnej<\/i> (<a href=\"http:\/\/www.youtube.com\/watch?v=ZGOnz0pZzKQ\">http:\/\/www.youtube.com\/watch?v=ZGOnz0pZzKQ<\/a> od 3\u201933\u2019\u2019) Oleg Starostienkow (<a href=\"http:\/\/centralaantykomunizmu.blogspot.com\/2011\/07\/zapomniany-swiadek-z-misji-specjalnej.html\">http:\/\/centralaantykomunizmu.blogspot.com\/2011\/07\/zapomniany-swiadek-z-misji-specjalnej.html<\/a>; por. te\u017c <a href=\"http:\/\/www.fakt.pl\/Zastraszyli-swiadkow-Kazali-milczec-,artykuly,83059,1.html\">http:\/\/www.fakt.pl\/Zastraszyli-swiadkow-Kazali-milczec-,artykuly,83059,1.html<\/a>). Tak, tak, ten sam, kt\u00f3ry opowiada\u0107 b\u0119dzie, \u017ce \u201enie katastrof\u0119 widzia\u0142, a co innego\u201d i u\u015bmiecha\u0142 si\u0119 b\u0119dzie od ucha do ucha na wie\u015b\u0107, \u017ce m\u00f3g\u0142 p\u00f3j\u015b\u0107 z kolegami ogl\u0105da\u0107 \u201emiejsce wypadku\u201d.\u00a0<\/p>\r\n<p style=\"text-align: center;\"><img fetchpriority=\"high\" decoding=\"async\" class=\"aligncenter\" alt=\"\" src=\"http:\/\/fymreport.polis2008.pl\/wp-content\/uploads\/2014\/01\/21092010-05810.jpg\" width=\"360\" height=\"288\" \/><\/p>\r\n<p>W materiale z 10-04 dopowiada on par\u0119 s\u0142\u00f3w do relacji Fomina:<\/p>\r\n<p>TVN24: \u201eCo pan widzia\u0142?\u201d<\/p>\r\n<p><span class=\"pullquote\"><!-- Oleg Starostienkow: 'Ja nie katastrof\u0119 widzia\u0142em, ale inne rzeczy. No ale nie b\u0119dziemy m\u00f3wi\u0107 o smutnych sprawach' (\u015bmieje si\u0119 szeroko) --><\/span><\/p>\r\n<p>IF: \u201eCo widzia\u0142em? Samolot lecia\u0142. Nisko bardzo lecia\u0142. Mia\u0142 przechy\u0142 w lew\u0105 stron\u0119. Zaczepi\u0142 skrzyd\u0142em o drzewo. Tam drzewo by\u0142o \u015bci\u0119te, kt\u00f3re ros\u0142o wy\u017cej ni\u017c inne i kawa\u0142ek skrzyd\u0142a le\u017ca\u0142. I by\u0142y porozrzucane szcz\u0105tki samolotu na dwus-, na d\u0142ugo\u015bci 200, 100 metr\u00f3w. A i by\u0142 p\u0142omie\u0144. By\u0142 taki g\u0142uchy stuk. Nie by\u0142o wybuchu, ale g\u0142uchy stuk i p\u0142omie\u0144. Wybuchu nie by\u0142o \u017cadnego. Po prostu g\u0142uchy stuk i p\u0142omie\u0144 strzeli\u0142.\u201d<\/p>\r\n<p>TVN24: \u201e(Jak powiedzie\u0107 \u201ecia\u0142o\u201d?) Ofiary ty widzia\u0142? Ty smatrie\u0142?\u201d<\/p>\r\n<p>IF: \u201eNie ponia\u0142.\u201d<\/p>\r\n<p>TVN24: \u201e(Ty smatrie\u0142\u2026 ludzi?) Czy by\u0142o wida\u0107 ludzi?\u201d<\/p>\r\n<p>TVN24: \u201e(Sa\u0142on, sa\u0142on? Gdie sa\u0142on?) Gdzie kabina samolotu?\u201d<\/p>\r\n<p>TVN24: \u201eLudzi jakich\u015b? Ofiary, tej, tej tragedii?\u201d<\/p>\r\n<p>IF: (zak\u0142opotana mina)<\/p>\r\n<p>TVN24: \u201eCzy by\u0142o wida\u0107, gdzie s\u0105 pasa\u017cerowie?\u201d<\/p>\r\n<p>IF: \u201e(Ja nie widie\u0142 ludiej). Ja nie widzia\u0142em, gdzie byli pasa\u017cerowie. Nie widzia\u0142em. Samolot by\u0142\u2026 rozpad\u0142 si\u0119 na kawa\u0142ki i\u2026 najdalej odlecia\u0142o podwozie.\u201d<\/p>\r\n<p>TVN24: \u201e(Sa\u0142on? Sa\u0142on? On lie\u017ca\u0142\u2026?)\u201d<\/p>\r\n<p>IF: \u201eWszystkie kawa\u0142ki samolotu\u2026 Tutaj przecie\u017c by\u0142o wida\u0107 na tym (niezr.)\u2026 Le\u017ca\u0142y kawa\u0142ki samolotu wzd\u0142u\u017c jednej linii na odleg\u0142o\u015bci\u2026 Nie podszed\u0142em tak blisko, \u017ceby widzie\u0107 dok\u0142adnie, czy by\u0142o wida\u0107 jakich\u015b ludzi\u2026 <b>By\u0107 mo\u017ce oni zostali w kabinie<\/b>\u2026 No, st\u0105d nie by\u0142o wida\u0107. (ogl\u0105da si\u0119 na OS) Jak on lecia\u0142, ten samolot?\u201d<\/p>\r\n<p style=\"text-align: center;\"><img decoding=\"async\" class=\"aligncenter\" alt=\"\" src=\"http:\/\/fymreport.polis2008.pl\/wp-content\/uploads\/2014\/01\/video17-1297.jpg\" width=\"320\" height=\"240\" \/><\/p>\r\n<p>OS: \u201e<b>Lecia\u0142 do\u015b\u0107 nisko <\/b>(pokazuje)<b> i je\u015bli nie schodzi\u0142by w d\u00f3\u0142 i nie mia\u0142by przechy\u0142u na lew\u0105 stron\u0119, to przeszed\u0142by nad drzewami<\/b>.\u201d<\/p>\r\n<p>TVN24: \u201eA eksplozju ty s\u0142ysza\u0142? Eksplozju?\u201d (koniec fragmentu nagrania)<\/p>\r\n<p>Dla przypomnienia stenogram relacji Starostienkowa z <i>Misji<\/i> <i>specjalnej<\/i>:<\/p>\r\n<p>OS: \u201eJa zwyczajnie wyszed\u0142em odpocz\u0105\u0107, pooddycha\u0107 \u015bwie\u017cym powietrzem. Reperowa\u0142em samoch\u00f3d. Po prostu chcia\u0142em odpocz\u0105\u0107, rozumiecie?\u201d<\/p>\r\n<p>MS: \u201eI co pan wtedy zrobi\u0142?\u201d<\/p>\r\n<p>O: \u201eNo nic. Wr\u00f3ci\u0142em do warsztatu i powiedzia\u0142em ch\u0142opakom, \u017ce rozbi\u0142 si\u0119 samolot. Nie wiedzieli\u015bmy, rzecz jasna, co to za samolot, \u017ce to Prezydent Polski.\u201d<\/p>\r\n<p>MS: \u201ePoszed\u0142 pan zobaczy\u0107, co si\u0119 sta\u0142o?\u201d<\/p>\r\n<p>O: \u201eNie, nie poszed\u0142em zobaczy\u0107, mia\u0142em du\u017co pracy.\u201d<\/p>\r\n<p>MS: \u201eDlaczego pan nie poszed\u0142?\u201d<br \/> (Starostienko si\u0119 \u015bmieje w odpowiedzi)<\/p>\r\n<p>MS: \u201eTo przecie\u017c niezwyk\u0142e wydarzenie zobaczy\u0107 spadaj\u0105cy samolot.\u201d<\/p>\r\n<p>O (\u015bmiej\u0105c si\u0119): \u201eJa ju\u017c widzia\u0142em nie takie rzeczy.\u201d<br \/> (poza warsztatem): \u201eJa nie katastrof\u0119 widzia\u0142em, ale inne rzeczy. No ale nie b\u0119dziemy m\u00f3wi\u0107 o smutnych sprawach (\u015bmieje si\u0119 szeroko).\u201d<\/p>\r\n<p>MS: \u201eA co pan widzia\u0142?\u201d<\/p>\r\n<p>O: \u201eS\u0142u\u017cy\u0142em w armii.\u201d<\/p>\r\n<p>MS: \u201eA gdzie? W Afganistanie? W Czeczenii?\u201d<\/p>\r\n<p>O: \u201eNie, nie Czeczenia. Co za r\u00f3\u017cnica. Daleko. Ko\u0144czcie, dziewczynki, nie chc\u0119 o tym m\u00f3wi\u0107.\u201d<\/p>\r\n<p><a href=\"http:\/\/www.youtube.com\/watch?v=O2p2KqFotlU\">http:\/\/www.youtube.com\/watch?v=O2p2KqFotlU<\/a><\/p>\r\n<p>Co jest ciekawego w postaci Starostienkowa? Czy tylko to, \u017ce co innego m\u00f3wi (jakoby widzia\u0142) 10-go Kwietnia, a co innego kilka miesi\u0119cy p\u00f3\u017aniej? Tak\u017ce to, \u017ce w Gargasowej <i>Anatomii<\/i> <i>upadku<\/i> ju\u017c Starostienkowa nie widzimy (<a href=\"http:\/\/www.youtube.com\/watch?v=oyPrYygsum8\">http:\/\/www.youtube.com\/watch?v=oyPrYygsum8<\/a>). Podobnie zreszt\u0105 nie ma i Fomina, i Safonienki-Iwanowa (mimo \u017ce fragmenty filmiku Koli, przypisywanego przecie\u017c temu \u201e\u015bwiadkowi\u201d, s\u0105 emitowane ju\u017c w drugiej minucie <i>Anatomii<\/i>\u2026; fragmentami filmiku Fomina te\u017c si\u0119 Gargas posi\u0142kuje w 21. minucie) &#8211; i w og\u00f3le jakiegokolwiek mechanika z zak\u0142adu s\u0105siaduj\u0105cego z polank\u0105 samosiejek, na kt\u00f3r\u0105 mia\u0142 spa\u015b\u0107 \u201eprezydencki tupolew\u201d; zw\u0142aszcza Siergieja, co mia\u0142 widzie\u0107 przez okno \u201ekolosa wielko\u015bci dziesi\u0119ciopi\u0119trowego bloku spadaj\u0105cego z nieba\u201d (<a href=\"http:\/\/fymreport.polis2008.pl\/wp-content\/uploads\/2012\/02\/FYM-cz-1.pdf\">http:\/\/fymreport.polis2008.pl\/wp-content\/uploads\/2012\/02\/FYM-cz-1.pdf<\/a> s. 75). Wprawdzie pojawia si\u0119, tak po 30 minutach filmu mniej wi\u0119cej, \u00a0niejaki E. Czarnokni\u017cnik \u201epracownik pobliskiego salonu KIA\u201d (<i>Przed upadkiem oderwa\u0142a si\u0119 cz\u0119\u015b\u0107 ogonowa, samolot by\u0142 jeszcze w powietrzu &#8211; oderwa\u0142 si\u0119 ogon, upad\u0142. Rozb\u0142ysk i ogie\u0144<\/i>),\u00a0<\/p>\r\n<p style=\"text-align: center;\"><img decoding=\"async\" class=\"aligncenter\" alt=\"\" src=\"http:\/\/fymreport.polis2008.pl\/wp-content\/uploads\/2014\/01\/Eduard-Czarnokni%C5%BCnik-Anatomia-upadku.png\" width=\"614\" height=\"384\" \/><\/p>\r\n<p>lecz jest to wypowied\u017a dla \u201eNowosti24\u201d, a nie do kamery polskiej ekipy.<\/p>\r\n<p>Sk\u0105d tak wielka absencja na planie <i>Anatomii\u2026 <\/i>w\u015br\u00f3d pierwszych \u201enaocznych \u015bwiadk\u00f3w katastrofy\u201d? Dlaczego ich miejsce musieli z czasem zaj\u0105\u0107 inni \u201enaoczni \u015bwiadkowie\u201d, jak kierowca autobusu N. Szewczenko (<a href=\"http:\/\/freeyourmind.salon24.pl\/480342,pocztowka-dzwiekowa-od-nikolaja-szewczenki-do-a-gargas\">http:\/\/freeyourmind.salon24.pl\/480342,pocztowka-dzwiekowa-od-nikolaja-szewczenki-do-a-gargas<\/a>) czy S. Mikiszanow \u201ew\u0142a\u015bciciel gara\u017cu\u201d w czarnej sk\u00f3rze, pomijaj\u0105c \u201enieosi\u0105galnego\u201d wcze\u015bniej, tj. w ramach prac nad filmem <i>10.04.10<\/i>, N. Bodina \u201elekarza, w\u0142a\u015bciciela dzia\u0142ki\u201d oraz A. \u0179ujewa \u201emieszka\u0144ca osiedla przy lotnisku w Smole\u0144sku\u201d, czy wreszcie Rustama \u201epracownika hotelu Nowyj\u201d? Mo\u017ce odpowiedzi na te pytania przyniesie jaki\u015b nast\u0119pny film czo\u0142owej dziennikarki \u015bledczej szko\u0142y Macierewicza.<\/p>\r\n<p style=\"text-align: center;\"><img loading=\"lazy\" decoding=\"async\" class=\"aligncenter\" alt=\"\" src=\"http:\/\/fymreport.polis2008.pl\/wp-content\/uploads\/2014\/01\/gniazdo-w-Anatomii-upadku.png\" width=\"614\" height=\"384\" \/><\/p>\r\n<p>Tak czy tak bowiem chyba nikt z nas nie mo\u017ce si\u0119 doczeka\u0107 kolejnego \u015bledczego wideo Gargas ws. \u201ekatastrofy smole\u0144skiej\u201d. Mo\u017ce b\u0119dzie to film z nowymi \u015bwiadkami i nowymi odkryciami w kwestii \u201eeksplozji w przestworzach\u201d, o kt\u00f3rej tak wiele powiedziano i w <i>Anatomii<\/i>, i na niejednej konferencji tudzie\u017c na spotkaniach w salach wype\u0142nionych po brzegi &#8211; na ca\u0142ym \u015bwiecie. A mo\u017ce tym razem b\u0119dzie kwestia \u201epompa\u017cu silnika\u201d?<\/p>\r\n<p style=\"text-align: center;\"><img loading=\"lazy\" decoding=\"async\" class=\"aligncenter\" alt=\"\" src=\"http:\/\/fymreport.polis2008.pl\/wp-content\/uploads\/2014\/01\/znikaj%C4%85ce-obiekty-w-Smole%C5%84sku-2-Anatomia-upadku.png\" width=\"614\" height=\"384\" \/><\/p>\r\n<p style=\"text-align: center;\"><img loading=\"lazy\" decoding=\"async\" class=\"aligncenter\" alt=\"\" src=\"http:\/\/fymreport.polis2008.pl\/wp-content\/uploads\/2014\/01\/znikaj%C4%85ce-obiekty-w-Smole%C5%84sku-Anatomia-upadku.png\" width=\"614\" height=\"384\" \/><\/p>\r\n<p style=\"text-align: center;\"><img loading=\"lazy\" decoding=\"async\" class=\"aligncenter\" alt=\"\" src=\"http:\/\/fymreport.polis2008.pl\/wp-content\/uploads\/2014\/01\/sk%C5%82ad-Anatomia-upadku.png\" width=\"614\" height=\"384\" \/><\/p>\r\n<p style=\"text-align: center;\"><img loading=\"lazy\" decoding=\"async\" class=\"aligncenter\" alt=\"\" src=\"http:\/\/fymreport.polis2008.pl\/wp-content\/uploads\/2014\/01\/worki-Anatomia-upadku.png\" width=\"614\" height=\"384\" \/><\/p>\r\n<p style=\"text-align: center;\"><img loading=\"lazy\" decoding=\"async\" class=\"aligncenter\" alt=\"\" src=\"http:\/\/fymreport.polis2008.pl\/wp-content\/uploads\/2014\/01\/nosze-Anatomia-upadku.png\" width=\"614\" height=\"384\" \/><\/p>\r\n<p><strong><em>\u00a0Free Your Mind<\/em><\/strong><\/p>\r\n<p>P.S. A propos film\u00f3w. Do grona producent\u00f3w <i>Lot\u00f3w do Katynia <\/i>(<a href=\"http:\/\/freeyourmind.salon24.pl\/550881,loty-do-katynia\">http:\/\/freeyourmind.salon24.pl\/550881,loty-do-katynia<\/a> ) do\u0142\u0105czy\u0142 niedawno Rolex, kt\u00f3rego serdecznie witam w tym zacnym gronie :).<\/p>","protected":false},"excerpt":{"rendered":"10 Kwietnia, par\u0119 godzin po \u201ekatastrofie smole\u0144skiej\u201d na antenie rz\u0105dowej telewizji pojawia si\u0119 &#8211; nieco w cieniu jednego z g\u0142\u00f3wnych \u201e\u015bwiadk\u00f3w lotniczego wypadku\u201d, mechanika I. Fomina &#8211; \u015bwiadek-mechanik, kt\u00f3ry przemyka si\u0119 gdzie\u015b na marginesie medialnego przekazu (http:\/\/www.youtube.com\/watch?v=O2p2KqFotlU). To s\u0142ynny p\u00f3\u017aniej za spraw\u0105 wrze\u015bniowej (2010) Misji specjalnej (http:\/\/www.youtube.com\/watch?v=ZGOnz0pZzKQ od 3\u201933\u2019\u2019) Oleg Starostienkow (http:\/\/centralaantykomunizmu.blogspot.com\/2011\/07\/zapomniany-swiadek-z-misji-specjalnej.html; por. te\u017c http:\/\/www.fakt.pl\/Zastraszyli-swiadkow-Kazali-milczec-,artykuly,83059,1.html). [&hellip;]","protected":false},"author":1,"featured_media":0,"comment_status":"closed","ping_status":"closed","sticky":false,"template":"","format":"standard","meta":{"_acf_changed":false,"_monsterinsights_skip_tracking":false,"_monsterinsights_sitenote_active":false,"_monsterinsights_sitenote_note":"","_monsterinsights_sitenote_category":0,"ngg_post_thumbnail":0,"footnotes":"","_wp_rev_ctl_limit":""},"categories":[139],"tags":[254,137],"acf":[],"_links":{"self":[{"href":"https:\/\/www.bibula.com\/index.php?rest_route=\/wp\/v2\/posts\/72907"}],"collection":[{"href":"https:\/\/www.bibula.com\/index.php?rest_route=\/wp\/v2\/posts"}],"about":[{"href":"https:\/\/www.bibula.com\/index.php?rest_route=\/wp\/v2\/types\/post"}],"author":[{"embeddable":true,"href":"https:\/\/www.bibula.com\/index.php?rest_route=\/wp\/v2\/users\/1"}],"replies":[{"embeddable":true,"href":"https:\/\/www.bibula.com\/index.php?rest_route=%2Fwp%2Fv2%2Fcomments&post=72907"}],"version-history":[{"count":0,"href":"https:\/\/www.bibula.com\/index.php?rest_route=\/wp\/v2\/posts\/72907\/revisions"}],"wp:attachment":[{"href":"https:\/\/www.bibula.com\/index.php?rest_route=%2Fwp%2Fv2%2Fmedia&parent=72907"}],"wp:term":[{"taxonomy":"category","embeddable":true,"href":"https:\/\/www.bibula.com\/index.php?rest_route=%2Fwp%2Fv2%2Fcategories&post=72907"},{"taxonomy":"post_tag","embeddable":true,"href":"https:\/\/www.bibula.com\/index.php?rest_route=%2Fwp%2Fv2%2Ftags&post=72907"}],"curies":[{"name":"wp","href":"https:\/\/api.w.org\/{rel}","templated":true}]}}