{"id":72769,"date":"2014-01-16T12:15:37","date_gmt":"2014-01-16T17:15:37","guid":{"rendered":"http:\/\/www.bibula.com\/?p=72769"},"modified":"2014-01-17T15:52:07","modified_gmt":"2014-01-17T20:52:07","slug":"rabini-z-argentyny-u-papieza-tekst-pochodzi-ze-strony","status":"publish","type":"post","link":"https:\/\/www.bibula.com\/?p=72769","title":{"rendered":"Rabini z Argentyny u Papie\u017ca"},"content":{"rendered":"<p><strong>Papie\u017c Franciszek przyj\u0105\u0142 na audiencji w Domu \u015bw. Marty delegacj\u0119 pi\u0119tnastu rabin\u00f3w z jego ojczystej Argentyny. Przewodnicz\u0105cy Stowarzyszenia Izraelit\u00f3w Argenty\u0144skich Julio Schlosser jeszcze przed spotkaniem oznajmi\u0142, \u017ce jego tematem b\u0119d\u0105 problemy dialogu mi\u0119dzyreligijnego oraz \u201eszereg innych spraw, kt\u00f3re pojawi\u0105 si\u0119 w rozmowach, tak jak to robili\u015bmy zawsze z kard. Bergoglio w Buenos Aires\u201d.<\/strong><\/p>\r\n<p>Jak powiedzia\u0142 jeden z cz\u0142onk\u00f3w delegacji Claudio Epelman, Papie\u017c Franciszek jeszcze przed rozpocz\u0119ciem swojego pontyfikatu podejmowa\u0142 konkretn\u0105 wsp\u00f3\u0142prac\u0119 i dialog ze wsp\u00f3lnot\u0105 \u017cydowsk\u0105. \u201eZ pomoc\u0105 wielu rozm\u00f3wc\u00f3w Bergoglio sam opracowywa\u0142 pewne zagadnienia, czego nigdy nie zleca\u0142 innym, ale anga\u017cowa\u0142 si\u0119 osobi\u015bcie. Dzi\u0119ki temu powsta\u0142o szereg dzia\u0142a\u0144, projekt\u00f3w, analiz, w kt\u00f3rych brali udzia\u0142 r\u00f3\u017cni cz\u0142onkowie wsp\u00f3lnoty i dzi\u0119ki kt\u00f3rym mieli oni okazj\u0119 spotka\u0107 si\u0119 z nim i zawi\u0105zywa\u0107 osobiste relacje, te za\u015b pomaga\u0142y w umacnianiu relacji instytucjonalnych\u201d &#8211; podkre\u015bli\u0142 Epelman.<\/p>\r\n<p>W delegacji wsp\u00f3lnoty \u017cydowskiej nie mog\u0142o zabrakn\u0105\u0107 rabina Abrahama Sk\u00f3rki, dyrektora seminarium rabinicznego w Buenos Aires i od wielu lat przyjaciela kard. Bergoglio. Nie by\u0142o to zreszt\u0105 ich pierwsze spotkanie w Watykanie od czasu rozpocz\u0119cia obecnego pontyfikatu. Uwagami o swoich relacjach z obecnym Papie\u017cem rabin Sk\u00f3rka dzieli\u0142 si\u0119 r\u00f3wnie\u017c ze wsp\u00f3lnot\u0105 akademick\u0105 Uniwersytetu Gregoria\u0144skiego. Zosta\u0142a tam zorganizowana specjalna konferencja \u201eDialog \u017cydowsko-chrze\u015bcija\u0144ski pi\u0119\u0107dziesi\u0105t lat po <i>Nostra aetate<\/i>. Perspektywa latynoameryka\u0144ska\u201d. Sesj\u0119 prowadzi\u0142 przewodnicz\u0105cy watyka\u0144skiej Komisji ds. Kontakt\u00f3w Religijnych z Judaizmem kard. Kurt Koch.<\/p>\r\n<p>lg\/ rv, asca, pug, iaca<\/p>\r\n<p class=\"zrodlo\">Za: <a href=\"http:\/\/pl.radiovaticana.va\/articolo.asp?c=764701\">Radio Watykanskie (2014-01-16) <\/a><\/p>\r\n<blockquote>\r\n<h2>Dzie\u0144 Judaizmu<\/h2>\r\n<p style=\"text-align: center;\"><a href=\"http:\/\/3.bp.blogspot.com\/-z7vYHzFM4xI\/UthtRPrpH_I\/AAAAAAAAIRo\/kKYCewqSbc0\/s1600\/jarmulka.jpg\"><img fetchpriority=\"high\" decoding=\"async\" class=\"aligncenter\" style=\"border: 0px none;\" alt=\"\" src=\"http:\/\/3.bp.blogspot.com\/-z7vYHzFM4xI\/UthtRPrpH_I\/AAAAAAAAIRo\/kKYCewqSbc0\/s1600\/jarmulka.jpg\" width=\"512\" height=\"307\" border=\"0\" \/><\/a><\/p>\r\n<p><span style=\"font-size: x-small;\">Napisa\u0142 Dextimus dnia <a title=\"permanent link\" href=\"http:\/\/breviarium.blogspot.com\/2014\/01\/dzien-judaizmu.html\" rel=\"bookmark\"><abbr title=\"2014-01-17T00:38:00+01:00\">17.1.14<\/abbr><\/a><\/span><\/p>\r\n<p class=\"zrodlo\">Za: <a href=\"http:\/\/breviarium.blogspot.com\/2014\/01\/dzien-judaizmu.html\">Breviarium &#8211; dawniej: Kronika Novus Ordo (17 stycznia 2014)<\/a><\/p>\r\n<\/blockquote>\r\n<h6>\u00a0<\/h6>\r\n<blockquote>\r\n<h2>Watykan: rabin Sk\u00f3rka o spotkaniu z Franciszkiem<\/h2>\r\n<p>Rozmowa dotyczy\u0142a wielu problem\u00f3w trawi\u0105cych wsp\u00f3\u0142czesny \u015bwiat, a tak\u017ce znaczenia wizyty Franciszka w Ziemi \u015awi\u0119tej. Rabin Abraham Sk\u00f3rka, wieloletni przyjaciel kard. Bergoglio, ujawni\u0142 szczeg\u00f3\u0142y wczorajszego spotkania z Papie\u017cem. Ojciec \u015awi\u0119ty przyj\u0105\u0142 delegacj\u0119 pi\u0119tnastu rabin\u00f3w ze swej ojczystej Argentyny. By\u0142a to ju\u017c trzecia wizyta rabina Sk\u00f3rki u Papie\u017ca Franciszka. <br \/><br \/>\u201eRozmawiali\u015bmy o naprawd\u0119 wielu sprawach: od przemocy wobec kobiet i przemocy w rodzinie po to, jak\u0105 drog\u0105 i\u015b\u0107, by jednoczy\u0107 ludzi i obala\u0107 wszelkie dziel\u0105ce nas bariery. Wskazali\u015bmy, \u017ce podzia\u0142y rodz\u0105 nienawi\u015b\u0107, kt\u00f3ra ostatecznie prowadzi nawet do przemocy &#8211; m\u00f3wi rabin Sk\u00f3rka. &#8211; Rozmawiali\u015bmy te\u017c o wizycie w Ziemi \u015awi\u0119tej. Moim marzeniem jest, by m\u00f3c w niej towarzyszy\u0107 Papie\u017cowi. Chcia\u0142bym szczeg\u00f3lnie m\u00f3c modli\u0107 si\u0119 wraz z nim przed \u015acian\u0105 P\u0142aczu. Jako arcybiskup Buenos Aires wiele zrobi\u0142 on dla relacji chrze\u015bcija\u0144sko-\u017cydowskich. <strong>Robi\u0142 to w spos\u00f3b familiarny, pe\u0142en mi\u0142o\u015bci, by pokaza\u0107, \u017ce wierzymy w tego samego Boga<\/strong>, nawet je\u017celi interpretujemy Go i prze\u017cywamy na r\u00f3\u017cne sposoby. To nas mocno z\u0142\u0105czy\u0142o\u201d. <br \/><br \/>bz\/ rv<\/p>\r\n<p>Za: <a href=\"http:\/\/pl.radiovaticana.va\/articolo.asp?c=765038\">Radio Watykanskie (2014-01-17)<\/a><\/p>\r\n<\/blockquote>","protected":false},"excerpt":{"rendered":"Papie\u017c Franciszek przyj\u0105\u0142 na audiencji w Domu \u015bw. Marty delegacj\u0119 pi\u0119tnastu rabin\u00f3w z jego ojczystej Argentyny. Przewodnicz\u0105cy Stowarzyszenia Izraelit\u00f3w Argenty\u0144skich Julio Schlosser jeszcze przed spotkaniem oznajmi\u0142, \u017ce jego tematem b\u0119d\u0105 problemy dialogu mi\u0119dzyreligijnego oraz \u201eszereg innych spraw, kt\u00f3re pojawi\u0105 si\u0119 w rozmowach, tak jak to robili\u015bmy zawsze z kard. Bergoglio w Buenos Aires\u201d. Jak powiedzia\u0142 [&hellip;]","protected":false},"author":1,"featured_media":0,"comment_status":"closed","ping_status":"closed","sticky":false,"template":"","format":"standard","meta":{"_acf_changed":false,"_monsterinsights_skip_tracking":false,"_monsterinsights_sitenote_active":false,"_monsterinsights_sitenote_note":"","_monsterinsights_sitenote_category":0,"ngg_post_thumbnail":0,"footnotes":"","_wp_rev_ctl_limit":""},"categories":[3],"tags":[257,300,18,101,41,33],"acf":[],"_links":{"self":[{"href":"https:\/\/www.bibula.com\/index.php?rest_route=\/wp\/v2\/posts\/72769"}],"collection":[{"href":"https:\/\/www.bibula.com\/index.php?rest_route=\/wp\/v2\/posts"}],"about":[{"href":"https:\/\/www.bibula.com\/index.php?rest_route=\/wp\/v2\/types\/post"}],"author":[{"embeddable":true,"href":"https:\/\/www.bibula.com\/index.php?rest_route=\/wp\/v2\/users\/1"}],"replies":[{"embeddable":true,"href":"https:\/\/www.bibula.com\/index.php?rest_route=%2Fwp%2Fv2%2Fcomments&post=72769"}],"version-history":[{"count":0,"href":"https:\/\/www.bibula.com\/index.php?rest_route=\/wp\/v2\/posts\/72769\/revisions"}],"wp:attachment":[{"href":"https:\/\/www.bibula.com\/index.php?rest_route=%2Fwp%2Fv2%2Fmedia&parent=72769"}],"wp:term":[{"taxonomy":"category","embeddable":true,"href":"https:\/\/www.bibula.com\/index.php?rest_route=%2Fwp%2Fv2%2Fcategories&post=72769"},{"taxonomy":"post_tag","embeddable":true,"href":"https:\/\/www.bibula.com\/index.php?rest_route=%2Fwp%2Fv2%2Ftags&post=72769"}],"curies":[{"name":"wp","href":"https:\/\/api.w.org\/{rel}","templated":true}]}}