{"id":72745,"date":"2014-01-15T11:45:58","date_gmt":"2014-01-15T16:45:58","guid":{"rendered":"http:\/\/www.bibula.com\/?p=72745"},"modified":"2014-01-15T11:45:58","modified_gmt":"2014-01-15T16:45:58","slug":"ojciec-franciszka-pisal-o-papiestwie","status":"publish","type":"post","link":"https:\/\/www.bibula.com\/?p=72745","title":{"rendered":"Ojciec Franciszka pisa\u0142 o papiestwie"},"content":{"rendered":"<p><strong>Przed wyjazdem z W\u0142och do Argentyny ojciec obecnego papie\u017ca, Mario Bergoglio, wyg\u0142osi\u0142 w Piemoncie jako m\u0142ody cz\u0142owiek dwie prelekcje na temat papiestwa. Nieznane epizody z \u017cycia w\u0142oskiej rodziny Franciszka opisa\u0142 watyka\u0144ski dziennik \u201eL\u2019Osservatore Romano\u201d.<\/strong><\/p>\r\n<p>Ojciec Franciszka oraz babcia Rosa Bergoglio byli bardzo zaanga\u017cowani w dzia\u0142alno\u015b\u0107 Akcji Katolickiej, zanim na pocz\u0105tku 1929 r. wyjechali na zawsze do Argentyny.<\/p>\r\n<p>Prelekcj\u0119 \u201ePapiestwo\u201d ojciec Franciszka wyg\u0142osi\u0142 w wieku zaledwie 17 lat w listopadzie 1925 r. podczas konferencji w mie\u015bcie Asti, zorganizowanej z inicjatywy prezydium Diecezjalnej Federacji M\u0142odzie\u017cy. Spo\u015br\u00f3d r\u00f3\u017cnych temat\u00f3w wyst\u0105pie\u0144 akurat jemu przypad\u0142 temat pos\u0142ugi papie\u017cy i Watykanu.<\/p>\r\n<p>Relacj\u0119 z tego wydarzenia opublikowa\u0142 w\u00f3wczas miejscowy dziennik &#8222;Gazzetta d\u2019Asti&#8221;, kt\u00f3ry napisa\u0142, \u017ce Mario Bergoglio, ucze\u0144 ksi\u0119gowo\u015bci, wyg\u0142osi\u0142 \u201ep\u0142omienn\u0105\u201d pogadank\u0119 z licznymi akcentami historycznymi, oklaskiwan\u0105 przez s\u0142uchaczy.<\/p>\r\n<p>Trzy lata p\u00f3\u017aniej, latem 1928 r., a wi\u0119c w wieku 20 lat, Mario, r\u00f3wnie\u017c jako dzia\u0142acz Akcji Katolickiej,\u00a0wyg\u0142osi\u0142 zn\u00f3w referat o papiestwie pe\u0142en pochwa\u0142 pod adresem \u00f3wczesnego biskupa Rzymu Piusa XI, za\u0142o\u017cyciela tej organizacji.<\/p>\r\n<p>Autor: wg<br \/> \u0179r\u00f3d\u0142o: niezalezna.pl , PAP<\/p>","protected":false},"excerpt":{"rendered":"Przed wyjazdem z W\u0142och do Argentyny ojciec obecnego papie\u017ca, Mario Bergoglio, wyg\u0142osi\u0142 w Piemoncie jako m\u0142ody cz\u0142owiek dwie prelekcje na temat papiestwa. Nieznane epizody z \u017cycia w\u0142oskiej rodziny Franciszka opisa\u0142 watyka\u0144ski dziennik \u201eL\u2019Osservatore Romano\u201d. Ojciec Franciszka oraz babcia Rosa Bergoglio byli bardzo zaanga\u017cowani w dzia\u0142alno\u015b\u0107 Akcji Katolickiej, zanim na pocz\u0105tku 1929 r. wyjechali na zawsze [&hellip;]","protected":false},"author":1,"featured_media":0,"comment_status":"closed","ping_status":"closed","sticky":false,"template":"","format":"standard","meta":{"_acf_changed":false,"_monsterinsights_skip_tracking":false,"_monsterinsights_sitenote_active":false,"_monsterinsights_sitenote_note":"","_monsterinsights_sitenote_category":0,"ngg_post_thumbnail":0,"footnotes":"","_wp_rev_ctl_limit":""},"categories":[3],"tags":[257,300,301,41],"acf":[],"_links":{"self":[{"href":"https:\/\/www.bibula.com\/index.php?rest_route=\/wp\/v2\/posts\/72745"}],"collection":[{"href":"https:\/\/www.bibula.com\/index.php?rest_route=\/wp\/v2\/posts"}],"about":[{"href":"https:\/\/www.bibula.com\/index.php?rest_route=\/wp\/v2\/types\/post"}],"author":[{"embeddable":true,"href":"https:\/\/www.bibula.com\/index.php?rest_route=\/wp\/v2\/users\/1"}],"replies":[{"embeddable":true,"href":"https:\/\/www.bibula.com\/index.php?rest_route=%2Fwp%2Fv2%2Fcomments&post=72745"}],"version-history":[{"count":0,"href":"https:\/\/www.bibula.com\/index.php?rest_route=\/wp\/v2\/posts\/72745\/revisions"}],"wp:attachment":[{"href":"https:\/\/www.bibula.com\/index.php?rest_route=%2Fwp%2Fv2%2Fmedia&parent=72745"}],"wp:term":[{"taxonomy":"category","embeddable":true,"href":"https:\/\/www.bibula.com\/index.php?rest_route=%2Fwp%2Fv2%2Fcategories&post=72745"},{"taxonomy":"post_tag","embeddable":true,"href":"https:\/\/www.bibula.com\/index.php?rest_route=%2Fwp%2Fv2%2Ftags&post=72745"}],"curies":[{"name":"wp","href":"https:\/\/api.w.org\/{rel}","templated":true}]}}