{"id":72617,"date":"2014-01-09T14:29:57","date_gmt":"2014-01-09T19:29:57","guid":{"rendered":"http:\/\/www.bibula.com\/?p=72617"},"modified":"2014-01-09T14:30:44","modified_gmt":"2014-01-09T19:30:44","slug":"sprawiedliwosc-po-ukrainsku","status":"publish","type":"post","link":"https:\/\/www.bibula.com\/?p=72617","title":{"rendered":"Sprawiedliwo\u015b\u0107 po ukrai\u0144sku"},"content":{"rendered":"<p><strong>Z ks. dr. Micha\u0142em Bajcarem, s\u0119dzi\u0105 S\u0105du Arcybiskupiego we Lwowie, proboszczem parafii rzymskokatolickiej pw. Podwy\u017cszenia Krzy\u017ca \u015awi\u0119tego w Gr\u00f3dku Jagiello\u0144skim na Ukrainie, rozmawia Mariusz Kamieniecki<\/strong><\/p>\r\n<p><strong>Dlaczego w\u0142adze Cerkwii grekokatolickiej nie chc\u0105 odda\u0107 \u015bwi\u0105tyni <strong>pw. Narodzenia Naj\u015bwi\u0119tszej Maryi Panny<\/strong> wiernym Ko\u015bcio\u0142a Rzymskokatolickiego?<\/strong><\/p>\r\n<p><img fetchpriority=\"high\" decoding=\"async\" class=\"alignleft\" style=\"margin: 10px;\" alt=\"\" src=\"http:\/\/m3.naszdziennik.pl\/z\/450,253,354200aee7a334a6cbc9d6b4be32e255465233be.jpg\" width=\"328\" height=\"184\" align=\"left\" \/> &#8211; To dobre pytanie. Historia oddania XVII-wiecznej \u015bwi\u0105tyni w Komarnie, kt\u00f3ra od lat nieu\u017cytkowana z roku na rok popada w coraz wi\u0119ksza ruin\u0119, jest d\u0142uga i burzliwa. Wsp\u00f3lnota rzymskokatolicka ju\u017c w maju 1992 r. skierowa\u0142a do w\u0142adz pro\u015bb\u0119 o zwrot ko\u015bcio\u0142a. P\u00f3\u017aniej zrobili to grekokatolicy z Komarna, kt\u00f3rzy mieli ju\u017c cerkiew w centrum miasteczka. By\u0142 to element walki grekokatolik\u00f3w, kt\u00f3rzy maj\u0105c w wojew\u00f3dztwie lwowskim i rejonie gr\u00f3deckim przy w\u0142adzy swoich ludzi, walczyli o cerkwie z prawos\u0142awnymi. Zale\u017ca\u0142o im m.in. na odebraniu od prawos\u0142awnej wsp\u00f3lnoty cerkwi wi\u0119kszej ni\u017c ta, kt\u00f3r\u0105 ju\u017c posiadali.<\/p>\r\n<p>Prawos\u0142awni obronili jednak swoj\u0105 cerkiew, a w\u0142adza \u015bwiecka i duchowni greckokatoliccy stworzyli now\u0105 wsp\u00f3lnot\u0119 grekokatolick\u0105 \u015bw. Antoniego. To na potrzeby tej wsp\u00f3lnoty przekazano nasz ko\u015bci\u00f3\u0142. By\u0142 to czas, kiedy w Przemy\u015blu toczy\u0142y si\u0119 spory wok\u00f3\u0142 ko\u015bcio\u0142a Ojc\u00f3w Karmelit\u00f3w, w kt\u00f3rym grekokatolicy chcieli stworzy\u0107 swoj\u0105 katedr\u0119. Ostatecznie, jak pami\u0119tamy, spraw\u0119 rozwi\u0105za\u0142 Papie\u017c Jan Pawe\u0142 II, przekazuj\u0105c grekokatolikom ko\u015bci\u00f3\u0142 pw. Mi\u0142osierdzia Bo\u017cego. Jednak nacjonalistycznie nastawieni duchowni i wierni grekokatolicy wykorzystali ten fakt i przy pomocy przychylnych sobie w\u0142adz \u015bwieckich zabrali nasz ko\u015bci\u00f3\u0142. De facto, prawos\u0142awni obronili swoj\u0105 cerkiew, grekokatolicy, kt\u00f3rzy mieli dwie swoje cerkwie, dostali dodatkowo nasz ko\u015bci\u00f3\u0142, a my otrzymali\u015bmy kaplic\u0119 grobow\u0105 na cmentarzu w Komarnie. Tak wygl\u0105da sprawiedliwo\u015b\u0107 po ukrai\u0144sku.<\/span><\/p>\r\n<p><strong>Czy by\u0142y monity do w\u0142adz?<\/strong><\/p>\r\n<p><span class=\"pullquote\"><!-- Nacjonalistycznie nastawieni duchowni i wierni grekokatolicy przy pomocy przychylnych sobie w\u0142adz \u015bwieckich zabrali nasz ko\u015bci\u00f3\u0142 -->&#8211; Po tych wydarzeniach ka\u017cda nasza pro\u015bba do w\u0142adz o zwr\u00f3cenie ko\u015bcio\u0142a spotyka si\u0119 z odpowiedzi\u0105, \u017ceby dogada\u0107 si\u0119 z grekokatolikami, ale na razie jest to niemo\u017cliwe. Tak naprawd\u0119 w\u0142adze Cerkwi greckokatolickiej nie chc\u0105 odda\u0107 nam ko\u015bcio\u0142a. Brakuje im spojrzenia nie tylko historycznego, ale tak\u017ce prawdziwie religijnego, z drugiej strony do g\u0142osu dochodzi zaciek\u0142o\u015b\u0107 ukrai\u0144sko-nacjonalistyczna, z kt\u00f3r\u0105 nie da si\u0119 dyskutowa\u0107. Na razie nie mamy ko\u015bcio\u0142a, a inni maj\u0105 \u015bwi\u0105ty\u0144 wi\u0119cej ni\u017c im potrzeba. Tak oto szydzi si\u0119 z Boga i ludzi.<\/p>\r\n<p><strong>Od kilkunastu lat doje\u017cd\u017ca ksi\u0105dz z Gr\u00f3dka do Komarna. Ile wiernych liczy parafia i gdzie wierni gromadz\u0105 si\u0119 na modlitwie? <\/strong><\/p>\r\n<p>&#8211; Do Komarna z Gr\u00f3dka doje\u017cd\u017cam od 13 lat. Ca\u0142y czas modlimy si\u0119 o ko\u015bci\u00f3\u0142 i ufamy, \u017ce Bo\u017ca sprawiedliwo\u015b\u0107 zwyci\u0119\u017cy. Wsp\u00f3lnota \u0142aci\u0144ska w Komarnie i okolicach liczy 62 osoby. W czasie kol\u0119dy odwiedzam 23 domy naszych parafian. Chrzty i \u015bluby odbywaj\u0105 si\u0119 oczywi\u015bcie w ko\u015bciele w Gr\u00f3dku, aby nie krzywdzi\u0107 tych ludzi i da\u0107 im odczu\u0107, \u017ce s\u0105 cz\u0119\u015bci\u0105 prawdziwego \u017cyj\u0105cego i rozwijaj\u0105cego si\u0119 Ko\u015bcio\u0142a, a nie upadaj\u0105cego, prawie umieraj\u0105cego, kt\u00f3ry udziela sakrament\u00f3w w kaplicy &#8211; grobowcu na cmentarzu.<\/p>\r\n<p>Na ka\u017cdej Mszy \u015bw. niedzielnej gromadzi si\u0119 ok. 30 os\u00f3b, czasem 40. Kapliczka, w kt\u00f3rej jest sprawowana Naj\u015bwi\u0119tsza Ofiara, przyci\u0105ga ludzi, jednak brak przestrzeni liturgicznej przeszkadza w sprawowaniu kultu. U zarania chrze\u015bcija\u0144stwa im wi\u0119ksze by\u0142y prze\u015bladowania, tym wiara bardziej si\u0119 szerzy\u0142a. Podobnie jest dzisiaj w Komarnie, ludzie chc\u0105 przychodzi\u0107 i b\u0119d\u0105 przychodzi\u0107 do prawdziwego Boga, bo jak kiedy\u015b komuni\u015bci nie zdo\u0142ali zamkn\u0105\u0107 drogi wierz\u0105cym do ko\u015bcio\u0142\u00f3w nawet tych kilku, tak dzisiaj grekokatolicy te\u017c nie przeszkodz\u0105 Polakom czy Ukrai\u0144com praktykowa\u0107 wiary tam, gdzie im odpowiada.<\/p>\r\n<p><strong>A jakie warunki do modlitwy maj\u0105 wierni grekokatolicy w Komarnie? <\/strong><\/p>\r\n<p>&#8211; Jak ju\u017c wspomnia\u0142em, grekokatolicy w Komarnie maj\u0105 dwie swoje cerkwie i nasz ko\u015bci\u00f3\u0142 pw. Narodzenia Naj\u015bwi\u0119tszej Maryi Panny. Cerkiew stara zabytkowa stoi zamkni\u0119ta, otwierana jest tylko kilka razy w roku. W cerkwi g\u0142\u00f3wnej \u015bw. Piotra i Paw\u0142a odprawia si\u0119 nabo\u017ce\u0144stwa w niedziele o godz. 11.00, a wtedy nasz ko\u015bci\u00f3\u0142 jest pusty. Natomiast w naszym ko\u015bciele nabo\u017ce\u0144stwa s\u0105 odprawiane w niedziel\u0119 o godz. 9.00 i w\u00f3wczas cerkiew stoi pusta. My natomiast odprawiamy Msze \u015bw. o godz. 9.00 w czasie letnim i o 10.00 w czasie zimowym, oczywi\u015bcie w kapliczce na cmentarzu.<\/p>\r\n<p><strong>Jak ludzie odbieraj\u0105 zachowanie Cerkwii grekokatolickiej?<\/strong><\/p>\r\n<p>&#8211; Ta sytuacja jest trudna i chc\u0119 zaznaczy\u0107, \u017ce wi\u0119kszo\u015b\u0107 ludzi w Komarnie i poza miasteczkiem komentuje to jednoznacznie. Jest to nienormalna sytuacja, kt\u00f3ra przeszkadza wszystkim, racjonalnie my\u015bl\u0105cym. Wi\u0119kszo\u015b\u0107 mieszka\u0144c\u00f3w Komarna jest za tym, aby ko\u015bci\u00f3\u0142 wr\u00f3ci\u0142 do swoich prawowitych w\u0142a\u015bcicieli, ale ludzie ci nie maj\u0105 si\u0142y przebicia. Natomiast pewna grupka ludzi, kt\u00f3rzy blokuj\u0105 ten proces, ma poparcie w\u0142adz i sfa\u0142szowane dokumenty dotycz\u0105ce prawa w\u0142asno\u015bci. Czy to normalne, aby po \u015bmierci ojca, kt\u00f3ry nie napisa\u0142 testamentu, s\u0105siad sta\u0142 si\u0119 w\u0142a\u015bcicielem domu, kt\u00f3ry po rodzicu spadkuje syn? W normalnej sytuacji jest to nie do pomy\u015blenia, ale tu jak wida\u0107, jest to mo\u017cliwe. Nie wzi\u0119to pod uwag\u0119 ani dokument\u00f3w, ani argument\u00f3w, logiki te\u017c nie bierze si\u0119 pod uwag\u0119. W\u0142a\u015bnie tak wygl\u0105da sytuacja z naszym ko\u015bcio\u0142em w Komarnie.<\/p>\r\n<p><strong>Czy ten problem by\u0142 zg\u0142aszany ukrai\u0144skim w\u0142adzom \u015bwieckim i Cerkwii greckokatolickiej i jaka by\u0142a odpowied\u017a?<\/strong><\/p>\r\n<p>&#8211; Tak, problem by\u0142 zg\u0142aszany w\u0142adzom \u015bwieckim i ko\u015bcielnym. W\u0142adze \u015bwieckie m\u00f3wi\u0105 wprost, \u017ce \u015bwi\u0105tynia jest zarejestrowana na wsp\u00f3lnot\u0119 greckokatolick\u0105 i to z nimi trzeba si\u0119 dogadywa\u0107. Burmistrz miasta powiedzia\u0142 mi, \u017ce owszem jest za tym, aby ta \u015bwi\u0105tynia by\u0142a u\u017cytkowana i sukcesywnie remontowana, ale biznesmeni nie chc\u0105 dawa\u0107 pieni\u0119dzy, bo to polski ko\u015bci\u00f3\u0142. Tak\u017ce administracja wojew\u00f3dzka, kt\u00f3r\u0105 prosi\u0142 ojciec Iwan, nie znalaz\u0142a \u015brodk\u00f3w na remont. Natomiast w\u0142adyka, czyli biskup Tarasij, Eparchii Stryjskiej, do kt\u00f3rej nale\u017cy Komarno, odpowiedzia\u0142 mi, \u017ce on nie mo\u017ce wyda\u0107 dekretu na przeniesienie duchownego do innej parafii, bo nie ma pewno\u015bci, \u017ce zostanie on wykonany i wtedy o\u015bmieszy si\u0119. Na moje zapytanie, a jak to si\u0119 ma do wiary, struktur hierarchicznych ko\u015bcio\u0142a, do pos\u0142usze\u0144stwa kap\u0142a\u0144skiego, jedynie si\u0119 u\u015bmiechn\u0105\u0142. Wtedy zrozumia\u0142em jego niemoc i bezradno\u015b\u0107 urz\u0119dow\u0105 nawet wobec ewidentnej niesprawiedliwo\u015bci.<\/p>\r\n<p><strong>Jakie argumenty przedstawiaj\u0105 przedstawiciele Cerkwii?<\/strong><\/p>\r\n<p>&#8211; Przedstawiciele Cerkwi przedstawiaj\u0105 r\u00f3\u017cne argumenty. Ci, kt\u00f3rzy rozumuj\u0105 zgodnie z logik\u0105 wiary, m\u00f3wi\u0105 wprost: nasza wsp\u00f3lnota ma swoje dwa budynki i nie potrzebuje kolejnego, a wy nie macie \u017cadnego i to jest wasza \u015bwi\u0105tynia, kt\u00f3ra powinna by\u0107 wam zwr\u00f3cona. Natomiast ci, kt\u00f3rzy patrz\u0105 z punktu widzenia Ukrai\u0144ca, kt\u00f3ry jest z\u0142y na ca\u0142y \u015bwiat i wsz\u0119dzie szuka wroga, m\u00f3wi\u0105 tak: w Komarnie nie ma Polak\u00f3w, a nawet je\u017celi s\u0105, to tylko si\u0119 nazywaj\u0105 Polakami. Wed\u0142ug nich, na tych ziemiach nigdy nie by\u0142o Polak\u00f3w, nigdy nie by\u0142o te\u017c Ko\u015bcio\u0142a \u0142aci\u0144skiego, dlatego ci ludzie, kt\u00f3rzy chodz\u0105 do ko\u015bcio\u0142a, powinni chodzi\u0107 do cerkwi.<\/p>\r\n<p>Wszystko o nas wiedz\u0105, licz\u0105, ile os\u00f3b chodzi do ko\u015bcio\u0142a, wiedz\u0105 nawet, ile os\u00f3b z naszej wsp\u00f3lnoty zmar\u0142o, a ile jeszcze \u017cyje. Na ko\u0144cu zawsze pada koronny argument, \u017ce Ukrai\u0144cy w Polsce nie maj\u0105 \u0142atwego \u017cycia, \u017ce Polacy pozabierali im cerkwie i dop\u00f3ki tam nie b\u0119dzie porz\u0105dku, nie mamy co liczy\u0107 na zwrot \u015bwi\u0105tyni w Komarnie. Kilka lat temu tak m\u00f3wi\u0142, u\u017cywaj\u0105c tych argument\u00f3w w wywiadzie dla Polskiego Radia Rzesz\u00f3w, wspomniany ojciec Iwan, dziekan greckokatolicki w Komarnie.<\/p>\r\n<p><strong>W takich dzia\u0142aniach trudno dostrzec dobr\u0105 wol\u0119\u2026<\/strong><\/p>\r\n<p>&#8211; Dobra wola jest, ale po stronie zwyczajnych ludzi, kt\u00f3rzy chc\u0105 normalno\u015bci i rozumiej\u0105, \u017ce taka niesprawiedliwo\u015b\u0107 przeszkadza wszystkim w Komarnie. Niestety, nie wszyscy Ukrai\u0144cy s\u0105 tego zdania.<\/p>\r\n<p><strong>Kto zatem mo\u017ce rozwi\u0105za\u0107 problem zwrotu \u015bwi\u0105tyni i czy Ksi\u0119dza zdaniem jest to realne?<\/strong><\/p>\r\n<p>&#8211; T\u0119 sytuacj\u0119 mo\u017cna i trzeba rozwi\u0105za\u0107. Mo\u017ce j\u0105 rozwi\u0105za\u0107 w\u0142adza Cerkwi, przy odrobinie dobrej woli duchownych i ludzi \u015bwi\u0119ckich, kt\u00f3rzy maj\u0105 na to wp\u0142yw. Nale\u017cy t\u0119 sytuacj\u0119 rozwi\u0105za\u0107, aby w Komarnie, jak i w ca\u0142ym kraju zapanowa\u0142a normalno\u015b\u0107, w przeciwnym razie Ukraina nigdy nie posunie si\u0119 ani na centymetr w stron\u0119 normalno\u015bci religijnej, w stron\u0119 kultury i cywilizacji. Na przyk\u0142ad ojciec Iwan ostatnio je\u017adzi\u0142 do Kijowa na Majdan i modli\u0142 si\u0119 w intencji zmian na Ukrainie, za Europ\u0119. Wr\u00f3ci\u0142 i nadal trzyma klucz od naszego ko\u015bcio\u0142a w kieszeni, a my marzniemy na cmentarzu w grobowej kapliczce. Czy to jest logiczne? Jakiej Ukrainy w przysz\u0142o\u015bci dla swoich dzieci chc\u0105 tacy ludzie? Do jakiej Europy zmierzaj\u0105 z takim podej\u015bciem? Oto jest zagadka, kt\u00f3r\u0105 trzeba rozwi\u0105za\u0107.<\/p>\r\n<p><strong>W jakim stanie obecnie znajduje si\u0119 \u015bwi\u0105tynia?<\/strong><\/p>\r\n<p><strong>&#8211; <\/strong>Stan naszej \u015bwi\u0105tyni jest op\u0142akany. Upad\u0142a sygnaturka, odpada tynk, dziurawe okna i dach, zardzewia\u0142a blacha. Jedyne, co uda\u0142o si\u0119 zrobi\u0107, to wstawi\u0107 jedno okno, otynkowa\u0107 dzwonnic\u0119 i ogrodzi\u0107 teren. Nie obra\u017caj\u0105c nikogo, stan ko\u015bcio\u0142a w Komarnie odzwierciedla stan spo\u0142eczno\u015bci w r\u00f3\u017cnych jej wymiarach. Wszyscy s\u0105 biedni, jak biedna jest \u015bwi\u0105tynia Bo\u017ca.<\/p>\r\n<p><strong>W Polsce wiele m\u00f3wi si\u0119 o polsko-ukrai\u0144skim pojednaniu, o strategicznym partnerstwie. W zwi\u0105zku z obecn\u0105 sytuacj\u0105 na Ukrainie z Polski p\u0142yn\u0105 deklaracje poparcia europejskich ambicji spo\u0142ecze\u0144stwa ukrai\u0144skiego, tymczasem Komarno sta\u0142o si\u0119 symbolem ukrai\u0144sko-polskiego nieporozumienia?<\/strong><\/p>\r\n<p><strong>&#8211; <\/strong>Na to pytanie odpowiem tak. Z lotu samolotu wszystko si\u0119 widzi pi\u0119kne i kolorowo. Kiedy si\u0119 jedzie samochodem lub idzie pieszo, wszystko staje si\u0119 bardziej realne, bli\u017csze lub dalekie. A wi\u0119c ambicje europejskie spo\u0142ecze\u0144stwa ukrai\u0144skiego mo\u017cna wymierzy\u0107 wielko\u015bci\u0105 nieznajomo\u015bci Europejczyk\u00f3w tego terenu, tej mentalno\u015bci i tych ludzi po upadku totalitarnego re\u017cimu i takiej m\u0142odej i bezkierunkowej m\u0142odo\u015bci pa\u0144stwa ukrai\u0144skiego. Tu wszystko jest inaczej. Dlatego apeluj\u0119, aby zatrzyma\u0107 si\u0119 na chwil\u0119, wyj\u015b\u0107 z tego\u00a0 samolotu, po\u017cy\u0107 tu, na miejscu, jaki\u015b czas. Tylko w\u00f3wczas mo\u017cna cho\u0107 troch\u0119 zrozumie\u0107, jakie relacje tu panuj\u0105.<\/p>\r\n<p>Korzystaj\u0105c z okazji, bardzo dzi\u0119kuj\u0119 Redakcji \u201eNaszego Dziennika\u201d i panu osobi\u015bcie za zainteresowanie i za mo\u017cliwo\u015b\u0107, ju\u017c kolejny raz, podzielenia si\u0119 b\u00f3lem prawdy o ko\u015bciele w Komarnie.<\/p>\r\n<p>\u015awi\u0105tynia wci\u0105\u017c czeka na prawowitych w\u0142a\u015bcicieli. Prosz\u0119 wszystkich Czytelnik\u00f3w o wsparcie modlitewne, bo grzech ludzki tu, w tym miejscu, jest wyra\u017any i blokuje dotarcie \u0142aski Bo\u017cej nie tylko do Polak\u00f3w z Komarna i okolic, kt\u00f3rzy staraj\u0105 si\u0119 o odzyskanie swojego ko\u015bcio\u0142a, ale r\u00f3wnie\u017c do Ukrai\u0144c\u00f3w czy to grekokatolik\u00f3w, czy prawos\u0142awnych, kt\u00f3rzy mieszkaj\u0105 w tym miasteczku.<\/p>\r\n<p><strong>Dzi\u0119kuj\u0119 za rozmow\u0119\u00a0<\/strong><\/p>\r\n<p>Z ks. dr. Micha\u0142em Bajcarem<\/p>","protected":false},"excerpt":{"rendered":"Z ks. dr. Micha\u0142em Bajcarem, s\u0119dzi\u0105 S\u0105du Arcybiskupiego we Lwowie, proboszczem parafii rzymskokatolickiej pw. Podwy\u017cszenia Krzy\u017ca \u015awi\u0119tego w Gr\u00f3dku Jagiello\u0144skim na Ukrainie, rozmawia Mariusz Kamieniecki Dlaczego w\u0142adze Cerkwii grekokatolickiej nie chc\u0105 odda\u0107 \u015bwi\u0105tyni pw. Narodzenia Naj\u015bwi\u0119tszej Maryi Panny wiernym Ko\u015bcio\u0142a Rzymskokatolickiego? &#8211; To dobre pytanie. Historia oddania XVII-wiecznej \u015bwi\u0105tyni w Komarnie, kt\u00f3ra od lat nieu\u017cytkowana [&hellip;]","protected":false},"author":1,"featured_media":0,"comment_status":"closed","ping_status":"closed","sticky":false,"template":"","format":"standard","meta":{"_acf_changed":false,"_monsterinsights_skip_tracking":false,"_monsterinsights_sitenote_active":false,"_monsterinsights_sitenote_note":"","_monsterinsights_sitenote_category":0,"ngg_post_thumbnail":0,"footnotes":"","_wp_rev_ctl_limit":""},"categories":[215],"tags":[132,188,167],"acf":[],"_links":{"self":[{"href":"https:\/\/www.bibula.com\/index.php?rest_route=\/wp\/v2\/posts\/72617"}],"collection":[{"href":"https:\/\/www.bibula.com\/index.php?rest_route=\/wp\/v2\/posts"}],"about":[{"href":"https:\/\/www.bibula.com\/index.php?rest_route=\/wp\/v2\/types\/post"}],"author":[{"embeddable":true,"href":"https:\/\/www.bibula.com\/index.php?rest_route=\/wp\/v2\/users\/1"}],"replies":[{"embeddable":true,"href":"https:\/\/www.bibula.com\/index.php?rest_route=%2Fwp%2Fv2%2Fcomments&post=72617"}],"version-history":[{"count":0,"href":"https:\/\/www.bibula.com\/index.php?rest_route=\/wp\/v2\/posts\/72617\/revisions"}],"wp:attachment":[{"href":"https:\/\/www.bibula.com\/index.php?rest_route=%2Fwp%2Fv2%2Fmedia&parent=72617"}],"wp:term":[{"taxonomy":"category","embeddable":true,"href":"https:\/\/www.bibula.com\/index.php?rest_route=%2Fwp%2Fv2%2Fcategories&post=72617"},{"taxonomy":"post_tag","embeddable":true,"href":"https:\/\/www.bibula.com\/index.php?rest_route=%2Fwp%2Fv2%2Ftags&post=72617"}],"curies":[{"name":"wp","href":"https:\/\/api.w.org\/{rel}","templated":true}]}}