{"id":72395,"date":"2013-12-31T18:36:33","date_gmt":"2013-12-31T23:36:33","guid":{"rendered":"http:\/\/www.bibula.com\/?p=72395"},"modified":"2013-12-31T18:36:33","modified_gmt":"2013-12-31T23:36:33","slug":"pilkarz-poklepal-sie-po-ramieniu-grozi-mu-zawieszenie-za-antysemityzm","status":"publish","type":"post","link":"https:\/\/www.bibula.com\/?p=72395","title":{"rendered":"Pi\u0142karz poklepa\u0142 si\u0119 po ramieniu. Grozi mu zawieszenie za \u201eantysemityzm&#8221;"},"content":{"rendered":"<p><strong>W dzisiejszych czasach bardzo \u0142atwo zosta\u0107 antysemit\u0105. Przekona\u0142 si\u0119 o tym Nicolas Anelka, kt\u00f3ry w trakcie meczu pi\u0142ki no\u017cnej mia\u0142 u\u017cy\u0107 \u201eantysemickiego\u201d gestu poklepuj\u0105c si\u0119 po ramieniu.<\/strong><\/p>\r\n<p><a href=\"http:\/\/www.autonom.pl\/wp-content\/uploads\/anelka2.jpg\"><img decoding=\"async\" class=\"alignleft\" style=\"margin: 10px;\" alt=\"\" src=\"http:\/\/www.autonom.pl\/wp-content\/uploads\/anelka2.jpg\" width=\"200\" height=\"140\" align=\"left\" \/><\/a>Urodzony we Francji zawodnik brytyjskiej dru\u017cyny West Bromwich Albion w czasie sobotniego meczu z West Ham United odbywaj\u0105cego po strzeleniu pierwszej ze swoich dw\u00f3ch bramek w tym spotkaniu poklepa\u0142 si\u0119 po ramieniu. To wystarczy\u0142o, by wywo\u0142a\u0142 fal\u0119 oburzenia we Francji, zareagowa\u0142 na niego nawet francuski minister sportu, kt\u00f3ry na Twitterze oznajmi\u0142 \u015bwiatu, i\u017c \u201egest Anelki to szokuj\u0105ca prowokacja\u201d.<\/p>\r\n<p>Gest jakiego u\u017cy\u0142 Anelka nazywany jest we Francji \u201equenelle\u201d, zosta\u0142 on tam spopularyzowany przez znanego komika Dieudonne\u2019a M\u2019bal\u0119. Komik zosta\u0142 ju\u017c kilkakrotnie skazany za ten gest; t\u0142umaczenia, \u017ce ma on charakter antysyjonistyczny, a nie antysemicki nie trafia\u0142y do francuskiego wymiaru sprawiedliwo\u015bci.<\/p>\r\n<p>Histeryczna reakcja na tak\u0105 b\u0142ahostk\u0119 mocno zaskoczy\u0142a samego pi\u0142karza. Komentuj\u0105c ca\u0142\u0105 spraw\u0119 wyja\u015bni\u0142, \u017ce nie mia\u0142 nic z\u0142ego na my\u015bli, a sam gest \u201eto by\u0142a tylko specjalna dedykacja dla mojego przyjaciela Dieudonne\u2019a\u201d &#8211; o\u015bwiadczy\u0142 za pomoc\u0105 Twittera Anelka.<\/p>\r\n<p>Podobn\u0105 opini\u0119 wyrazi\u0142 szkoleniowiec dru\u017cyny Keith Downing. \u201eTo by\u0142a dedykacja dla francuskiego komika, kt\u00f3rego zna bardzo, bardzo dobrze. My\u015bl\u0119, \u017ce czas sko\u0144czy\u0107 o tym m\u00f3wi\u0107, bo jest to absolutnie niepotrzebne\u201d &#8211; wyja\u015bni\u0142. Doda\u0142 r\u00f3wnie\u017c \u017ce \u201eAnelka jest zupe\u0142nie zaskoczony tym, jakie problemy i spekulacje pojawi\u0142y si\u0119 wok\u00f3\u0142 tego gestu\u201d.<\/p>\r\n<p>Rozdmuchanym przez media skandalem zajm\u0105 si\u0119 teraz w\u0142adze angielskiej pi\u0142ki no\u017cnej. Federacja Football Association poprzez swojego rzecznika oznajmi\u0142a, i\u017c przeprowadzi \u015bledztwo w tej sprawie. Nieznane s\u0105 jeszcze konsekwencje, jakie spotkaj\u0105 pi\u0142karza lecz ju\u017c teraz Europejski Kongres \u017bydowski domaga si\u0119 jego zawieszenia.<\/p>\r\n<p><em>Na podstawie: huffingtonpost.com, mirror.co.uk<\/em><br \/> <em><a href=\"http:\/\/autonom.pl\/?p=7825\">http:\/\/autonom.pl<\/a><\/em><\/p>\r\n<blockquote>\r\n<p><em>Gajowy w\u0142a\u015bnie po raz pierwszy dowiedzia\u0142 si\u0119 o tym ge\u015bcie. Postanowi\u0142 si\u0119 go nauczy\u0107 i stosowa\u0107 przy ka\u017cdej okazji.<\/em><br \/> <em>Admin<\/em><\/p>\r\n<\/blockquote>","protected":false},"excerpt":{"rendered":"W dzisiejszych czasach bardzo \u0142atwo zosta\u0107 antysemit\u0105. Przekona\u0142 si\u0119 o tym Nicolas Anelka, kt\u00f3ry w trakcie meczu pi\u0142ki no\u017cnej mia\u0142 u\u017cy\u0107 \u201eantysemickiego\u201d gestu poklepuj\u0105c si\u0119 po ramieniu. Urodzony we Francji zawodnik brytyjskiej dru\u017cyny West Bromwich Albion w czasie sobotniego meczu z West Ham United odbywaj\u0105cego po strzeleniu pierwszej ze swoich dw\u00f3ch bramek w tym spotkaniu [&hellip;]","protected":false},"author":1,"featured_media":0,"comment_status":"closed","ping_status":"closed","sticky":false,"template":"","format":"standard","meta":{"_acf_changed":false,"_monsterinsights_skip_tracking":false,"_monsterinsights_sitenote_active":false,"_monsterinsights_sitenote_note":"","_monsterinsights_sitenote_category":0,"ngg_post_thumbnail":0,"footnotes":"","_wp_rev_ctl_limit":""},"categories":[6],"tags":[48,25,213,220],"acf":[],"_links":{"self":[{"href":"https:\/\/www.bibula.com\/index.php?rest_route=\/wp\/v2\/posts\/72395"}],"collection":[{"href":"https:\/\/www.bibula.com\/index.php?rest_route=\/wp\/v2\/posts"}],"about":[{"href":"https:\/\/www.bibula.com\/index.php?rest_route=\/wp\/v2\/types\/post"}],"author":[{"embeddable":true,"href":"https:\/\/www.bibula.com\/index.php?rest_route=\/wp\/v2\/users\/1"}],"replies":[{"embeddable":true,"href":"https:\/\/www.bibula.com\/index.php?rest_route=%2Fwp%2Fv2%2Fcomments&post=72395"}],"version-history":[{"count":0,"href":"https:\/\/www.bibula.com\/index.php?rest_route=\/wp\/v2\/posts\/72395\/revisions"}],"wp:attachment":[{"href":"https:\/\/www.bibula.com\/index.php?rest_route=%2Fwp%2Fv2%2Fmedia&parent=72395"}],"wp:term":[{"taxonomy":"category","embeddable":true,"href":"https:\/\/www.bibula.com\/index.php?rest_route=%2Fwp%2Fv2%2Fcategories&post=72395"},{"taxonomy":"post_tag","embeddable":true,"href":"https:\/\/www.bibula.com\/index.php?rest_route=%2Fwp%2Fv2%2Ftags&post=72395"}],"curies":[{"name":"wp","href":"https:\/\/api.w.org\/{rel}","templated":true}]}}