{"id":72262,"date":"2013-12-19T16:03:01","date_gmt":"2013-12-19T21:03:01","guid":{"rendered":"http:\/\/www.bibula.com\/?p=72262"},"modified":"2013-12-19T16:03:01","modified_gmt":"2013-12-19T21:03:01","slug":"expose-merkel-panstwa-ue-musza-zaakceptowac-utrate-suwerennosci","status":"publish","type":"post","link":"https:\/\/www.bibula.com\/?p=72262","title":{"rendered":"Expose Merkel: pa\u0144stwa UE musz\u0105 zaakceptowa\u0107 utrat\u0119 suwerenno\u015bci"},"content":{"rendered":"<p><strong>Angela Merkel podczas expose wyg\u0142oszonego w parlamencie, inauguruj\u0105cego jej trzeci\u0105 kadencj\u0119 na stanowisku kanclerza podkre\u015bli\u0142a, i\u017c remedium na wszystkie bol\u0105czki Niemiec i UE b\u0119dzie \u201ewi\u0119cej Europy w Europie\u201d. Innymi s\u0142owy szefowa niemieckiego rz\u0105du opowiedzia\u0142a si\u0119 za oddelegowaniem przez rz\u0105dy krajowe wi\u0119kszej w\u0142adzy do instytucji unijnych. <\/strong><\/p>\r\n<p>W dwudziestominutowym przem\u00f3wieniu wyg\u0142oszonym w Bundestagu Merkel skupi\u0142a si\u0119 na sprawach Europy i jej dalszej integracji. Podkre\u015bli\u0142a, i\u017c priorytetem jej rz\u0105du b\u0119dzie lobbowanie na rzecz wprowadzenia \u015bci\u015blejszego nadzoru polityki gospodarczej poszczeg\u00f3lnych pa\u0144stw cz\u0142onkowskich Unii. Wg kanclerz \u201eNiemcy tylko wtedy b\u0119d\u0105 silne, gdy Europa si\u0119 wzmocni\u201d. \u00a0<\/p>\r\n<p>Dla wielu s\u0142owa Merkel\u00a0 \u201ewi\u0119cej Europy w Europie\u201d s\u0105 nie do przyj\u0119cia. O ile kraje Europy po\u0142udniowej, korzystaj\u0105ce z pakiet\u00f3w pomocowych s\u0105 zainteresowane \u015bci\u015blejsz\u0105 integracj\u0105, to rozumiej\u0105 j\u0105 jednak w kontek\u015bcie wi\u0119kszego zaanga\u017cowania wszystkich cz\u0142onk\u00f3w UE w ponoszenie ci\u0119\u017car\u00f3w zad\u0142u\u017cenia. Akceptacja pomys\u0142\u00f3w Merkel z kolei oznacza utrat\u0119 suwerenno\u015bci.<\/p>\r\n<p>Niemcy chc\u0105 nie tylko kontrolowa\u0107 bud\u017cety poszczeg\u00f3lnych pa\u0144stw UE, ale tak\u017ce mie\u0107 nadz\u00f3r na ca\u0142\u0105 ich gospodark\u0105. Merkel w expose wypowiedzia\u0142a si\u0119 za systemem \u201ewi\u0105\u017c\u0105cych um\u00f3w\u201d pomi\u0119dzy rz\u0105dami pa\u0144stw cz\u0142onkowskich a Komisj\u0105 Europejsk\u0105, ramieniem wykonawczym UE. Komisja mia\u0142aby okre\u015bla\u0107 reformy strukturalne, jakie powinny przeprowadzi\u0107 dane kraje. W zamian za rezygnacj\u0119 z suwerenno\u015bci Niemcy obiecuj\u0105 pewn\u0105 form\u0119 pomocy finansowej w razie powa\u017cnych k\u0142opot\u00f3w.<\/p>\r\n<p>Kanclerz zaznaczy\u0142a w przem\u00f3wieniu, i\u017c Europa musi si\u0119 rozwija\u0107, a kraje UE musz\u0105 zaakceptowa\u0107 fundamentaln\u0105 zmian\u0119, w tym utrat\u0119 suwerenno\u015bci <em>. &#8211; Ka\u017cdy, kto chce wi\u0119cej Europy musi zaakceptowa\u0107 to, i\u017c niekt\u00f3re zadania b\u0119d\u0105 przekazane innym podmiotom <\/em>&#8211; m\u00f3wi\u0142a.<\/p>\r\n<p>Wobec rosn\u0105cych w si\u0142\u0119 partii eurosceptycznych coraz wi\u0119cej polityk\u00f3w wyra\u017ca swoje obawy dot. wyrzeczenia si\u0119 suwerenno\u015bci. Ich zdaniem m\u00f3wienie o potrzebie g\u0142\u0119bszej integracji, zrzeczeniu si\u0119 suwerenno\u015bci itp. przysporzy wi\u0119cej wyborc\u00f3w partiom antyunijnym, a co za tym idzie oni mog\u0105 nie dosta\u0107 si\u0119 do Parlamentu Europejskiego. Wskazuj\u0105 tak\u017ce na niebezpiecze\u0144stwo wkroczenia Europy na drog\u0119 dezintegracji, kt\u00f3ra mo\u017ce si\u0119 okaza\u0107 procesem trudnym do opanowania.<\/p>\r\n<p>Kanclerz zaprezentowa\u0142a w\u0142asn\u0105 wizj\u0119 europejskiej polityki obronnej. W przeciwie\u0144stwie do Francuz\u00f3w, Niemcy nie chc\u0105 wysy\u0142a\u0107 \u017co\u0142nierzy europejskich na misje w ogarni\u0119tych konfliktami regionach, lecz opowiadaj\u0105 si\u0119 za systemem szkole\u0144 organizowanych w pa\u0144stwach partnerskich, by same potrafi\u0142y one rozwi\u0105zywa\u0107 swoje problemy. W tej chwili np. niemieccy oficerowie szkol\u0105 \u017co\u0142nierzy armii rz\u0105dowej w Mali. Merkel opowiada si\u0119 tak\u017ce za dostarczaniem pomocy wojskowej.<\/p>\r\n<p>\u0179r\u00f3d\u0142o. Wall Street Journal, dw.de, AS.<\/p>","protected":false},"excerpt":{"rendered":"Angela Merkel podczas expose wyg\u0142oszonego w parlamencie, inauguruj\u0105cego jej trzeci\u0105 kadencj\u0119 na stanowisku kanclerza podkre\u015bli\u0142a, i\u017c remedium na wszystkie bol\u0105czki Niemiec i UE b\u0119dzie \u201ewi\u0119cej Europy w Europie\u201d. Innymi s\u0142owy szefowa niemieckiego rz\u0105du opowiedzia\u0142a si\u0119 za oddelegowaniem przez rz\u0105dy krajowe wi\u0119kszej w\u0142adzy do instytucji unijnych. W dwudziestominutowym przem\u00f3wieniu wyg\u0142oszonym w Bundestagu Merkel skupi\u0142a si\u0119 na [&hellip;]","protected":false},"author":1,"featured_media":0,"comment_status":"closed","ping_status":"closed","sticky":false,"template":"","format":"standard","meta":{"_acf_changed":false,"_monsterinsights_skip_tracking":false,"_monsterinsights_sitenote_active":false,"_monsterinsights_sitenote_note":"","_monsterinsights_sitenote_category":0,"ngg_post_thumbnail":0,"footnotes":"","_wp_rev_ctl_limit":""},"categories":[6],"tags":[166,23],"acf":[],"_links":{"self":[{"href":"https:\/\/www.bibula.com\/index.php?rest_route=\/wp\/v2\/posts\/72262"}],"collection":[{"href":"https:\/\/www.bibula.com\/index.php?rest_route=\/wp\/v2\/posts"}],"about":[{"href":"https:\/\/www.bibula.com\/index.php?rest_route=\/wp\/v2\/types\/post"}],"author":[{"embeddable":true,"href":"https:\/\/www.bibula.com\/index.php?rest_route=\/wp\/v2\/users\/1"}],"replies":[{"embeddable":true,"href":"https:\/\/www.bibula.com\/index.php?rest_route=%2Fwp%2Fv2%2Fcomments&post=72262"}],"version-history":[{"count":0,"href":"https:\/\/www.bibula.com\/index.php?rest_route=\/wp\/v2\/posts\/72262\/revisions"}],"wp:attachment":[{"href":"https:\/\/www.bibula.com\/index.php?rest_route=%2Fwp%2Fv2%2Fmedia&parent=72262"}],"wp:term":[{"taxonomy":"category","embeddable":true,"href":"https:\/\/www.bibula.com\/index.php?rest_route=%2Fwp%2Fv2%2Fcategories&post=72262"},{"taxonomy":"post_tag","embeddable":true,"href":"https:\/\/www.bibula.com\/index.php?rest_route=%2Fwp%2Fv2%2Ftags&post=72262"}],"curies":[{"name":"wp","href":"https:\/\/api.w.org\/{rel}","templated":true}]}}