{"id":7226,"date":"2009-03-02T12:09:46","date_gmt":"2009-03-02T17:09:46","guid":{"rendered":"http:\/\/www.bibula.com\/?p=7226"},"modified":"2009-03-02T12:31:37","modified_gmt":"2009-03-02T17:31:37","slug":"glowny-rabinat-europy-asymilacja-wiekszym-problemem-niz-terroryzm-antysemityzm","status":"publish","type":"post","link":"https:\/\/www.bibula.com\/?p=7226","title":{"rendered":"G\u0142\u00f3wny Rabinat Europy: Asymilacja wi\u0119kszym problemem ni\u017c terroryzm, antysemityzm"},"content":{"rendered":"<p>G\u0142\u00f3wny Rabinat Europy obraduj\u0105c 2 marca br. w Pary\u017cu o\u015bwiadczy\u0142, \u017ce najwi\u0119kszym obecnie niebezpiecze\u0144stwem zagra\u017caj\u0105cym diasporze \u017cydowskiej, nie jest terroryzm ani nawet antysemityzm, lecz &#8222;problem asymilacji&#8221;.<\/p>\r\n\r\n<p>W\u00a0spotkaniu Rabinatu <span class=\"lead\"><span><span>europejskiego (<em>Rabbinical Center of Europe&#8217;s <span class=\"IL_SPAN\"><input name=\"IL_MARKER\" type=\"hidden\" \/>Rabbinical<\/span> Authority<\/em>), <\/span><\/span><\/span><span class=\"lead\"><span class=\"lead\"><span class=\"lead\"><span><span>zbieraj\u0105cym si\u0119 co 6 miesi\u0119cy<\/span><\/span><\/span><\/span><\/span><span class=\"lead\"><span><span>, uczestniczy\u0142o ponad 300 rabin\u00f3w<em> <\/em>z ca\u0142ej Europy. Ju\u017c podczas przedostatniego spotkania we wrze\u015bniu ubieg\u0142ego roku, obraduj\u0105cy rabini stwierdzili, \u017ce &#8222;asymilacja ju\u017c teraz wyko\u0144czy\u0142a wiele \u017cydowskich spo\u0142eczno\u015bci, a waga tego problemu przewy\u017csza zar\u00f3wno zagro\u017cenie antysemityzmem jak i terroryzmem&#8221; &#8211; podaje izraelska agencja <em>JPost<\/em>.<\/span><\/span><\/span><\/p>\r\n\r\n<p>Poziom asymilacji w Europie przekroczy\u0142 ju\u017c 50 procent i stanowi &#8222;katastroficzn\u0105 rzeczywisto\u015b\u0107&#8221; &#8211; powiedzia\u0142 rzecznik Rabinatu, Asher Gold. Rabinat zamierza rozszerzy\u0107 dyskusj\u0119 z innymi rabinami na temat &#8222;znaczenia i utrzymania \u017cydowskiej rodziny&#8221;.<\/p>\r\n\r\n<p>Najwi\u0119kszy poziom asymilacji, zdaniem Ashera Golda, ma miejsce w Angli i Niemczech, gdzie &#8222;w ostatnich latach utracono ponad 60 procent swojej \u017cydowskiej populacji.&#8221;<\/p>\r\n\r\n<p>Rabini s\u0105 jednak optymistycznie nastawieni wyra\u017caj\u0105c nadziej\u0119, \u017ce &#8222;s\u0105 sposoby na zatrzymanie procesu asymilacji i przywr\u00f3cenie ludzi do judaizmu&#8221;. Ten problem \u015brodowisk \u017cydowskich ma by\u0107 za\u0142atwiony &#8222;r\u0119kami europejskich rabin\u00f3w, kt\u00f3rzy &#8211; w odr\u00f3\u017cnieniu od Izraela &#8211; maj\u0105 nie tylko autorytet nauczania Tory, ale r\u00f3wnie\u017c s\u0105 przyw\u00f3dcami \u015brodowisk \u017cydowskich.&#8221; &#8211; twierdzi Gold.<\/p>\r\n\r\n<p class=\"zrodlo\">Opracowanie: <em>Bibula Information Service<\/em> (B.I.S.) na podstawie <a href=\"http:\/\/www.jpost.com\/servlet\/Satellite?cid=1235898317886&amp;pagename=JPost%2FJPArticle%2FShowFull\" target=\"_blank\">JPost<\/a><\/p>","protected":false},"excerpt":{"rendered":"G\u0142\u00f3wny Rabinat Europy obraduj\u0105c 2 marca br. w Pary\u017cu o\u015bwiadczy\u0142, \u017ce najwi\u0119kszym obecnie niebezpiecze\u0144stwem zagra\u017caj\u0105cym diasporze \u017cydowskiej, nie jest terroryzm ani nawet antysemityzm, lecz &#8222;problem asymilacji&#8221;. W\u00a0spotkaniu Rabinatu europejskiego (Rabbinical Center of Europe&#8217;s Rabbinical Authority), zbieraj\u0105cym si\u0119 co 6 miesi\u0119cy, uczestniczy\u0142o ponad 300 rabin\u00f3w z ca\u0142ej Europy. Ju\u017c podczas przedostatniego spotkania we wrze\u015bniu ubieg\u0142ego roku, [&hellip;]","protected":false},"author":1,"featured_media":0,"comment_status":"closed","ping_status":"closed","sticky":false,"template":"","format":"standard","meta":{"_acf_changed":false,"_monsterinsights_skip_tracking":false,"_monsterinsights_sitenote_active":false,"_monsterinsights_sitenote_note":"","_monsterinsights_sitenote_category":0,"ngg_post_thumbnail":0,"footnotes":"","_wp_rev_ctl_limit":""},"categories":[6],"tags":[18],"acf":[],"_links":{"self":[{"href":"https:\/\/www.bibula.com\/index.php?rest_route=\/wp\/v2\/posts\/7226"}],"collection":[{"href":"https:\/\/www.bibula.com\/index.php?rest_route=\/wp\/v2\/posts"}],"about":[{"href":"https:\/\/www.bibula.com\/index.php?rest_route=\/wp\/v2\/types\/post"}],"author":[{"embeddable":true,"href":"https:\/\/www.bibula.com\/index.php?rest_route=\/wp\/v2\/users\/1"}],"replies":[{"embeddable":true,"href":"https:\/\/www.bibula.com\/index.php?rest_route=%2Fwp%2Fv2%2Fcomments&post=7226"}],"version-history":[{"count":0,"href":"https:\/\/www.bibula.com\/index.php?rest_route=\/wp\/v2\/posts\/7226\/revisions"}],"wp:attachment":[{"href":"https:\/\/www.bibula.com\/index.php?rest_route=%2Fwp%2Fv2%2Fmedia&parent=7226"}],"wp:term":[{"taxonomy":"category","embeddable":true,"href":"https:\/\/www.bibula.com\/index.php?rest_route=%2Fwp%2Fv2%2Fcategories&post=7226"},{"taxonomy":"post_tag","embeddable":true,"href":"https:\/\/www.bibula.com\/index.php?rest_route=%2Fwp%2Fv2%2Ftags&post=7226"}],"curies":[{"name":"wp","href":"https:\/\/api.w.org\/{rel}","templated":true}]}}