{"id":72226,"date":"2013-12-19T09:30:02","date_gmt":"2013-12-19T14:30:02","guid":{"rendered":"http:\/\/www.bibula.com\/?p=72226"},"modified":"2013-12-19T09:17:37","modified_gmt":"2013-12-19T14:17:37","slug":"enigma-na-bruku","status":"publish","type":"post","link":"https:\/\/www.bibula.com\/?p=72226","title":{"rendered":"Enigma na bruku"},"content":{"rendered":"<p><strong>Warszawskiemu Muzeum Techniki i Przemys\u0142u grozi likwidacja.<\/strong><\/p>\r\n<p>Naczelna Organizacja Techniczna, w\u0142a\u015bciciel muzeum, chce, by plac\u00f3wk\u0119 finansowa\u0142 bud\u017cet pa\u0144stwa. W przeciwnym wypadku zostanie zamkni\u0119ta.<\/p>\r\n<p><img decoding=\"async\" class=\"alignleft\" style=\"margin: 10px;\" alt=\"\" src=\"http:\/\/m3.naszdziennik.pl\/z\/450,253,8b658aaa7775d80fb1d3cdc66da38f2528ee56ec.jpg\" width=\"232\" height=\"130\" align=\"left\" \/>Muzeum Techniki istnieje od 1955 r., gromadzi i przechowuje unikalne zbiory. W\u015br\u00f3d eksponat\u00f3w s\u0105 m.in. maszyna szyfruj\u0105ca Enigma, lotnia Lilienthala czy ford T.<\/p>\r\n<p>Od dw\u00f3ch lat plac\u00f3wka nie ma pieni\u0119dzy na utrzymanie. W ubieg\u0142ym roku od stycznia do maja pracownikom nie wyp\u0142acano pensji, brakowa\u0142o na czynsz i sta\u0142e op\u0142aty.<\/p>\r\n<p>&#8211; Wyst\u0105pili\u015bmy na przysz\u0142y rok o pewne \u015brodki z ministerstwa nauki. Nie wiem, czy zosta\u0142y ostatecznie przyznane &#8211; m\u00f3wi in\u017c. Jerzy Jasiuk, kt\u00f3ry do pa\u017adziernika by\u0142 dyrektorem muzeum.<\/p>\r\n<p>Swojemu nast\u0119pcy, dr. hab. Edwardowi Malakowi, przekaza\u0142 gruby plik korespondencji mi\u0119dzy muzeum a NOT.<\/p>\r\n<p>&#8211; Pan in\u017cynier Jacek Kubielski [sekretarz generalny NOT &#8211; red.] ma do mnie jakie\u015b \u017cale, nie wiem dlaczego. Widocznie dlatego, \u017ce upomina\u0142em si\u0119 o kolosalny d\u0142ug, jaki ma federacja NOT w stosunku do muzeum, to prawie 1 mln z\u0142otych. Rozumiem, \u017ce NOT jest w ci\u0119\u017ckiej sytuacji finansowej, ale powinna wywi\u0105zywa\u0107 si\u0119 ze swych obowi\u0105zk\u00f3w &#8211; m\u00f3wi Jasiuk.<\/p>\r\n<p>D\u0142ug ur\u00f3s\u0142. Muzeum, mimo \u017ce przys\u0142uguje mu zwrot VAT, nie dostawa\u0142o go regularnie.<\/p>\r\n<p>&#8211; Nawet w tym roku nie wszystkie pieni\u0105dze NOT nam przekaza\u0142a. Zatrzymywa\u0142a r\u00f3wnie\u017c w tym roku dotacj\u0119 z ministerstwa nauki, co powa\u017cnie utrudnia\u0142o prac\u0119 &#8211; t\u0142umaczy Jasiuk.<\/p>\r\n<p>Nowy szef muzeum Edward Malak zwraca uwag\u0119 na fakt, \u017ce muzeum nie otrzymuje sta\u0142ych dotacji pa\u0144stwowych. Przyznawanie \u015brodk\u00f3w odbywa si\u0119 w trybie nadzwyczajnym, co przekre\u015bla szanse na normaln\u0105 prac\u0119.<\/p>\r\n<p>&#8211; Ten stan grozi rozsypaniem do\u015bwiadczonego zespo\u0142u prowadz\u0105cego muzeum oraz rozproszeniem i cz\u0119\u015bciow\u0105 deklasacj\u0105 zbior\u00f3w, co mia\u0142o ju\u017c miejsce po likwidacji oddzia\u0142u motoryzacyjnego w dawnej fabryce Norblina &#8211; przypomina.<\/p>\r\n<p>&#8211; Teraz sytuacja si\u0119 powtarza. Brakuje pieni\u0119dzy na ZUS, podatki, czynsze, pensje &#8211; wylicza Malak. &#8211; Dzi\u015b ministrowie nie maj\u0105 w\u0142a\u015bciwie jednoznacznego przepisu, kt\u00f3ry pozwala nas zasila\u0107. Powinno wi\u0119c doj\u015b\u0107 do ustanowienia jakiego\u015b nowego uregulowania prawnego. Ale najpierw musimy dosta\u0107 zastrzyk na prze\u017cycie &#8211; dodaje dyrektor.<\/p>\r\n<p><strong>Ustawa odcina dotacje<\/strong><\/p>\r\n<p>Wcze\u015bniej Muzeum Techniki finansowane by\u0142o z bud\u017cetu pa\u0144stwa. K\u0142opoty zacz\u0119\u0142y si\u0119 ponad dwa lata temu razem z nowel\u0105 ustawy o finansowaniu nauki i minister Barbar\u0105 Kudryck\u0105, kt\u00f3ra wstrzyma\u0142a dotacje.<\/p>\r\n<p>&#8211; Ministerstwo by\u0142o jedynie sk\u0142onne finansowa\u0107 konkretne przedsi\u0119wzi\u0119cia typu wystawy czy inne zwi\u0105zane z popularyzacj\u0105 nauki i edukacji m\u0142odych ludzi od strony innowacyjno\u015bci techniki &#8211; podkre\u015bla Jacek Kubielski, sekretarz generalny NOT. Wyja\u015bnia, \u017ce NOT jako organizacja spo\u0142eczna nie ma wystarczaj\u0105cych \u017ar\u00f3de\u0142 finansowania, by m\u00f3c utrzyma\u0107 muzeum.<\/p>\r\n<p>&#8211; Ochrona dziedzictwa historycznego nale\u017cy do obowi\u0105zk\u00f3w pa\u0144stwa, a nie tego typu organizacji jak NOT &#8211; zastrzega Kubielski. Jak t\u0142umaczy, Muzeum Techniki nie jest instytucj\u0105 prywatn\u0105, tylko spo\u0142eczn\u0105, maj\u0105c\u0105 przedwojenne tradycje.<\/p>\r\n<p>&#8211; Muzeum Techniki, centralna taka plac\u00f3wka w Polsce, powinno by\u0107 otoczone opiek\u0105 pa\u0144stwow\u0105 &#8211; przekonuje Jerzy Jasiuk.<\/p>\r\n<p>&#8211; Ministerstwo kultury zajmuje si\u0119 dzi\u015b g\u0142\u00f3wnie Muzeum Sztuki Nowoczesnej. Resort nie popar\u0142 stara\u0144, by Muzeum Techniki zyska\u0142o status muzeum narodowego, tylko stale si\u0119 t\u0142umaczy, \u017ce nie mo\u017ce go dotowa\u0107, bo jest to muzeum prywatne. A to nieprawda, przecie\u017c ludzie ofiarowuj\u0105 tu swoje eksponaty nie do prywatnego muzeum, lecz pa\u0144stwowego &#8211; wskazuje nasz rozm\u00f3wca.<\/p>\r\n<p>Mimo powa\u017cnych trudno\u015bci muzeum nie przerwa\u0142o prac zwi\u0105zanych z modernizacj\u0105 plac\u00f3wki, uporz\u0105dkowaniem zbior\u00f3w, organizowane s\u0105 te\u017c nowe wystawy. NOT zabiega o pozyskanie funduszy z puli unowocze\u015bnienia prezentacji zasob\u00f3w muzealnych (m.in. zastosowanie technik informatycznych, wirtualnych, dost\u0119pu do zasob\u00f3w drog\u0105 internetow\u0105). Sukces listopadowego Festiwalu Robot\u00f3w Cyberiada, kt\u00f3ry cieszy\u0142 si\u0119 ogromn\u0105 popularno\u015bci\u0105, pokaza\u0142, \u017ce muzeum jest atrakcyjnym punktem na kulturowej mapie stolicy.<\/p>\r\n<p>Pieni\u0105dze z bilet\u00f3w i odp\u0142atnych imprez nie wystarcz\u0105 jednak na jego utrzymanie. By zaradzi\u0107 problemom, plac\u00f3wka z\u0142o\u017cy\u0142a wniosek do ministerstwa nauki o dofinansowanie dzia\u0142alno\u015bci w 2014 roku. Nie wiadomo jeszcze, jaka b\u0119dzie decyzja resortu.<\/p>\r\n<p>&#8211; Czekamy z dr\u017ceniem serca w obawie, \u017ce mo\u017ce zaistnie\u0107 jaki\u015b kolejny problem -m\u00f3wi Jacek Kubielski.<\/p>\r\n<p><strong>Piechoci\u0144ski nie pomo\u017ce<\/strong><\/p>\r\n<p>Prezes NOT Ewa Ma\u0144kiewicz-Cudny planuje w najbli\u017cszym czasie spotkanie z now\u0105 minister nauki Len\u0105 Kolarsk\u0105-Bobi\u0144sk\u0105. Trwaj\u0105 tak\u017ce rozmowy NOT z przedstawicielami zespo\u0142u, kt\u00f3ry opiniuje w resorcie wnioski o dotacje. Organizacja zabiega te\u017c o wsparcie u ministra gospodarki Janusza Piechoci\u0144skiego.<\/p>\r\n<p>&#8211; Jest ustawa, kt\u00f3ra m\u00f3wi o finansowaniu szczeg\u00f3lnych obiekt\u00f3w, w tym r\u00f3wnie\u017c muzealnych, b\u0119d\u0105cych w gestii ministra gospodarki &#8211; t\u0142umaczy Kubielski. NOT nie mia\u0142aby nic przeciwko temu, by zmieni\u0142 si\u0119 status Muzeum Techniki i Przemys\u0142u na plac\u00f3wk\u0119 o charakterze narodowym.<\/p>\r\n<p>&#8211; Nie ma muzeum, kt\u00f3re samo z siebie si\u0119 utrzyma, kto\u015b musi je dotowa\u0107. Od tamtego roku, gdy pojawi\u0142y si\u0119 dramatyczne apele, aby ratowa\u0107 nasz\u0105 plac\u00f3wk\u0119 przed likwidacj\u0105, nic si\u0119 nie zmieni\u0142o opr\u00f3cz przyznania wtedy przez ministerstwo nauki dotacji, kt\u00f3ra stanowi 80 proc. bud\u017cetu muzeum.<\/p>\r\n<p>&#8211; W ubieg\u0142ym roku przyznaniu dotacji towarzyszy\u0142a jednak kampania medialna prowadzona przede wszystkim przez \u201eNasz Dziennik\u201d &#8211; zaznacza Andrzej Berezowski, kierownik Dzia\u0142u Ochrony Zabytk\u00f3w Techniki w Muzeum Techniki i Przemys\u0142u.<\/p>\r\n<p>\u201eNasz Dziennik\u201d zapyta\u0142 Ministerstwo Gospodarki, czy wesprze bud\u017cet Muzeum Techniki i Przemys\u0142u.<\/p>\r\n<p>Jak si\u0119 okazuje, cho\u0107 oficjalnie rz\u0105d m\u00f3wi o ko\u0144cu kryzysu, to w tej sprawie w\u0142a\u015bnie na ten argument si\u0119 powo\u0142uje.<\/p>\r\n<p>&#8211; W projekcie bud\u017cetu ministra gospodarki na rok 2014, w zwi\u0105zku z limitem \u015brodk\u00f3w, jakim mo\u017ce dysponowa\u0107 minister, nie mog\u0142y by\u0107 zaplanowane \u017cadne kwoty na dofinansowanie Muzeum Techniki i Przemys\u0142u &#8211; informuje Iwona D\u017cyga\u0142a, kierownik Departamentu Komunikacji Spo\u0142ecznej Ministerstwa Gospodarki.<\/p>\r\n<p>Jak przyznaje, NOT zwr\u00f3ci\u0142a si\u0119 do resortu z pytaniem o mo\u017cliwo\u015b\u0107 finansowania muzeum, jednak ka\u017cdy z rozpatrywanych wariant\u00f3w wymaga\u0142by zaanga\u017cowania nie mniejszego ni\u017c kilka milion\u00f3w z\u0142otych (ponad 4,5 mln z\u0142).<\/p>\r\n<p>Z pytaniem o dofinansowanie muzeum \u201eNasz Dziennik\u201d zwr\u00f3ci\u0142 si\u0119 te\u017c do ministerstwa nauki. Na odpowied\u017a czekamy.<\/p>\r\n<p>Dyrektor Malak o rekonstrukcji swojej plac\u00f3wki rozmawia\u0142 ju\u017c z pos\u0142ami. Chcia\u0142by, \u017ceby nad problemem pochyli\u0142a si\u0119 specjalna podkomisja. &#8211; Wybieram si\u0119 na rozmow\u0119 do MNiSW i prezesa jednego z wielkich bank\u00f3w. Pertraktacje trwaj\u0105 &#8211; zapewnia Edward Malak.<\/p>\r\n<p id=\"article-author\"><strong><em>Piotr Czartoryski-Sziler<\/em><\/strong><\/p>","protected":false},"excerpt":{"rendered":"Warszawskiemu Muzeum Techniki i Przemys\u0142u grozi likwidacja. Naczelna Organizacja Techniczna, w\u0142a\u015bciciel muzeum, chce, by plac\u00f3wk\u0119 finansowa\u0142 bud\u017cet pa\u0144stwa. W przeciwnym wypadku zostanie zamkni\u0119ta. Muzeum Techniki istnieje od 1955 r., gromadzi i przechowuje unikalne zbiory. W\u015br\u00f3d eksponat\u00f3w s\u0105 m.in. maszyna szyfruj\u0105ca Enigma, lotnia Lilienthala czy ford T. Od dw\u00f3ch lat plac\u00f3wka nie ma pieni\u0119dzy na utrzymanie. [&hellip;]","protected":false},"author":1,"featured_media":0,"comment_status":"closed","ping_status":"closed","sticky":false,"template":"","format":"standard","meta":{"_acf_changed":false,"_monsterinsights_skip_tracking":false,"_monsterinsights_sitenote_active":false,"_monsterinsights_sitenote_note":"","_monsterinsights_sitenote_category":0,"ngg_post_thumbnail":0,"footnotes":"","_wp_rev_ctl_limit":""},"categories":[8],"tags":[125,92],"acf":[],"_links":{"self":[{"href":"https:\/\/www.bibula.com\/index.php?rest_route=\/wp\/v2\/posts\/72226"}],"collection":[{"href":"https:\/\/www.bibula.com\/index.php?rest_route=\/wp\/v2\/posts"}],"about":[{"href":"https:\/\/www.bibula.com\/index.php?rest_route=\/wp\/v2\/types\/post"}],"author":[{"embeddable":true,"href":"https:\/\/www.bibula.com\/index.php?rest_route=\/wp\/v2\/users\/1"}],"replies":[{"embeddable":true,"href":"https:\/\/www.bibula.com\/index.php?rest_route=%2Fwp%2Fv2%2Fcomments&post=72226"}],"version-history":[{"count":0,"href":"https:\/\/www.bibula.com\/index.php?rest_route=\/wp\/v2\/posts\/72226\/revisions"}],"wp:attachment":[{"href":"https:\/\/www.bibula.com\/index.php?rest_route=%2Fwp%2Fv2%2Fmedia&parent=72226"}],"wp:term":[{"taxonomy":"category","embeddable":true,"href":"https:\/\/www.bibula.com\/index.php?rest_route=%2Fwp%2Fv2%2Fcategories&post=72226"},{"taxonomy":"post_tag","embeddable":true,"href":"https:\/\/www.bibula.com\/index.php?rest_route=%2Fwp%2Fv2%2Ftags&post=72226"}],"curies":[{"name":"wp","href":"https:\/\/api.w.org\/{rel}","templated":true}]}}