{"id":71896,"date":"2013-12-06T14:04:47","date_gmt":"2013-12-06T19:04:47","guid":{"rendered":"http:\/\/www.bibula.com\/?p=71896"},"modified":"2013-12-06T14:04:47","modified_gmt":"2013-12-06T19:04:47","slug":"polonia-rzadowi-zawadza","status":"publish","type":"post","link":"https:\/\/www.bibula.com\/?p=71896","title":{"rendered":"Polonia rz\u0105dowi zawadza"},"content":{"rendered":"<p><strong>Polonia pod rz\u0105dami koalicji Platformy z Polskim Stronnictwem Ludowym i premiera Donalda Tuska ma si\u0119 dobrze. Wszak szef rz\u0105du to patriota, wi\u0119c jak na prawdziwego patriot\u0119 przysta\u0142o, zmniejsza dla niej pomoc finansow\u0105.<\/strong><\/p>\r\n<p>Do 2012 roku funduszami przeznaczonymi na wparcie organizacji polonijnych zarz\u0105dza\u0142 senat. Po tym jak sejm g\u0142osami koalicji rz\u0105dz\u0105cej scedowa\u0142 to uprawnienie na Ministerstwo Spraw Zagranicznych rozpocz\u0119\u0142a si\u0119 walka rz\u0105du z Poloni\u0105. Tym bardziej pod\u0142a, mo\u017cna j\u0105 nazwa\u0107 wewn\u0119trznym antypolonizmem, \u017ce obcinanie funduszy, szczeg\u00f3lnie dla naszej spo\u0142eczno\u015bci za wschodni\u0105 granic\u0105, jest r\u00f3wnoznaczne z likwidacj\u0105 tam szeroko rozumianej polsko\u015bci. Jak m\u00f3wi\u0142 \u201eNaszemu Dziennikowi\u201d Antoni Jankowski, prezes Polskiego Uniwersytetu Trzeciego Wieku w Solecznikach na Litwie i cz\u0142onek Zwi\u0105zku Polak\u00f3w na Litwie: \u201ePrawa mniejszo\u015bci polskiej s\u0105 wci\u0105\u017c \u0142amane &#8211; nie mamy prawa u\u017cywa\u0107 j\u0119zyka polskiego w urz\u0119dach, w dokumentach. Zamykane s\u0105 polskie szko\u0142y. (\u2026) Je\u015bli chodzi o dotacje dla pism wydawanych w j\u0119zyku polskim, to zosta\u0142y one w znacznym stopniu zmniejszone. Przyk\u0142adem jest codzienna gazeta \u201eKurier Wile\u0144ski\u201d. Ci\u0119cia dotkn\u0119\u0142y te\u017c sfery kultury, np. je\u015bli chodzi o utrzymywanie polskich zespo\u0142\u00f3w, czy o\u015bwiaty. Stracili\u015bmy to, co do tej pory mieli\u015bmy, jak wyjazd polskich dzieci na wakacyjny wypoczynek do Polski\u201d.<\/p>\r\n<p>Mo\u017cna do tego spisu doda\u0107 jeszcze np. zlikwidowanie w wyniku og\u0142oszonego w pa\u017adzierniku 2012 roku konkursu MSZ o szumnej nazwie \u201eWsp\u00f3\u0142praca z Poloni\u0105 i Polakami za granic\u0105 w 2013 roku\u201d dotacji na podmioty, kt\u00f3re od lat wspieraj\u0105 Polak\u00f3w na Wschodzie. Resort Sikorskiego za niegodne odpowiedniego wsparcia uzna\u0142 np. Fundacj\u0119 na rzecz Pomocy Dzieciom z Grodzie\u0144szczyzny wysy\u0142aj\u0105c\u0105 co roku ponad 2 tys. paczek dla polskich dzieci na Bia\u0142orusi, Stowarzyszenie Odra-Niemen, wspieraj\u0105ce polskich kombatant\u00f3w z Kres\u00f3w. Fundacja Pomoc Polakom na Wschodzie nie otrzyma\u0142a dotacji dla 120 sobotnich szk\u00f3\u0142 j\u0119zyka polskiego na Ukrainie, ci\u0119cia dotkn\u0119\u0142y te\u017c Wsp\u00f3lnot\u0119 Polsk\u0105. Jeste\u015bmy w domu i wiemy dlaczego za Tuska polskie cmentarze na Wschodzie, m.in. Rossa i Cmentarz Orl\u0105t, nie m\u00f3wi\u0105c ju\u017c o miejscach poch\u00f3wku ofiar rzezi dokonywanych przez bandy OUN-UPA, porastaj\u0105 chwastami i popadaj\u0105 w ruin\u0119. I pewnie nie pozosta\u0142by ju\u017c z nich kamie\u0144 na kamieniu, gdyby nie zapale\u0144cy, tacy jak Spo\u0142eczny Komitet \u201ePoznaniacy Rossie\u201d, pose\u0142 Artur G\u00f3rski z PiS i wielu, wielu innych\u2026<\/p>\r\n<p>Dla nowej polityki historycznej budowanej w stachanowskim tempie przez PO ksenofobiczne jest przypominanie o polskim m\u0119cze\u0144stwie podczas II wojny \u015bwiatowej. Wiadomo, Polak to antysemita z no\u017cem w z\u0119bach i nic wi\u0119cej. Ostatnio Tusk wi\u0119c odm\u00f3wi\u0142 wsparcia dla projektu budowy Muzeum Martyrologii Narodu Polskiego w Zamo\u015bciu, maj\u0105cego upami\u0119tnia\u0107 wyp\u0119dzenia z Zamojszczyzny oraz m.in. represje na Wo\u0142yniu i Kresach Wschodnich. Projekt, prowadzony jest od 2009 roku przez Fundacj\u0119 Centrum Wysiedlonych na Zamojszczy\u017anie, organizacje kombatanckie, Stowarzyszenie Internowanych Zamojszczyzny, Rad\u0119 Ruch\u00f3w i Stowarzysze\u0144 Katolickich, \u015awiatowy Zwi\u0105zek \u0179o\u0142nierzy Armii Krajowej Oddzia\u0142 Zamo\u015b\u0107. Fundusze gromadzone s\u0105 z \u201ecegie\u0142ek\u201d. Akcj\u0119 popar\u0142y te\u017c w\u0142adze lokalne. Gdy jednak inicjatorzy zwr\u00f3cili si\u0119 w grudniu 2010 roku do premiera Tuska o wsparcie finansowe, us\u0142yszeli, \u017ce nie ma pieni\u0119dzy, a na p\u00f3\u017aniejszy list do szefa rz\u0105du oraz do ministra kultury nie dostali nawet odpowiedzi. 358 milion\u00f3w z\u0142otych znalaz\u0142o si\u0119 natomiast w dwa tygodnie po pierwszym apelu, na dofinansowanie budowy Muzeum II Wojny \u015awiatowej w Gda\u0144sku. Rz\u0105d wiedzia\u0142 co robi, gdy\u017c jest ono, w przeciwie\u0144stwie do inicjatywy zamojskiej, i europejskie i s\u0142uszne. A co najwa\u017cniejsze, jest poprawnie politycznie, czyli w duchu propagandy niemieckiej. Z koncepcji plac\u00f3wki wynika, o czym pisa\u0142a w 2008 roku senator PiS Dorota Arciszewska-Mielewczyk, i\u017c zr\u00f3wnuje ona wysiedlenia Polak\u00f3w z Zamojszczyzny z ucieczk\u0105 Niemc\u00f3w z teren\u00f3w okupowanej Polski w 1945 roku. A o to w\u0142a\u015bnie przez wiele lat walczy\u0142a Erika Steinbach, szefowa Zwi\u0105zku Wyp\u0119dzonych i tego symbolem sta\u0142o si\u0119 berli\u0144skie Centrum Przeciw Wyp\u0119dzeniom.<\/p>\r\n<p>Mo\u017cna o Donaldzie Tusku i rz\u0105dzie m\u00f3wi\u0107, \u017ce s\u0105 gdzie\u015b niekonsekwentni, ale na pewno nie w przypadku pomocy dla naszych rodak\u00f3w, zw\u0142aszcza na Wschodzie. \u201eKurier Chicago\u201d w artykule Krystyny Godowskiej pt. \u201eGdzie utkn\u0119\u0142y pieni\u0105dze dla Polonii\u201d poinformowa\u0142 o wypowiedzi ministra Sikorskiego, \u017ce jego resort nie zamierza \u0142o\u017cy\u0107 pieni\u0119dzy na Polak\u00f3w za granic\u0105, poniewa\u017c nie p\u0142ac\u0105 oni podatk\u00f3w w kraju pochodzenia. Jak powiedzia\u0142, tak robi.<\/p>\r\n<p><strong><em>Piotr Jakucki<\/em><\/strong><\/p>","protected":false},"excerpt":{"rendered":"Polonia pod rz\u0105dami koalicji Platformy z Polskim Stronnictwem Ludowym i premiera Donalda Tuska ma si\u0119 dobrze. Wszak szef rz\u0105du to patriota, wi\u0119c jak na prawdziwego patriot\u0119 przysta\u0142o, zmniejsza dla niej pomoc finansow\u0105. Do 2012 roku funduszami przeznaczonymi na wparcie organizacji polonijnych zarz\u0105dza\u0142 senat. Po tym jak sejm g\u0142osami koalicji rz\u0105dz\u0105cej scedowa\u0142 to uprawnienie na Ministerstwo [&hellip;]","protected":false},"author":1,"featured_media":0,"comment_status":"closed","ping_status":"closed","sticky":false,"template":"","format":"standard","meta":{"_acf_changed":false,"_monsterinsights_skip_tracking":false,"_monsterinsights_sitenote_active":false,"_monsterinsights_sitenote_note":"","_monsterinsights_sitenote_category":0,"ngg_post_thumbnail":0,"footnotes":"","_wp_rev_ctl_limit":""},"categories":[129],"tags":[92],"acf":[],"_links":{"self":[{"href":"https:\/\/www.bibula.com\/index.php?rest_route=\/wp\/v2\/posts\/71896"}],"collection":[{"href":"https:\/\/www.bibula.com\/index.php?rest_route=\/wp\/v2\/posts"}],"about":[{"href":"https:\/\/www.bibula.com\/index.php?rest_route=\/wp\/v2\/types\/post"}],"author":[{"embeddable":true,"href":"https:\/\/www.bibula.com\/index.php?rest_route=\/wp\/v2\/users\/1"}],"replies":[{"embeddable":true,"href":"https:\/\/www.bibula.com\/index.php?rest_route=%2Fwp%2Fv2%2Fcomments&post=71896"}],"version-history":[{"count":0,"href":"https:\/\/www.bibula.com\/index.php?rest_route=\/wp\/v2\/posts\/71896\/revisions"}],"wp:attachment":[{"href":"https:\/\/www.bibula.com\/index.php?rest_route=%2Fwp%2Fv2%2Fmedia&parent=71896"}],"wp:term":[{"taxonomy":"category","embeddable":true,"href":"https:\/\/www.bibula.com\/index.php?rest_route=%2Fwp%2Fv2%2Fcategories&post=71896"},{"taxonomy":"post_tag","embeddable":true,"href":"https:\/\/www.bibula.com\/index.php?rest_route=%2Fwp%2Fv2%2Ftags&post=71896"}],"curies":[{"name":"wp","href":"https:\/\/api.w.org\/{rel}","templated":true}]}}